{"id":3784,"date":"2024-06-08T13:27:59","date_gmt":"2024-06-08T13:27:59","guid":{"rendered":"https:\/\/parafiakrzyzowa.pl\/?p=3784"},"modified":"2024-06-08T13:28:10","modified_gmt":"2024-06-08T13:28:10","slug":"3784","status":"publish","type":"post","link":"https:\/\/parafiakrzyzowa.pl\/?p=3784","title":{"rendered":""},"content":{"rendered":"<p>&nbsp;<\/p>\n<p>Krzy\u017cowa 9.VI. 2024r.<\/p>\n<p>&nbsp;<\/p>\n<p>&nbsp;<\/p>\n<p><strong><u>X NIEDZIELA ZWYK\u0141A<\/u><\/strong><\/p>\n<p>&nbsp;<\/p>\n<p>&nbsp;<\/p>\n<p>&nbsp;<\/p>\n<p>Dzisiaj w naszej rodzinie parafialnej prze\u017cywamy odpust ku czci Niepokalanego Serc Naj\u015bwi\u0119tszej Maryi Panny. Dzisiaj Matce Naj\u015bwi\u0119tszej dzi\u0119kujemy za Jej opiek\u0119 nad nami . Tej opieki do\u015bwiadczamy ka\u017cdego dnia .\u00a0 Bardzo serdecznie witam O. Innocentego za g\u0142oszenie kaza\u0144 przez ca\u0142\u0105 dzisiejsz\u0105 niedziel\u0119 i za sprawowanie sumy odpustowej za nasz\u0105 parafi\u0119. Dzi\u0119kuje wszystkim ksi\u0119\u017com naszego dekanatu za obecno\u015b\u0107 na naszej uroczysto\u015bci . Dzi\u015b w naszym dekanacie s\u0105 odpusty w 3 parafiach.<\/p>\n<p>&nbsp;<\/p>\n<p>Dzi\u0119kuj\u0119 za u\u015bwietnienie mszy \u015bw. odpustowej i procesji wszystkim stra\u017cakom pocztom sztandarowym Ko\u0142om Gospody\u0144 Wiejskich ch\u00f3rowi parafialnemu pod kierownictwem Dominika Hubki dziewczynkom i ch\u0142opcom sypi\u0105cym kwiaty i ca\u0142ej parafii .<\/p>\n<p>&nbsp;<\/p>\n<p>Dzisiaj jeszcze nabo\u017ce\u0144stwo czerwcowe o godz. 17:30 . Bardzo serdecznie zapraszam.<\/p>\n<p>Od jutra msze \u015bw. b\u0119d\u0105 odprawiane w ustalonym porz\u0105dku tzn. we wtorki i czwartki o godz. 7:00.<\/p>\n<p>Po mszy \u015bw. b\u0119dzie zawsze w czerwcu nabo\u017ce\u0144stwo do Naj\u015bwi\u0119tszego Serca Pana Jezusa. Bardzo serdecznie zaprasza na codzienn\u0105 msz\u0119 \u015bw. do naszego ko\u015bcio\u0142a.<\/p>\n<p>&nbsp;<\/p>\n<p>W \u015brod\u0119 przed msz\u0105 \u015bw. r\u00f3\u017caniec za nasz\u0105 Ojczyzn\u0119.<\/p>\n<p>&nbsp;<\/p>\n<p>Dzisiaj\u00a0 wybory do parlamentu Europejskiego. Prosz\u0119 was nie uchylajcie si\u0119 od odpowiedzialno\u015bci za nasz\u0105 Ojczyzn\u0119.<\/p>\n<p>&nbsp;<\/p>\n<p>W najbli\u017csz\u0105 niedziel\u0119\u00a0 Rada Duszpasterska b\u0119dzie zbiera\u0142a ofiary na zbli\u017caj\u0105ce si\u0119 prace przy cmentarzu.<\/p>\n<p>&nbsp;<\/p>\n<p>B\u00f3g zap\u0142a\u0107 za ofiary na syryjsk\u0105 rodzin\u0119 z Aleppo.<\/p>\n<p>&nbsp;<\/p>\n<p>Zach\u0119cam do nabywania prasy katolickiej.<\/p>\n<p>&nbsp;<\/p>\n<p>B\u00f3g zap\u0142a\u0107 za sprz\u0105tanie ko\u015bcio\u0142a w tym tygodniu.\u00a0 Nast\u0119pne sprz\u0105tanie b\u0119dzie w pi\u0105tek po wieczornej mszy \u015bw. Sprz\u0105taj\u0105 Panie: Bogus\u0142awa Niewdana W\u0142adys\u0142aw Niewdana Anna Habdas\u00a0\u00a0\u00a0\u00a0\u00a0\u00a0\u00a0\u00a0\u00a0\u00a0\u00a0\u00a0\u00a0\u00a0\u00a0\u00a0\u00a0 i Jadwiga Michalec. Nie kupujemy kwiat\u00f3w.<\/p>\n<p>&nbsp;<\/p>\n<p>Kalendarz liturgiczny<\/p>\n<p>Wtorek \u2013 wsp. \u015bw. Barnaby aposto\u0142a<\/p>\n<p>Czwartek \u2013 wsp. \u015bw. Antoniego z Padwy prezbitera i Doktora Ko\u015bcio\u0142a<\/p>\n<p>Pi\u0105tek \u2013 wsp. b\u0142. Micha\u0142a Kozala biskupa i m\u0119czennika<\/p>\n<p>&nbsp;<\/p>\n","protected":false},"excerpt":{"rendered":"<p>&nbsp; Krzy\u017cowa 9.VI. 2024r. &nbsp; &nbsp; X NIEDZIELA ZWYK\u0141A &nbsp; &nbsp; &nbsp; Dzisiaj w naszej rodzinie parafialnej prze\u017cywamy odpust ku czci Niepokalanego Serc Naj\u015bwi\u0119tszej Maryi Panny. Dzisiaj Matce Naj\u015bwi\u0119tszej dzi\u0119kujemy za Jej opiek\u0119 nad nami . Tej opieki do\u015bwiadczamy ka\u017cdego dnia .\u00a0 Bardzo serdecznie witam O. Innocentego za g\u0142oszenie kaza\u0144 przez ca\u0142\u0105 dzisiejsz\u0105 niedziel\u0119 i [&hellip;]<\/p>\n","protected":false},"author":0,"featured_media":0,"comment_status":"closed","ping_status":"closed","sticky":false,"template":"","format":"standard","meta":{"ngg_post_thumbnail":0,"footnotes":""},"categories":[3],"tags":[],"class_list":["post-3784","post","type-post","status-publish","format-standard","hentry","category-ogloszenia"],"aioseo_notices":[],"_links":{"self":[{"href":"https:\/\/parafiakrzyzowa.pl\/index.php?rest_route=\/wp\/v2\/posts\/3784","targetHints":{"allow":["GET"]}}],"collection":[{"href":"https:\/\/parafiakrzyzowa.pl\/index.php?rest_route=\/wp\/v2\/posts"}],"about":[{"href":"https:\/\/parafiakrzyzowa.pl\/index.php?rest_route=\/wp\/v2\/types\/post"}],"replies":[{"embeddable":true,"href":"https:\/\/parafiakrzyzowa.pl\/index.php?rest_route=%2Fwp%2Fv2%2Fcomments&post=3784"}],"version-history":[{"count":1,"href":"https:\/\/parafiakrzyzowa.pl\/index.php?rest_route=\/wp\/v2\/posts\/3784\/revisions"}],"predecessor-version":[{"id":3785,"href":"https:\/\/parafiakrzyzowa.pl\/index.php?rest_route=\/wp\/v2\/posts\/3784\/revisions\/3785"}],"wp:attachment":[{"href":"https:\/\/parafiakrzyzowa.pl\/index.php?rest_route=%2Fwp%2Fv2%2Fmedia&parent=3784"}],"wp:term":[{"taxonomy":"category","embeddable":true,"href":"https:\/\/parafiakrzyzowa.pl\/index.php?rest_route=%2Fwp%2Fv2%2Fcategories&post=3784"},{"taxonomy":"post_tag","embeddable":true,"href":"https:\/\/parafiakrzyzowa.pl\/index.php?rest_route=%2Fwp%2Fv2%2Ftags&post=3784"}],"curies":[{"name":"wp","href":"https:\/\/api.w.org\/{rel}","templated":true}]}}