{"id":3790,"date":"2024-06-15T07:30:18","date_gmt":"2024-06-15T07:30:18","guid":{"rendered":"https:\/\/parafiakrzyzowa.pl\/?p=3790"},"modified":"2024-06-15T07:30:24","modified_gmt":"2024-06-15T07:30:24","slug":"3790","status":"publish","type":"post","link":"https:\/\/parafiakrzyzowa.pl\/?p=3790","title":{"rendered":""},"content":{"rendered":"<p>&nbsp;<\/p>\n<p>Krzy\u017cowa 16.VI. 2024r.<\/p>\n<p>&nbsp;<\/p>\n<p>&nbsp;<\/p>\n<p><strong><u>XI NIEDZIELA ZWYK\u0141A<\/u><\/strong><\/p>\n<p>&nbsp;<\/p>\n<p>Jeszcze dzisiaj Nabo\u017ce\u0144stwo do Naj\u015bwi\u0119tszego Serca Pana Jezusa o godz. 17:30.\u00a0 Bardzo serdecznie zapraszam.<\/p>\n<p>&nbsp;<\/p>\n<p>Zapraszam na codzienn\u0105 msz\u0119 \u015bw. do naszego ko\u015bcio\u0142a.\u00a0 W \u015brod\u0119 przed msz\u0105 \u015bw. r\u00f3\u017caniec\u00a0 za Ojczyzn\u0119<\/p>\n<p>&nbsp;<\/p>\n<p>W \u015brod\u0119 po wieczornej mszy \u015bw. spotkanie z dzie\u0107mi naszej parafii kt\u00f3re z ks. Piotrem z Jele\u015bni wyje\u017cd\u017caj\u0105 na religijny wypoczynek nad morze .<\/p>\n<p>&nbsp;<\/p>\n<p>W pi\u0105tek zako\u0144czenie roku szkolnego. Zapraszam bardzo serdecznie na msz\u0119 \u015bw. o godz. 8:00 wszystkich uczni\u00f3w naszych szk\u00f3\u0142 w Krzy\u017cowej i Krzy\u017c\u00f3wkach nauczycieli i wszystkich pracownik\u00f3w\u00a0 o\u015bwiaty , rodzic\u00f3w .<\/p>\n<p>&nbsp;<\/p>\n<p>W pi\u0105tek wieczorem o godz. 18 msza \u015bw. do Bo\u017cego Mi\u0142osierdzia a na nabo\u017ce\u0144stwie czerwcowym odm\u00f3wimy Koronk\u0119.<\/p>\n<p>&nbsp;<\/p>\n<p>Dzisiaj rada Duszpasterska b\u0119dzie zbiera\u0142a ofiary na prace przy cmentarzu. Wielkie B\u00f3g zap\u0142a\u0107 za ofiarno\u015b\u0107.<\/p>\n<p>&nbsp;<\/p>\n<p>Za tydzie\u0144 w niedziel\u0119 ofiary na wszystkich mszach \u015bw. b\u0119d\u0105 przeznaczone na wyw\u00f3z \u015bmieci\u00a0 \u00a0 \u00a0 \u00a0 \u00a0 \u00a0 \u00a0 \u00a0z naszego cmentarza . Bardzo serdecznie prosz\u0119 zabierajcie plastikowe wk\u0142ady do dom\u00f3w\u00a0 \u00a0 \u00a0 \u00a0 \u00a0 \u00a0 \u00a0 \u00a0 \u00a0 \u00a0a pozosta\u0142e\u00a0 segregujcie do pojemnik\u00f3w. Jest taka pi\u0119kna tradycja, \u017ce dajecie na msze \u015bw. za zmar\u0142ego dlatego nie kupujcie wie\u0144c\u00f3w za kt\u00f3re p\u0142acicie i trzeba je wywozi\u0107 r\u00f3wnie\u017c p\u0142ac\u0105c za wyw\u00f3z. Rachunki za \u015bmieci z cmentarza s\u0105 kosmiczne.<\/p>\n<p>&nbsp;<\/p>\n<p>Zach\u0119cam do nabywania prasy katolickiej.<\/p>\n<p>&nbsp;<\/p>\n<p>Dzi\u0119kuj\u0119 za sprz\u0105tanie ko\u015bcio\u0142a w tym tygodniu. Nast\u0119pne sprz\u0105tanie b\u0119dzie w pi\u0105tek po wieczornej mszy \u015bw. Sprz\u0105taj\u0105\u00a0 Panie: Krystyna Kami\u0144ska\u00a0 Olga G\u0142owa Agnieszka Kami\u0144ska Anna Dudzik<\/p>\n<p>&nbsp;<\/p>\n<p>&nbsp;<\/p>\n<p>Kalendarz liturgiczny<\/p>\n<p>&nbsp;<\/p>\n<p>Poniedzia\u0142ek \u2013 wsp. \u015bw. Brata Alberta Chmielowskiego zakonnika<\/p>\n<p>Pi\u0105tek- wsp. \u015bw. Alojzego Gonzagi zakonnika<\/p>\n<p>&nbsp;<\/p>\n<p>&nbsp;<\/p>\n","protected":false},"excerpt":{"rendered":"<p>&nbsp; Krzy\u017cowa 16.VI. 2024r. &nbsp; &nbsp; XI NIEDZIELA ZWYK\u0141A &nbsp; Jeszcze dzisiaj Nabo\u017ce\u0144stwo do Naj\u015bwi\u0119tszego Serca Pana Jezusa o godz. 17:30.\u00a0 Bardzo serdecznie zapraszam. &nbsp; Zapraszam na codzienn\u0105 msz\u0119 \u015bw. do naszego ko\u015bcio\u0142a.\u00a0 W \u015brod\u0119 przed msz\u0105 \u015bw. r\u00f3\u017caniec\u00a0 za Ojczyzn\u0119 &nbsp; W \u015brod\u0119 po wieczornej mszy \u015bw. spotkanie z dzie\u0107mi naszej parafii kt\u00f3re z [&hellip;]<\/p>\n","protected":false},"author":0,"featured_media":0,"comment_status":"closed","ping_status":"closed","sticky":false,"template":"","format":"standard","meta":{"ngg_post_thumbnail":0,"footnotes":""},"categories":[3],"tags":[],"class_list":["post-3790","post","type-post","status-publish","format-standard","hentry","category-ogloszenia"],"aioseo_notices":[],"_links":{"self":[{"href":"https:\/\/parafiakrzyzowa.pl\/index.php?rest_route=\/wp\/v2\/posts\/3790","targetHints":{"allow":["GET"]}}],"collection":[{"href":"https:\/\/parafiakrzyzowa.pl\/index.php?rest_route=\/wp\/v2\/posts"}],"about":[{"href":"https:\/\/parafiakrzyzowa.pl\/index.php?rest_route=\/wp\/v2\/types\/post"}],"replies":[{"embeddable":true,"href":"https:\/\/parafiakrzyzowa.pl\/index.php?rest_route=%2Fwp%2Fv2%2Fcomments&post=3790"}],"version-history":[{"count":1,"href":"https:\/\/parafiakrzyzowa.pl\/index.php?rest_route=\/wp\/v2\/posts\/3790\/revisions"}],"predecessor-version":[{"id":3791,"href":"https:\/\/parafiakrzyzowa.pl\/index.php?rest_route=\/wp\/v2\/posts\/3790\/revisions\/3791"}],"wp:attachment":[{"href":"https:\/\/parafiakrzyzowa.pl\/index.php?rest_route=%2Fwp%2Fv2%2Fmedia&parent=3790"}],"wp:term":[{"taxonomy":"category","embeddable":true,"href":"https:\/\/parafiakrzyzowa.pl\/index.php?rest_route=%2Fwp%2Fv2%2Fcategories&post=3790"},{"taxonomy":"post_tag","embeddable":true,"href":"https:\/\/parafiakrzyzowa.pl\/index.php?rest_route=%2Fwp%2Fv2%2Ftags&post=3790"}],"curies":[{"name":"wp","href":"https:\/\/api.w.org\/{rel}","templated":true}]}}