{"id":3797,"date":"2024-06-22T05:56:37","date_gmt":"2024-06-22T05:56:37","guid":{"rendered":"https:\/\/parafiakrzyzowa.pl\/?p=3797"},"modified":"2024-06-22T05:56:46","modified_gmt":"2024-06-22T05:56:46","slug":"3797","status":"publish","type":"post","link":"https:\/\/parafiakrzyzowa.pl\/?p=3797","title":{"rendered":""},"content":{"rendered":"<p>&nbsp;<\/p>\n<p>Krzy\u017cowa 23.VI. 2024r.<\/p>\n<p>&nbsp;<\/p>\n<p>&nbsp;<\/p>\n<p><strong><u>XII NIEDZIELA ZWYK\u0141A<\/u><\/strong><\/p>\n<p>&nbsp;<\/p>\n<p>&nbsp;<\/p>\n<p>&nbsp;<\/p>\n<p>Jeszcze dzisiaj Nabo\u017ce\u0144stwo do Naj\u015bwi\u0119tszego Serca Pana Jezusa o godz. 17:30.\u00a0 Bardzo serdecznie zapraszam.<\/p>\n<p>&nbsp;<\/p>\n<p>Zapraszam na codzienn\u0105 msz\u0119 \u015bw. do naszego ko\u015bcio\u0142a.\u00a0 W \u015brod\u0119 przed msz\u0105 \u015bw. r\u00f3\u017caniec\u00a0 za Ojczyzn\u0119<\/p>\n<p>&nbsp;<\/p>\n<p>W najbli\u017csz\u0105 niedziel\u0119 30 czerwca zako\u0144czenie nabo\u017ce\u0144stw do Naj\u015bwi\u0119tszego Sera Pana Jezusa.<\/p>\n<p>Dzieci i m\u0142odzie\u017c zako\u0144czyli rok szkolny i rozpocz\u0119li wakacje. Wszystkim uczniom \u017cycz\u0119 mi\u0142ych bezpiecznych wakacji . B\u0105d\u017acie roztropni i ostro\u017cni w swoich zachowaniach.\u00a0 Tego samego \u017cycz\u0119 wszystkim nauczycielom . Niech wakacje b\u0119d\u0105 czasem nabrania si\u0142 fizycznych i duchowych. Bardzo prosz\u0119 , \u017ceby w wypoczynku wakacyjnym nie brakowa\u0142o czasu dla Boga przez modlitw\u0119 msz\u0119 \u015bw. niedzieln\u0105 sakrament pokuty i pierwszy pi\u0105tek miesi\u0105ca.<\/p>\n<p>&nbsp;<\/p>\n<p>W ostatni\u0105 niedziel\u0119 Rada Duszpasterska zebra\u0142a na prace przy cmentarzu \u2026\u2026\u2026\u2026 z\u0142. Bardzo dzi\u0119kuj\u0119 za ka\u017cd\u0105 ofiar\u0119 . Mam nadziej\u0119 , \u017ce niebawem b\u0119dziemy mie\u0107 pi\u0119kny cmentarz , kt\u00f3ry po naszym ko\u015bciele jest miejscem najwa\u017cniejszym i naj\u015bwi\u0119tszym.<\/p>\n<p>&nbsp;<\/p>\n<p>Sk\u0142adka z dzisiejszej niedzieli na wszystkich mszach \u015bw. jest przeznaczona na op\u0142at\u0119 za odpady\u00a0 na cmentarzu. Dzi\u0119kuj\u0119 za ofiary.<\/p>\n<p>&nbsp;<\/p>\n<p>Zach\u0119cam do nabywania prasy\u00a0 katolickiej.<\/p>\n<p>&nbsp;<\/p>\n<p>W sobot\u0119 przypada uroczysto\u015b\u0107 \u015bw. Aposto\u0142\u00f3w Piotra i Paw\u0142a. W naszym ko\u015bciele b\u0119d\u0105 2 msz\u0119 \u015bw.<\/p>\n<p>o godz. 8 rano i 18 wieczorem. Sk\u0142adka z tego \u015bwi\u0119ta zwana \u015awi\u0119topietrzem jest przeznaczona dla Ojca \u015bw.<\/p>\n<p>&nbsp;<\/p>\n<p>Dzi\u0119kuj\u0119 za sprz\u0105tanie ko\u015bcio\u0142a w tym tygodniu. Nast\u0119pne sprz\u0105tanie b\u0119dzie w pi\u0105tek po wieczornej mszy \u015bw. Sprz\u0105taj\u0105 Panie: Iwona Dendys Lucyna Skiba Katarzyna Barcik i Katarzyna Fojtach. Nie kupujemy kwiat\u00f3w.<\/p>\n<p>&nbsp;<\/p>\n<p>Kalendarz liturgiczny<\/p>\n<p>&nbsp;<\/p>\n<p>Poniedzia\u0142ek \u2013 uroczysto\u015b\u0107 Narodzenia \u015bw. Jana Chrzciciela<\/p>\n<p>Pi\u0105tek \u2013 wsp. \u015bw. Ireneusza biskupa i m\u0119czennika Doktora Ko\u015bcio\u0142a<\/p>\n<p>Sobota \u2013 uroczysto\u015b\u0107 \u015bw. Aposto\u0142\u00f3w Piotra i Paw\u0142a<\/p>\n","protected":false},"excerpt":{"rendered":"<p>&nbsp; Krzy\u017cowa 23.VI. 2024r. &nbsp; &nbsp; XII NIEDZIELA ZWYK\u0141A &nbsp; &nbsp; &nbsp; Jeszcze dzisiaj Nabo\u017ce\u0144stwo do Naj\u015bwi\u0119tszego Serca Pana Jezusa o godz. 17:30.\u00a0 Bardzo serdecznie zapraszam. &nbsp; Zapraszam na codzienn\u0105 msz\u0119 \u015bw. do naszego ko\u015bcio\u0142a.\u00a0 W \u015brod\u0119 przed msz\u0105 \u015bw. r\u00f3\u017caniec\u00a0 za Ojczyzn\u0119 &nbsp; W najbli\u017csz\u0105 niedziel\u0119 30 czerwca zako\u0144czenie nabo\u017ce\u0144stw do Naj\u015bwi\u0119tszego Sera Pana [&hellip;]<\/p>\n","protected":false},"author":0,"featured_media":0,"comment_status":"closed","ping_status":"closed","sticky":false,"template":"","format":"standard","meta":{"ngg_post_thumbnail":0,"footnotes":""},"categories":[3],"tags":[],"class_list":["post-3797","post","type-post","status-publish","format-standard","hentry","category-ogloszenia"],"aioseo_notices":[],"_links":{"self":[{"href":"https:\/\/parafiakrzyzowa.pl\/index.php?rest_route=\/wp\/v2\/posts\/3797","targetHints":{"allow":["GET"]}}],"collection":[{"href":"https:\/\/parafiakrzyzowa.pl\/index.php?rest_route=\/wp\/v2\/posts"}],"about":[{"href":"https:\/\/parafiakrzyzowa.pl\/index.php?rest_route=\/wp\/v2\/types\/post"}],"replies":[{"embeddable":true,"href":"https:\/\/parafiakrzyzowa.pl\/index.php?rest_route=%2Fwp%2Fv2%2Fcomments&post=3797"}],"version-history":[{"count":1,"href":"https:\/\/parafiakrzyzowa.pl\/index.php?rest_route=\/wp\/v2\/posts\/3797\/revisions"}],"predecessor-version":[{"id":3798,"href":"https:\/\/parafiakrzyzowa.pl\/index.php?rest_route=\/wp\/v2\/posts\/3797\/revisions\/3798"}],"wp:attachment":[{"href":"https:\/\/parafiakrzyzowa.pl\/index.php?rest_route=%2Fwp%2Fv2%2Fmedia&parent=3797"}],"wp:term":[{"taxonomy":"category","embeddable":true,"href":"https:\/\/parafiakrzyzowa.pl\/index.php?rest_route=%2Fwp%2Fv2%2Fcategories&post=3797"},{"taxonomy":"post_tag","embeddable":true,"href":"https:\/\/parafiakrzyzowa.pl\/index.php?rest_route=%2Fwp%2Fv2%2Ftags&post=3797"}],"curies":[{"name":"wp","href":"https:\/\/api.w.org\/{rel}","templated":true}]}}