{"id":3803,"date":"2024-06-29T07:39:52","date_gmt":"2024-06-29T07:39:52","guid":{"rendered":"https:\/\/parafiakrzyzowa.pl\/?p=3803"},"modified":"2024-06-29T07:39:56","modified_gmt":"2024-06-29T07:39:56","slug":"3803","status":"publish","type":"post","link":"https:\/\/parafiakrzyzowa.pl\/?p=3803","title":{"rendered":""},"content":{"rendered":"<p>&nbsp;<\/p>\n<p>Krzy\u017cowa 30.VI. 2024r.<\/p>\n<p>&nbsp;<\/p>\n<p>&nbsp;<\/p>\n<p><strong><u>XIII NIEDZIELA ZWYK\u0141A<\/u><\/strong><\/p>\n<p>&nbsp;<\/p>\n<p>Dzi\u015b jeszcze ostatnie nabo\u017ce\u0144stwo do Naj\u015bwi\u0119tszego Serca Pana Jezusa o godz. 17:30 . Bardzo serdecznie zapraszam.<\/p>\n<p>&nbsp;<\/p>\n<p>Wszystkim wypoczywaj\u0105cym i wyje\u017cd\u017caj\u0105cym naszym\u00a0 parafianom na urlopy oraz wszystkim dzieciom sp\u0119dzaj\u0105cym wakacje \u017cycz\u0119 du\u017co s\u0142o\u0144ca i pi\u0119knego prze\u017cywanego z Bogiem wypoczynku.<\/p>\n<p>&nbsp;<\/p>\n<p>W \u015brod\u0119 jak zwykle przed msz\u0105 \u015bw. r\u00f3\u017caniec w okresie wakacji b\u0119dziemy si\u0119 modli\u0107 za nasze dzieci i m\u0142odzie\u017c sp\u0119dzaj\u0105cy wakacje. Serdecznie zapraszam.<\/p>\n<p>&nbsp;<\/p>\n<p>W tym tygodniu przypada I czwartek pi\u0105tek i sobota miesi\u0105ca.\u00a0 W czwartek msza \u015bw. w okresie wakacji o godz. 7:00.\u00a0 W pi\u0105tek spowied\u017a \u015bw. od godz. 17 do 18 spowied\u017a \u015bw. a po mszy \u015bw.\u00a0\u00a0\u00a0\u00a0\u00a0\u00a0\u00a0\u00a0\u00a0\u00a0\u00a0\u00a0\u00a0\u00a0\u00a0 o godz. 18 nabo\u017ce\u0144stwo do Naj\u015bwi\u0119tszego Serca Pana Jezusa.<\/p>\n<p>&nbsp;<\/p>\n<p>Nie b\u0119dzie wizyty u chorych .<\/p>\n<p>&nbsp;<\/p>\n<p>W I sobot\u0119 prosz\u0119 serdecznie o modlitw\u0119 r\u00f3\u017ca\u0144cow\u0105 przed msz\u0105 \u015bw. w intencji naszej parafii.<\/p>\n<p>&nbsp;<\/p>\n<p>Bardzo serdecznie dzi\u0119kuj\u0119 wszystkim parafianom za \u017cyczenia imieninowe .<\/p>\n<p>&nbsp;<\/p>\n<p>W najbli\u017csz\u0105 niedziel\u0119 7 lipca Rada Duszpasterska b\u0119dzie zbiera\u0142a ofiary na prace przy cmentarzu.<\/p>\n<p>&nbsp;<\/p>\n<p>Zach\u0119cam do nabywania prasy katolickiej.<\/p>\n<p>&nbsp;<\/p>\n<p>Dzi\u0119kuj\u0119 za sprz\u0105tanie ko\u015bcio\u0142a w tym tygodniu. Nast\u0119pne sprz\u0105tanie b\u0119dzie w pi\u0105tek po wieczornej mszy \u015bw. Sprz\u0105taj\u0105 Panie: Sylwia Jasiewicz W\u0142adys\u0142awa G\u00f3ra El\u017cbieta G\u00f3ra Gra\u017cyna Duc . Nie kupujemy kwiat\u00f3w.<\/p>\n<p>&nbsp;<\/p>\n<p>Kalendarz liturgiczny<\/p>\n<p>&nbsp;<\/p>\n<p>\u015aroda \u2013 \u015bwi\u0119to \u015bw. Tomasza Aposto\u0142a<\/p>\n<p>Sobota \u2013 wsp. b\u0142. Marii Teresy Led\u00f3chowskiej<\/p>\n<p>&nbsp;<\/p>\n","protected":false},"excerpt":{"rendered":"<p>&nbsp; Krzy\u017cowa 30.VI. 2024r. &nbsp; &nbsp; XIII NIEDZIELA ZWYK\u0141A &nbsp; Dzi\u015b jeszcze ostatnie nabo\u017ce\u0144stwo do Naj\u015bwi\u0119tszego Serca Pana Jezusa o godz. 17:30 . Bardzo serdecznie zapraszam. &nbsp; Wszystkim wypoczywaj\u0105cym i wyje\u017cd\u017caj\u0105cym naszym\u00a0 parafianom na urlopy oraz wszystkim dzieciom sp\u0119dzaj\u0105cym wakacje \u017cycz\u0119 du\u017co s\u0142o\u0144ca i pi\u0119knego prze\u017cywanego z Bogiem wypoczynku. &nbsp; W \u015brod\u0119 jak zwykle przed [&hellip;]<\/p>\n","protected":false},"author":0,"featured_media":0,"comment_status":"closed","ping_status":"closed","sticky":false,"template":"","format":"standard","meta":{"ngg_post_thumbnail":0,"footnotes":""},"categories":[3],"tags":[],"class_list":["post-3803","post","type-post","status-publish","format-standard","hentry","category-ogloszenia"],"aioseo_notices":[],"_links":{"self":[{"href":"https:\/\/parafiakrzyzowa.pl\/index.php?rest_route=\/wp\/v2\/posts\/3803","targetHints":{"allow":["GET"]}}],"collection":[{"href":"https:\/\/parafiakrzyzowa.pl\/index.php?rest_route=\/wp\/v2\/posts"}],"about":[{"href":"https:\/\/parafiakrzyzowa.pl\/index.php?rest_route=\/wp\/v2\/types\/post"}],"replies":[{"embeddable":true,"href":"https:\/\/parafiakrzyzowa.pl\/index.php?rest_route=%2Fwp%2Fv2%2Fcomments&post=3803"}],"version-history":[{"count":1,"href":"https:\/\/parafiakrzyzowa.pl\/index.php?rest_route=\/wp\/v2\/posts\/3803\/revisions"}],"predecessor-version":[{"id":3804,"href":"https:\/\/parafiakrzyzowa.pl\/index.php?rest_route=\/wp\/v2\/posts\/3803\/revisions\/3804"}],"wp:attachment":[{"href":"https:\/\/parafiakrzyzowa.pl\/index.php?rest_route=%2Fwp%2Fv2%2Fmedia&parent=3803"}],"wp:term":[{"taxonomy":"category","embeddable":true,"href":"https:\/\/parafiakrzyzowa.pl\/index.php?rest_route=%2Fwp%2Fv2%2Fcategories&post=3803"},{"taxonomy":"post_tag","embeddable":true,"href":"https:\/\/parafiakrzyzowa.pl\/index.php?rest_route=%2Fwp%2Fv2%2Ftags&post=3803"}],"curies":[{"name":"wp","href":"https:\/\/api.w.org\/{rel}","templated":true}]}}