{"id":3819,"date":"2024-07-13T07:03:07","date_gmt":"2024-07-13T07:03:07","guid":{"rendered":"https:\/\/parafiakrzyzowa.pl\/?p=3819"},"modified":"2024-07-13T07:03:13","modified_gmt":"2024-07-13T07:03:13","slug":"3819","status":"publish","type":"post","link":"https:\/\/parafiakrzyzowa.pl\/?p=3819","title":{"rendered":""},"content":{"rendered":"<p>&nbsp;<\/p>\n<p>Krzy\u017cowa 14.VII. 2024r.<\/p>\n<p>&nbsp;<\/p>\n<p>&nbsp;<\/p>\n<p><strong><u>XV NIEDZIELA ZWYK\u0141A<\/u><\/strong><\/p>\n<p>&nbsp;<\/p>\n<p>Wszystkim wypoczywaj\u0105cym i wyje\u017cd\u017caj\u0105cym naszym\u00a0 parafianom na urlopy oraz wszystkim dzieciom sp\u0119dzaj\u0105cym wakacje \u017cycz\u0119 du\u017co s\u0142o\u0144ca i pi\u0119knego prze\u017cywanego z Bogiem wypoczynku.<\/p>\n<p>&nbsp;<\/p>\n<p>Dzisiaj Ko\u0142a Gospody\u0144 Wiejskich z Krzy\u017cowej i Krzy\u017c\u00f3wek organizuj\u0105 charytatywny kiermasz ciast po mszach \u015bwi\u0119tych o godz. 8, 10 i 18 na parkingu. Ca\u0142y doch\u00f3d jest przeznaczony na pomoc\u00a0 \u00a0 \u00a0 \u00a0 \u00a0 \u00a0 w rehabilitacji i zakup protezy dla P. Katarzyny z Przyborowa kt\u00f3ra straci\u0142a nog\u0119 w wyniku choroby. Panu Bogu dzi\u0119kujemy , \u017ce daje nam mo\u017cliwo\u015b\u0107 uczynienia du\u017cego dobra. Cokolwiek uczynili\u015bcie jednemu z tych najmniejszych Mnie uczynili\u015bcie.<\/p>\n<p>&nbsp;<\/p>\n<p>W \u015brod\u0119 jak zwykle przed msz\u0105 \u015bw. r\u00f3\u017caniec w okresie wakacji b\u0119dziemy si\u0119 modli\u0107 za nasze dzieci i m\u0142odzie\u017c sp\u0119dzaj\u0105cy wakacje. Serdecznie zapraszam.<\/p>\n<p>&nbsp;<\/p>\n<p>Panowie z Rady Duszpasterskiej \u00a0\u00a0w ostatni\u0105 niedziel\u0119 zebrali \u00a0na prace przy cmentarzu \u2026\u2026\u2026 z\u0142. Bardzo dzi\u0119kujemy wszystkim parafianom za ofiarno\u015b\u0107.<\/p>\n<p>&nbsp;<\/p>\n<p>&nbsp;<\/p>\n<p>Zach\u0119cam do nabywania prasy katolickiej.<\/p>\n<p>&nbsp;<\/p>\n<p>Dzi\u0119kuj\u0119 za sprz\u0105tanie ko\u015bcio\u0142a w tym tygodniu. Nast\u0119pne sprz\u0105tanie b\u0119dzie w pi\u0105tek po wieczornej mszy \u015bw. Sprz\u0105taj\u0105 Panie: Weronika Wrona Maria Michalec Anna Walu\u015b i Kazimiera Puda Nie kupujemy kwiat\u00f3w.<\/p>\n<p>&nbsp;<\/p>\n<p>W najbli\u017cszy pi\u0105tek modlimy si\u0119 dobowego Mi\u0142osierdzia . Po mszy \u015bw. odm\u00f3wimy Koronk\u0119.<\/p>\n<p>&nbsp;<\/p>\n<p>&nbsp;<\/p>\n<p>Kalendarz liturgiczny<\/p>\n<p>&nbsp;<\/p>\n<p>Poniedzia\u0142ek wsp. \u015bw. Bonawentury biskupa i Doktora Ko\u015bco\u0142a<\/p>\n<p>Wtorek\u00a0 \u2013 wsp. Naj\u015bwi\u0119tszej MPanny z G\u00f3ry Karmel<\/p>\n<p>&nbsp;<\/p>\n<p>W ostatnim tygodniu odszed\u0142 do Pana z naszej rodziny parafialnej \u015bp. Marian Kormaniak\u00a0 wieczny odpoczynek racz mu da\u0107 Panie\u2026.<\/p>\n<p>&nbsp;<\/p>\n","protected":false},"excerpt":{"rendered":"<p>&nbsp; Krzy\u017cowa 14.VII. 2024r. &nbsp; &nbsp; XV NIEDZIELA ZWYK\u0141A &nbsp; Wszystkim wypoczywaj\u0105cym i wyje\u017cd\u017caj\u0105cym naszym\u00a0 parafianom na urlopy oraz wszystkim dzieciom sp\u0119dzaj\u0105cym wakacje \u017cycz\u0119 du\u017co s\u0142o\u0144ca i pi\u0119knego prze\u017cywanego z Bogiem wypoczynku. &nbsp; Dzisiaj Ko\u0142a Gospody\u0144 Wiejskich z Krzy\u017cowej i Krzy\u017c\u00f3wek organizuj\u0105 charytatywny kiermasz ciast po mszach \u015bwi\u0119tych o godz. 8, 10 i 18 na [&hellip;]<\/p>\n","protected":false},"author":0,"featured_media":0,"comment_status":"closed","ping_status":"closed","sticky":false,"template":"","format":"standard","meta":{"ngg_post_thumbnail":0,"footnotes":""},"categories":[3],"tags":[],"class_list":["post-3819","post","type-post","status-publish","format-standard","hentry","category-ogloszenia"],"aioseo_notices":[],"_links":{"self":[{"href":"https:\/\/parafiakrzyzowa.pl\/index.php?rest_route=\/wp\/v2\/posts\/3819","targetHints":{"allow":["GET"]}}],"collection":[{"href":"https:\/\/parafiakrzyzowa.pl\/index.php?rest_route=\/wp\/v2\/posts"}],"about":[{"href":"https:\/\/parafiakrzyzowa.pl\/index.php?rest_route=\/wp\/v2\/types\/post"}],"replies":[{"embeddable":true,"href":"https:\/\/parafiakrzyzowa.pl\/index.php?rest_route=%2Fwp%2Fv2%2Fcomments&post=3819"}],"version-history":[{"count":1,"href":"https:\/\/parafiakrzyzowa.pl\/index.php?rest_route=\/wp\/v2\/posts\/3819\/revisions"}],"predecessor-version":[{"id":3820,"href":"https:\/\/parafiakrzyzowa.pl\/index.php?rest_route=\/wp\/v2\/posts\/3819\/revisions\/3820"}],"wp:attachment":[{"href":"https:\/\/parafiakrzyzowa.pl\/index.php?rest_route=%2Fwp%2Fv2%2Fmedia&parent=3819"}],"wp:term":[{"taxonomy":"category","embeddable":true,"href":"https:\/\/parafiakrzyzowa.pl\/index.php?rest_route=%2Fwp%2Fv2%2Fcategories&post=3819"},{"taxonomy":"post_tag","embeddable":true,"href":"https:\/\/parafiakrzyzowa.pl\/index.php?rest_route=%2Fwp%2Fv2%2Ftags&post=3819"}],"curies":[{"name":"wp","href":"https:\/\/api.w.org\/{rel}","templated":true}]}}