{"id":3832,"date":"2024-07-27T06:29:20","date_gmt":"2024-07-27T06:29:20","guid":{"rendered":"https:\/\/parafiakrzyzowa.pl\/?p=3832"},"modified":"2024-07-27T06:29:26","modified_gmt":"2024-07-27T06:29:26","slug":"3832","status":"publish","type":"post","link":"https:\/\/parafiakrzyzowa.pl\/?p=3832","title":{"rendered":""},"content":{"rendered":"<p><strong><u>INTENCJE\u00a0 MSZY \u015aWI\u0118TYCH<\/u><\/strong><\/p>\n<p><strong><u>\u00a0<\/u><\/strong><\/p>\n<p><strong><u>NIEDZIELA 28. VII. 2024r.<\/u><\/strong><\/p>\n<p>&nbsp;<\/p>\n<p>Godz. 8:00 &#8211; \u00a0\u00a0\u00a0+ J\u00f3zef Pacuszka w 13r. \u015bmerci<\/p>\n<p>&nbsp;<\/p>\n<p>Godz. 10\u00a0 &#8211;\u00a0 \u00a0\u00a0++ Tadeusz Pastor i rodzice W\u0142adys\u0142aw i Weronika<\/p>\n<p>&nbsp;<\/p>\n<p>Godz. 18\u00a0 &#8211;\u00a0\u00a0\u00a0 ++ \u00a0Helena\u00a0 Cudzich w 14r. \u015bmierci m\u0105\u017c Franciszek<\/p>\n<p>&nbsp;<\/p>\n<p><strong><u>PONIEDZIA\u0141EK 29. VII. 2024r<\/u><\/strong><\/p>\n<p>&nbsp;<\/p>\n<p>Godz. 18\u00a0 &#8211;\u00a0\u00a0\u00a0\u00a0 \u00a0\u00a0+ Marian Kormaniak<\/p>\n<p><strong><u>\u00a0<\/u><\/strong><\/p>\n<p><strong><u>WTOREK 30. VII. 2024r.<\/u><\/strong><\/p>\n<p>&nbsp;<\/p>\n<p>Godz. 7:00 &#8211;\u00a0\u00a0\u00a0 \u00a0\u00a0\u00a0\u00a0W intencji parafian<\/p>\n<p>&nbsp;<\/p>\n<p><strong><u>\u015aRODA 31 .VII. 2024r. <\/u><\/strong><\/p>\n<p>&nbsp;<\/p>\n<p>Godz. 18 \u00a0\u00a0\u00a0&#8211; \u00a0\u00a0\u00a0\u00a0\u00a0+ W\u0142adys\u0142awa Barcik<\/p>\n<p>&nbsp;<\/p>\n<p><strong><u>CZWARTEK 1. VIII. 2024r.<\/u><\/strong><\/p>\n<p>&nbsp;<\/p>\n<p>Godz. 7:00\u00a0 &#8211;\u00a0 \u00a0\u00a0+ Kazimierz Walig\u00f3ra<\/p>\n<p>&nbsp;<\/p>\n<p><strong><u>PI\u0104TEK 2. VIII. 2024r.<\/u><\/strong><\/p>\n<p>&nbsp;<\/p>\n<p>Godz. 18\u00a0\u00a0 &#8211; \u00a0\u00a0\u00a0\u00a0\u00a0\u00a0\u00a0\u00a0\u00a0Za zmar\u0142ych wypominanych<\/p>\n<p>&nbsp;<\/p>\n<p><strong><u>SOBOTA 3. VIII. 2024r<\/u><\/strong><strong><u>.\u00a0 <\/u><\/strong><\/p>\n<p>&nbsp;<\/p>\n<p>Godz. 18\u00a0 \u00a0&#8211; \u00a0\u00a0\u00a0\u00a0\u00a0\u00a0\u00a0\u00a0\u00a0\u00a0O zdrowie i b\u0142. Bo\u017ce dla Dariusza Dendysa w 50r. urodzin<\/p>\n<p>+ Joanna Hernas w r. \u015bmierci<\/p>\n<p>Godz. 19 \u2013 Krzy\u017c\u00f3wki \u00a0&#8211; ++ W\u0142adys\u0142aw i Maria Niewdana i syn<\/p>\n<p><strong>\u00a0<\/strong><\/p>\n<p><strong><u>NIEDZIELA\u00a0 4. VIII. 2024r<\/u><\/strong><strong><u>.<\/u><\/strong><\/p>\n<p>&nbsp;<\/p>\n<p>Godz. 8:00\u00a0 &#8211;\u00a0 ++ Helena Kaprak i 2 m\u0119\u017c\u00f3w i syn Tadeusz<\/p>\n<p>&nbsp;<\/p>\n<p>Godz. 10 \u00a0\u00a0\u00a0\u00a0&#8211; \u00a0++ J\u00f3zefa Galas w 18r. \u015bmierci m\u0105\u017c Jan i wnuk Marek<\/p>\n<p>&nbsp;<\/p>\n<p>Godz. 18\u00a0\u00a0\u00a0\u00a0 &#8211; \u00a0++ Karol Helena Jerzy Kazimierz Maria Kubala\u0144cowie<\/p>\n<p>&nbsp;<\/p>\n<p>&nbsp;<\/p>\n<p>&nbsp;<\/p>\n<p>&nbsp;<\/p>\n<p>&nbsp;<\/p>\n","protected":false},"excerpt":{"rendered":"<p>INTENCJE\u00a0 MSZY \u015aWI\u0118TYCH \u00a0 NIEDZIELA 28. VII. 2024r. &nbsp; Godz. 8:00 &#8211; \u00a0\u00a0\u00a0+ J\u00f3zef Pacuszka w 13r. \u015bmerci &nbsp; Godz. 10\u00a0 &#8211;\u00a0 \u00a0\u00a0++ Tadeusz Pastor i rodzice W\u0142adys\u0142aw i Weronika &nbsp; Godz. 18\u00a0 &#8211;\u00a0\u00a0\u00a0 ++ \u00a0Helena\u00a0 Cudzich w 14r. \u015bmierci m\u0105\u017c Franciszek &nbsp; PONIEDZIA\u0141EK 29. VII. 2024r &nbsp; Godz. 18\u00a0 &#8211;\u00a0\u00a0\u00a0\u00a0 \u00a0\u00a0+ Marian Kormaniak \u00a0 [&hellip;]<\/p>\n","protected":false},"author":0,"featured_media":0,"comment_status":"closed","ping_status":"closed","sticky":false,"template":"","format":"standard","meta":{"ngg_post_thumbnail":0,"footnotes":""},"categories":[7],"tags":[],"class_list":["post-3832","post","type-post","status-publish","format-standard","hentry","category-intencje"],"aioseo_notices":[],"_links":{"self":[{"href":"https:\/\/parafiakrzyzowa.pl\/index.php?rest_route=\/wp\/v2\/posts\/3832","targetHints":{"allow":["GET"]}}],"collection":[{"href":"https:\/\/parafiakrzyzowa.pl\/index.php?rest_route=\/wp\/v2\/posts"}],"about":[{"href":"https:\/\/parafiakrzyzowa.pl\/index.php?rest_route=\/wp\/v2\/types\/post"}],"replies":[{"embeddable":true,"href":"https:\/\/parafiakrzyzowa.pl\/index.php?rest_route=%2Fwp%2Fv2%2Fcomments&post=3832"}],"version-history":[{"count":1,"href":"https:\/\/parafiakrzyzowa.pl\/index.php?rest_route=\/wp\/v2\/posts\/3832\/revisions"}],"predecessor-version":[{"id":3833,"href":"https:\/\/parafiakrzyzowa.pl\/index.php?rest_route=\/wp\/v2\/posts\/3832\/revisions\/3833"}],"wp:attachment":[{"href":"https:\/\/parafiakrzyzowa.pl\/index.php?rest_route=%2Fwp%2Fv2%2Fmedia&parent=3832"}],"wp:term":[{"taxonomy":"category","embeddable":true,"href":"https:\/\/parafiakrzyzowa.pl\/index.php?rest_route=%2Fwp%2Fv2%2Fcategories&post=3832"},{"taxonomy":"post_tag","embeddable":true,"href":"https:\/\/parafiakrzyzowa.pl\/index.php?rest_route=%2Fwp%2Fv2%2Ftags&post=3832"}],"curies":[{"name":"wp","href":"https:\/\/api.w.org\/{rel}","templated":true}]}}