{"id":3835,"date":"2024-08-03T07:27:22","date_gmt":"2024-08-03T07:27:22","guid":{"rendered":"https:\/\/parafiakrzyzowa.pl\/?p=3835"},"modified":"2024-08-03T07:27:27","modified_gmt":"2024-08-03T07:27:27","slug":"3835","status":"publish","type":"post","link":"https:\/\/parafiakrzyzowa.pl\/?p=3835","title":{"rendered":""},"content":{"rendered":"<p>&nbsp;<\/p>\n<p>Krzy\u017cowa 4.VIII. 2024r.<\/p>\n<p>&nbsp;<\/p>\n<p>&nbsp;<\/p>\n<p><strong><u>XVIII NIEDZIELA ZWYK\u0141A<\/u><\/strong><\/p>\n<p>&nbsp;<\/p>\n<p>&nbsp;<\/p>\n<p>&nbsp;<\/p>\n<p>Dzisiaj przypada I niedziela miesi\u0105ca . Po ka\u017cdej mszy \u015bw. adoracja Pana Jezusa w Naj\u015bwi\u0119tszym Sakramencie.<\/p>\n<p>&nbsp;<\/p>\n<p>Witam bardzo serdecznie wszystkich wypoczywaj\u0105cych i sp\u0119dzaj\u0105cych urlopy na terenie naszej parafii. \u017bycz\u0119 pi\u0119knej s\u0142onecznej pogody i do\u015bwiadczenia go\u015bcinno\u015bci ze strony naszych parafian.<\/p>\n<p>&nbsp;<\/p>\n<p>&nbsp;<\/p>\n<p>Zapraszam bardzo serdecznie na codzienn\u0105 msz\u0119 \u015bw. W \u015brod\u0119 jak zwykle r\u00f3\u017caniec za dzieci\u00a0 \u00a0 \u00a0 \u00a0 \u00a0 \u00a0 \u00a0 \u00a0 i m\u0142odzie\u017c i wypoczywaj\u0105cych w czasie wakacji. Zapraszam bardzo serdecznie.<\/p>\n<p>&nbsp;<\/p>\n<p>W przysz\u0142\u0105 niedziel\u0119 Rada Duszpasterska b\u0119dzie zbiera\u0142a ofiary na prace przy naszym cmentarzu.<\/p>\n<p>Mamy solenn\u0105 obietnic\u0119, \u017ce w tym tygodniu w czwartek rozpoczn\u0105 si\u0119 prace przy cmentarzu.<\/p>\n<p>&nbsp;<\/p>\n<p>&nbsp;<\/p>\n<p>Jest ju\u017c nowa ksi\u0119ga intencyjna. Mo\u017cna ju\u017c rezerwowa\u0107 msze \u015bw. na nowy 2025rok.<\/p>\n<p>&nbsp;<\/p>\n<p>Zach\u0119cam do nabywania prasy katolickiej.<\/p>\n<p>&nbsp;<\/p>\n<p>B\u00f3g zap\u0142a\u0107 za ofiary na syryjsk\u0105 rodzin\u0119 z Allepo<\/p>\n<p>&nbsp;<\/p>\n<p>Dzi\u0119kuj\u0119 za sprz\u0105tanie ko\u015bcio\u0142a w tym tygodniu. Nast\u0119pne sprz\u0105tanie b\u0119dzie w pi\u0105tek po wieczornej mszy \u015bw. Sprz\u0105taj\u0105 Panie: Maria Cudzich Stanis\u0142awa Majcherek Agata Pastor i Ma\u0142gorzata Pindel. Nie kupujemy kwiat\u00f3w.<\/p>\n<p>&nbsp;<\/p>\n<p>&nbsp;<\/p>\n<p>&nbsp;<\/p>\n<p>Kalendarz liturgiczny<\/p>\n<p>&nbsp;<\/p>\n<p>Wtorek \u2013 \u015bwi\u0119to Przemienienia Pa\u0144skiego<\/p>\n<p>Czwartek wsp. \u015bw. Dominika kap\u0142ana<\/p>\n<p>Pi\u0105tek \u2013 \u015bw. \u015bw. Teresy Benedykty od Krzy\u017ca dziewicy i m\u0119czennicy<\/p>\n<p>Sobota \u2013 \u015bwi\u0119to\u015b\u0107. Wawrzy\u0144ca diakona i m\u0119czennika<\/p>\n<p>&nbsp;<\/p>\n<p>W ostatnim tygodniu odesz\u0142a z naszej rodziny parafialnej po wieczn\u0105 nagrod\u0119 do Pana \u015bp. Magdalena Dendys.\u00a0\u00a0\u00a0 Wieczny odpoczynek racz mu da\u0107 Panie\u2026\u2026..<\/p>\n","protected":false},"excerpt":{"rendered":"<p>&nbsp; Krzy\u017cowa 4.VIII. 2024r. &nbsp; &nbsp; XVIII NIEDZIELA ZWYK\u0141A &nbsp; &nbsp; &nbsp; Dzisiaj przypada I niedziela miesi\u0105ca . Po ka\u017cdej mszy \u015bw. adoracja Pana Jezusa w Naj\u015bwi\u0119tszym Sakramencie. &nbsp; Witam bardzo serdecznie wszystkich wypoczywaj\u0105cych i sp\u0119dzaj\u0105cych urlopy na terenie naszej parafii. \u017bycz\u0119 pi\u0119knej s\u0142onecznej pogody i do\u015bwiadczenia go\u015bcinno\u015bci ze strony naszych parafian. &nbsp; &nbsp; Zapraszam [&hellip;]<\/p>\n","protected":false},"author":0,"featured_media":0,"comment_status":"closed","ping_status":"closed","sticky":false,"template":"","format":"standard","meta":{"ngg_post_thumbnail":0,"footnotes":""},"categories":[3],"tags":[],"class_list":["post-3835","post","type-post","status-publish","format-standard","hentry","category-ogloszenia"],"aioseo_notices":[],"_links":{"self":[{"href":"https:\/\/parafiakrzyzowa.pl\/index.php?rest_route=\/wp\/v2\/posts\/3835","targetHints":{"allow":["GET"]}}],"collection":[{"href":"https:\/\/parafiakrzyzowa.pl\/index.php?rest_route=\/wp\/v2\/posts"}],"about":[{"href":"https:\/\/parafiakrzyzowa.pl\/index.php?rest_route=\/wp\/v2\/types\/post"}],"replies":[{"embeddable":true,"href":"https:\/\/parafiakrzyzowa.pl\/index.php?rest_route=%2Fwp%2Fv2%2Fcomments&post=3835"}],"version-history":[{"count":1,"href":"https:\/\/parafiakrzyzowa.pl\/index.php?rest_route=\/wp\/v2\/posts\/3835\/revisions"}],"predecessor-version":[{"id":3836,"href":"https:\/\/parafiakrzyzowa.pl\/index.php?rest_route=\/wp\/v2\/posts\/3835\/revisions\/3836"}],"wp:attachment":[{"href":"https:\/\/parafiakrzyzowa.pl\/index.php?rest_route=%2Fwp%2Fv2%2Fmedia&parent=3835"}],"wp:term":[{"taxonomy":"category","embeddable":true,"href":"https:\/\/parafiakrzyzowa.pl\/index.php?rest_route=%2Fwp%2Fv2%2Fcategories&post=3835"},{"taxonomy":"post_tag","embeddable":true,"href":"https:\/\/parafiakrzyzowa.pl\/index.php?rest_route=%2Fwp%2Fv2%2Ftags&post=3835"}],"curies":[{"name":"wp","href":"https:\/\/api.w.org\/{rel}","templated":true}]}}