{"id":3844,"date":"2024-08-10T07:49:16","date_gmt":"2024-08-10T07:49:16","guid":{"rendered":"https:\/\/parafiakrzyzowa.pl\/?p=3844"},"modified":"2024-08-10T07:49:25","modified_gmt":"2024-08-10T07:49:25","slug":"3844","status":"publish","type":"post","link":"https:\/\/parafiakrzyzowa.pl\/?p=3844","title":{"rendered":""},"content":{"rendered":"<p>&nbsp;<\/p>\n<p>Krzy\u017cowa 11.VIII. 2024r.<\/p>\n<p>&nbsp;<\/p>\n<p>&nbsp;<\/p>\n<p><strong><u>XIX NIEDZIELA ZWYK\u0141A<\/u><\/strong><\/p>\n<p>&nbsp;<\/p>\n<p>Witam bardzo serdecznie wszystkich wypoczywaj\u0105cych i sp\u0119dzaj\u0105cych urlopy na terenie naszej parafii. \u017bycz\u0119 pi\u0119knej s\u0142onecznej pogody i do\u015bwiadczenia go\u015bcinno\u015bci ze strony naszych parafian.<\/p>\n<p>&nbsp;<\/p>\n<p>Zapraszam bardzo serdecznie na codzienn\u0105 msz\u0119 \u015bw. W \u015brod\u0119 jak zwykle r\u00f3\u017caniec za dzieci\u00a0 \u00a0 \u00a0 \u00a0 \u00a0 \u00a0 \u00a0 \u00a0 \u00a0i m\u0142odzie\u017c i wypoczywaj\u0105cych w czasie wakacji. Zapraszam bardzo serdecznie.<\/p>\n<p>&nbsp;<\/p>\n<p>Dzi\u015b \u00a0Rada Duszpasterska b\u0119dzie zbiera\u0142a ofiary na prace przy naszym cmentarzu.<\/p>\n<p>Za ka\u017cd\u0105 ofiar\u0119 bardzo serdecznie dzi\u0119kuj\u0119.<\/p>\n<p>W czwartek przypada\u00a0 uroczysto\u015b\u0107 Wniebowzi\u0119cia Naj\u015bwi\u0119tszej Maryi Panny wielkie \u015bwi\u0119to ko\u015bcielne i narodowe. Msze \u015bw. w porz\u0105dku niedzielnym tzn. o godz. 8, 10 i 18 wieczorem , a na ka\u017cdej mszy \u015bw. po\u015bwi\u0119cenie zi\u00f3\u0142.<\/p>\n<p>&nbsp;<\/p>\n<p>Jest ju\u017c nowa ksi\u0119ga intencyjna. Mo\u017cna ju\u017c rezerwowa\u0107 msze \u015bw. na nowy 2025rok.<\/p>\n<p>&nbsp;<\/p>\n<p>Zach\u0119cam do nabywania prasy katolickiej.<\/p>\n<p>&nbsp;<\/p>\n<p>Dzi\u0119kuj\u0119 za sprz\u0105tanie ko\u015bcio\u0142a w tym tygodniu. Nast\u0119pne sprz\u0105tanie b\u0119dzie w pi\u0105tek po wieczornej mszy \u015bw. Sprz\u0105taj\u0105 Panie: Anna Ciupka\u00a0 Alicja J\u0119drzejas\u00a0 Ewa Majcherek i Helena Habzda Nie kupujemy kwiat\u00f3w.<\/p>\n<p>&nbsp;<\/p>\n<p>Bardzo serdecznie dzi\u0119kuj\u0119 naszym stra\u017cakom z Krzy\u017cowej za trosk\u0119 przy pi\u0119knym utrzymaniu\u00a0 trawnik\u00f3w wok\u00f3\u0142 ko\u015bcio\u0142a i plebanii.<\/p>\n<p>&nbsp;<\/p>\n<p>Kalendarz liturgiczny<\/p>\n<p>&nbsp;<\/p>\n<p>\u015aroda \u2013 uroczysto\u015b\u0107 \u015bw. Maksymiliana Marii Kolbego m\u0119czennika patrona diecezji Bielsko- \u017cyw.<\/p>\n<p>Czwartek \u2013 uroczysto\u015b\u0107 Wniebowzi\u0119cia NMPanny<\/p>\n<p>Sobota \u2013 wsp. \u015bw. Jacka kap\u0142ana<\/p>\n<p>&nbsp;<\/p>\n<p>W pi\u0105tek po mszy \u015bw. odm\u00f3wimy koronk\u0119 do Bo\u017cego Mi\u0142osierdzia\/ III pi\u0105tek miesi\u0105ca\/<\/p>\n","protected":false},"excerpt":{"rendered":"<p>&nbsp; Krzy\u017cowa 11.VIII. 2024r. &nbsp; &nbsp; XIX NIEDZIELA ZWYK\u0141A &nbsp; Witam bardzo serdecznie wszystkich wypoczywaj\u0105cych i sp\u0119dzaj\u0105cych urlopy na terenie naszej parafii. \u017bycz\u0119 pi\u0119knej s\u0142onecznej pogody i do\u015bwiadczenia go\u015bcinno\u015bci ze strony naszych parafian. &nbsp; Zapraszam bardzo serdecznie na codzienn\u0105 msz\u0119 \u015bw. W \u015brod\u0119 jak zwykle r\u00f3\u017caniec za dzieci\u00a0 \u00a0 \u00a0 \u00a0 \u00a0 \u00a0 \u00a0 \u00a0 [&hellip;]<\/p>\n","protected":false},"author":0,"featured_media":0,"comment_status":"closed","ping_status":"closed","sticky":false,"template":"","format":"standard","meta":{"ngg_post_thumbnail":0,"footnotes":""},"categories":[3],"tags":[],"class_list":["post-3844","post","type-post","status-publish","format-standard","hentry","category-ogloszenia"],"aioseo_notices":[],"_links":{"self":[{"href":"https:\/\/parafiakrzyzowa.pl\/index.php?rest_route=\/wp\/v2\/posts\/3844","targetHints":{"allow":["GET"]}}],"collection":[{"href":"https:\/\/parafiakrzyzowa.pl\/index.php?rest_route=\/wp\/v2\/posts"}],"about":[{"href":"https:\/\/parafiakrzyzowa.pl\/index.php?rest_route=\/wp\/v2\/types\/post"}],"replies":[{"embeddable":true,"href":"https:\/\/parafiakrzyzowa.pl\/index.php?rest_route=%2Fwp%2Fv2%2Fcomments&post=3844"}],"version-history":[{"count":1,"href":"https:\/\/parafiakrzyzowa.pl\/index.php?rest_route=\/wp\/v2\/posts\/3844\/revisions"}],"predecessor-version":[{"id":3845,"href":"https:\/\/parafiakrzyzowa.pl\/index.php?rest_route=\/wp\/v2\/posts\/3844\/revisions\/3845"}],"wp:attachment":[{"href":"https:\/\/parafiakrzyzowa.pl\/index.php?rest_route=%2Fwp%2Fv2%2Fmedia&parent=3844"}],"wp:term":[{"taxonomy":"category","embeddable":true,"href":"https:\/\/parafiakrzyzowa.pl\/index.php?rest_route=%2Fwp%2Fv2%2Fcategories&post=3844"},{"taxonomy":"post_tag","embeddable":true,"href":"https:\/\/parafiakrzyzowa.pl\/index.php?rest_route=%2Fwp%2Fv2%2Ftags&post=3844"}],"curies":[{"name":"wp","href":"https:\/\/api.w.org\/{rel}","templated":true}]}}