{"id":3847,"date":"2024-08-10T07:50:12","date_gmt":"2024-08-10T07:50:12","guid":{"rendered":"https:\/\/parafiakrzyzowa.pl\/?p=3847"},"modified":"2024-08-10T07:50:19","modified_gmt":"2024-08-10T07:50:19","slug":"3847","status":"publish","type":"post","link":"https:\/\/parafiakrzyzowa.pl\/?p=3847","title":{"rendered":""},"content":{"rendered":"<p><strong><u>INTENCJE\u00a0 MSZY \u015aWI\u0118TYCH<\/u><\/strong><\/p>\n<p><strong><u>\u00a0<\/u><\/strong><\/p>\n<p><strong><u>NIEDZIELA 11. VIII. 2024r.<\/u><\/strong><\/p>\n<p>&nbsp;<\/p>\n<p>Godz. 8:00 &#8211; ++ Julian Z\u0105bek w 12r. \u015bmierci \u017cona Maria i rodzice<\/p>\n<p>Godz. 10 \u00a0\u00a0\u00a0&#8211;\u00a0 \u00a0\u00a0+ Maria S\u0142owik w 22r. \u015bmierci<\/p>\n<p>Godz. 18 \u00a0\u00a0\u00a0&#8211;\u00a0 ++ Maria Czul w 3r. \u015bmierci m\u0105\u017c J\u00f3zef<\/p>\n<p>&nbsp;<\/p>\n<p><strong><u>PONIEDZIA\u0141EK 12. VIII. 2024r<\/u><\/strong><\/p>\n<p>&nbsp;<\/p>\n<p>Godz. 18\u00a0 \u00a0\u00a0&#8211;\u00a0\u00a0\u00a0\u00a0 \u00a0\u00a0O zdrowie i b\u0142 Bo\u017ce dla pewnej rodziny<\/p>\n<p><strong><u>\u00a0<\/u><\/strong><\/p>\n<p><strong><u>WTOREK 13. VIII. 2024r.<\/u><\/strong><\/p>\n<p>&nbsp;<\/p>\n<p>Godz. 7:00 &#8211;\u00a0\u00a0\u00a0 \u00a0\u00a0\u00a0\u00a0W intencji parafian<\/p>\n<p>&nbsp;<\/p>\n<p><strong><u>\u015aRODA 14 .VIII. 2024r. <\/u><\/strong><\/p>\n<p>&nbsp;<\/p>\n<p>Godz. 18 \u00a0\u00a0\u00a0&#8211; \u00a0\u00a0\u00a0\u00a0\u00a0+ Barbara Lotus w 3r. \u015bmierci<\/p>\n<p>&nbsp;<\/p>\n<p><strong><u>CZWARTEK 15. VIII. 2024r.-WNIEBOWZI\u0118CIE\u00a0 NM PANNY<\/u><\/strong><\/p>\n<p>&nbsp;<\/p>\n<p>Godz. 8:00\u00a0 &#8211;\u00a0 \u00a0\u00a0+ Jan P\u0142aza<\/p>\n<p>Godz. 10\u00a0\u00a0\u00a0\u00a0 &#8211;\u00a0 ++ Aniela Ryczek m\u0105\u017c Franciszek syn W\u0142adys\u0142aw<\/p>\n<p>Godz. 18\u00a0\u00a0\u00a0\u00a0 &#8211;\u00a0\u00a0\u00a0\u00a0 + Anna Pastor<\/p>\n<p><strong><u>\u00a0<\/u><\/strong><\/p>\n<p><strong><u>PI\u0104TEK 16. VIII. 2024r.<\/u><\/strong><\/p>\n<p>&nbsp;<\/p>\n<p>Godz. 18\u00a0\u00a0 &#8211; \u00a0\u00a0\u00a0\u00a0\u00a0\u00a0+ Pawe\u0142 Cima\u0142a w 6r. \u015bmierci<\/p>\n<p>&nbsp;<\/p>\n<p><strong><u>SOBOTA 17. VIII. 2024r<\/u><\/strong><strong><u>.\u00a0 <\/u><\/strong><\/p>\n<p>&nbsp;<\/p>\n<p>Godz. 18\u00a0 \u00a0&#8211; \u00a0\u00a0\u00a0\u00a0++ Karol i Anna Matlak<\/p>\n<p>&nbsp;<\/p>\n<p>Godz. 19 \u2013 Krzy\u017c\u00f3wki \u00a0&#8211; ++ Maria i Bronis\u0142aw Plaza<\/p>\n<p><strong>\u00a0<\/strong><\/p>\n<p><strong><u>NIEDZIELA\u00a0 18. VIII. 2024r<\/u><\/strong><strong><u>.<\/u><\/strong><\/p>\n<p>&nbsp;<\/p>\n<p>Godz. 8:00\u00a0 &#8211;\u00a0 ++\u00a0\u00a0 Weronika Dendys m\u0105\u017c W\u0142adys\u0142aw<\/p>\n<p>Godz. 10 \u00a0\u00a0\u00a0\u00a0&#8211; \u00a0++\u00a0\u00a0 Maria G\u00f3ra m\u0105\u017c Franciszek<\/p>\n<p>Godz. 18\u00a0\u00a0\u00a0\u00a0 &#8211; \u00a0\u00a0\u00a0+\u00a0\u00a0 Pawe\u0142 Pastor w 1r. \u015bmierci<\/p>\n<p>&nbsp;<\/p>\n<p>&nbsp;<\/p>\n<p>&nbsp;<\/p>\n<p>&nbsp;<\/p>\n<p>&nbsp;<\/p>\n","protected":false},"excerpt":{"rendered":"<p>INTENCJE\u00a0 MSZY \u015aWI\u0118TYCH \u00a0 NIEDZIELA 11. VIII. 2024r. &nbsp; Godz. 8:00 &#8211; ++ Julian Z\u0105bek w 12r. \u015bmierci \u017cona Maria i rodzice Godz. 10 \u00a0\u00a0\u00a0&#8211;\u00a0 \u00a0\u00a0+ Maria S\u0142owik w 22r. \u015bmierci Godz. 18 \u00a0\u00a0\u00a0&#8211;\u00a0 ++ Maria Czul w 3r. \u015bmierci m\u0105\u017c J\u00f3zef &nbsp; PONIEDZIA\u0141EK 12. VIII. 2024r &nbsp; Godz. 18\u00a0 \u00a0\u00a0&#8211;\u00a0\u00a0\u00a0\u00a0 \u00a0\u00a0O zdrowie i b\u0142 [&hellip;]<\/p>\n","protected":false},"author":0,"featured_media":0,"comment_status":"closed","ping_status":"closed","sticky":false,"template":"","format":"standard","meta":{"ngg_post_thumbnail":0,"footnotes":""},"categories":[7],"tags":[],"class_list":["post-3847","post","type-post","status-publish","format-standard","hentry","category-intencje"],"aioseo_notices":[],"_links":{"self":[{"href":"https:\/\/parafiakrzyzowa.pl\/index.php?rest_route=\/wp\/v2\/posts\/3847","targetHints":{"allow":["GET"]}}],"collection":[{"href":"https:\/\/parafiakrzyzowa.pl\/index.php?rest_route=\/wp\/v2\/posts"}],"about":[{"href":"https:\/\/parafiakrzyzowa.pl\/index.php?rest_route=\/wp\/v2\/types\/post"}],"replies":[{"embeddable":true,"href":"https:\/\/parafiakrzyzowa.pl\/index.php?rest_route=%2Fwp%2Fv2%2Fcomments&post=3847"}],"version-history":[{"count":1,"href":"https:\/\/parafiakrzyzowa.pl\/index.php?rest_route=\/wp\/v2\/posts\/3847\/revisions"}],"predecessor-version":[{"id":3848,"href":"https:\/\/parafiakrzyzowa.pl\/index.php?rest_route=\/wp\/v2\/posts\/3847\/revisions\/3848"}],"wp:attachment":[{"href":"https:\/\/parafiakrzyzowa.pl\/index.php?rest_route=%2Fwp%2Fv2%2Fmedia&parent=3847"}],"wp:term":[{"taxonomy":"category","embeddable":true,"href":"https:\/\/parafiakrzyzowa.pl\/index.php?rest_route=%2Fwp%2Fv2%2Fcategories&post=3847"},{"taxonomy":"post_tag","embeddable":true,"href":"https:\/\/parafiakrzyzowa.pl\/index.php?rest_route=%2Fwp%2Fv2%2Ftags&post=3847"}],"curies":[{"name":"wp","href":"https:\/\/api.w.org\/{rel}","templated":true}]}}