{"id":3852,"date":"2024-08-13T11:12:11","date_gmt":"2024-08-13T11:12:11","guid":{"rendered":"https:\/\/parafiakrzyzowa.pl\/?p=3852"},"modified":"2024-08-13T11:14:57","modified_gmt":"2024-08-13T11:14:57","slug":"3852","status":"publish","type":"post","link":"https:\/\/parafiakrzyzowa.pl\/?p=3852","title":{"rendered":""},"content":{"rendered":"<p lang=\"en-US\" align=\"center\"><span style=\"font-size: xx-large;\"><b><span style=\"font-family: Avenir Book, serif;\"><span lang=\"pl-PL\">Standardy ochrony dzieci w parafii Niepokalanego Serca NMPanny w Krzy\u017cowej<\/span><\/span><\/b><\/span><\/p>\n<p class=\"western\"><a name=\"D1349282\"><\/a><\/p>\n<ol>\n<li>\n<h1 class=\"western\" lang=\"en-US\"><a name=\"_Toc169082591\"><\/a> <span style=\"color: #2f3032;\"> <span lang=\"pl-PL\">Preambu\u0142a<\/span><\/span><\/h1>\n<\/li>\n<\/ol>\n<p class=\"western\" lang=\"en-US\"><span style=\"color: #1f2225;\"><span style=\"font-family: Avenir Book, serif;\"><span lang=\"pl-PL\">Niniejszy dokument zosta\u0142 opracowany w parafii Niepokalanego Serca NMPanny jako odpowied\u017a na prawny obowi\u0105zek wprowadzenia standard\u00f3w ochrony dzieci przed krzywdzeniem we wszystkich instytucjach, w kt\u00f3rych przebywaj\u0105 dzieci, zgodnie z ustaw\u0105 z dnia 28 lipca 2023 roku o zmianie ustawy Kodeks rodzinny i opieku\u0144czy oraz niekt\u00f3rych innych ustaw (Dz.U. 2023 poz. 1606). Przy jego opracowywaniu uwzgl\u0119dniono wytyczne zar\u00f3wno prawa pa\u0144stwowego, jak i ko\u015bcielnego.<\/span><\/span><\/span><\/p>\n<p class=\"western\" lang=\"en-US\"><span style=\"color: #1f2225;\"><span style=\"font-family: Avenir Book, serif;\"><span lang=\"pl-PL\">Ochrona dzieci przed przemoc\u0105 jest nie tylko obowi\u0105zkiem prawnym, ale przede wszystkim moralnym imperatywem wynikaj\u0105cym z warto\u015bci chrze\u015bcija\u0144skich. Ko\u015bci\u00f3\u0142, realizuj\u0105c misj\u0119 powierzon\u0105 mu przez Pana, stawia na pierwszym miejscu dobro dziecka, uznaj\u0105c moraln\u0105 i prawn\u0105 odpowiedzialno\u015b\u0107 za jego ochron\u0119. Wszyscy zaanga\u017cowani w \u017cycie Ko\u015bcio\u0142a zobowi\u0105zuj\u0105 si\u0119 do stworzenia bezpiecznego i przyjaznego \u015brodowiska, w kt\u00f3rym dobro dziecka jest chronione i szanowane, a stosowanie wobec niego przemocy w jakiejkolwiek formie jest niedopuszczalne.<\/span><\/span><\/span><\/p>\n<p class=\"western\" lang=\"en-US\"><span style=\"color: #1f2225;\"><span style=\"font-family: Avenir Book, serif;\"><span lang=\"pl-PL\">Dokument ten wyznacza standardy ochrony dzieci przed przemoc\u0105, zapewniaj\u0105c skuteczne dzia\u0142ania zapobiegawcze i interwencyjne, oparte na wiedzy i empatii, zgodnie z Konwencj\u0105 o Prawach Dziecka. Poprzez odpowiedni\u0105 edukacj\u0119 i \u015bwiadomo\u015b\u0107 zagro\u017ce\u0144, Ko\u015bci\u00f3\u0142 mo\u017ce efektywnie zapobiega\u0107 krzywdzeniu dzieci i skutecznie je chroni\u0107, realizuj\u0105c tym samym swoje ewangeliczne pos\u0142annictwo.<\/span><\/span><\/span><\/p>\n<ol start=\"2\">\n<li>\n<h1 class=\"western\" lang=\"en-US\"><a name=\"_Toc169082592\"><\/a> <span style=\"color: #1f2225;\"> <span lang=\"pl-PL\">Zawarto\u015b\u0107 dokumentu<\/span><\/span><\/h1>\n<\/li>\n<\/ol>\n<p class=\"western\" lang=\"en-US\"><span style=\"color: #1f2225;\"><span style=\"font-family: Avenir Book, serif;\"><span lang=\"pl-PL\">Dokument opisuje szczeg\u00f3\u0142owe zasady bezpiecze\u0144stwa i sposoby ochrony dzieci i bezbronnych doros\u0142ych uczestnicz\u0105cych w \u017cyciu parafii i dotyczy:<\/span><\/span><\/span><\/p>\n<ul>\n<li>\n<p class=\"western\" lang=\"en-US\"><span style=\"color: #1f2225;\"><span style=\"font-family: Avenir Book, serif;\"><span lang=\"pl-PL\">rekrutacji personelu i os\u00f3b zaanga\u017cowanych duszpastersko w parafii;<\/span><\/span><\/span><\/p>\n<\/li>\n<li>\n<p class=\"western\" lang=\"en-US\"><span style=\"color: #1f2225;\"><span style=\"font-family: Avenir Book, serif;\"><span lang=\"pl-PL\">bezpiecznych relacji pomi\u0119dzy doros\u0142ymi zatrudnionymi i pomagaj\u0105cymi duszpastersko w parafii a dzie\u0107mi i bezbronnymi doros\u0142ymi;<\/span><\/span><\/span><\/p>\n<\/li>\n<li>\n<p class=\"western\" lang=\"en-US\"><span style=\"color: #1f2225;\"><span style=\"font-family: Avenir Book, serif;\"><span lang=\"pl-PL\">bezpiecznych relacji pomi\u0119dzy r\u00f3wie\u015bnikami;<\/span><\/span><\/span><\/p>\n<\/li>\n<li>\n<p class=\"western\" lang=\"en-US\"><span style=\"color: #1f2225;\"><span style=\"font-family: Avenir Book, serif;\"><span lang=\"pl-PL\">bezpiecznego korzystania z Internetu i medi\u00f3w elektronicznych;<\/span><\/span><\/span><\/p>\n<\/li>\n<li>\n<p class=\"western\" lang=\"en-US\"><span style=\"color: #1f2225;\"><span style=\"font-family: Avenir Book, serif;\"><span lang=\"pl-PL\">zasady ochrony wizerunku i danych osobowych;<\/span><\/span><\/span><\/p>\n<\/li>\n<li>\n<p class=\"western\" lang=\"en-US\"><span style=\"color: #1f2225;\"><span style=\"font-family: Avenir Book, serif;\"><span lang=\"pl-PL\">sposobu reagowania w parafii na przypadki podejrzenia, \u017ce dziecko do\u015bwiadcza przemocy fizycznej, psychicznej czy seksualnej i zasad prowadzenia rejestru interwencji (<\/span><\/span><\/span><span style=\"color: #2f3032;\"><span style=\"font-family: Avenir Book, serif;\"><span lang=\"pl-PL\"><b>Za\u0142\u0105cznik 3<\/b><\/span><\/span><\/span><span style=\"color: #1f2225;\"><span style=\"font-family: Avenir Book, serif;\"><span lang=\"pl-PL\">);<\/span><\/span><\/span><\/p>\n<\/li>\n<li>\n<p class=\"western\" lang=\"en-US\"><span style=\"color: #1f2225;\"><span style=\"font-family: Avenir Book, serif;\"><span lang=\"pl-PL\">pomocy osobom pokrzywdzonym.<\/span><\/span><\/span><\/p>\n<\/li>\n<\/ul>\n<p class=\"western\" lang=\"en-US\"><span style=\"color: #1f2225;\"><span style=\"font-family: Avenir Book, serif;\"><span lang=\"pl-PL\">Standardy ochrony s\u0105 dost\u0119pne w parafii i podane do publicznej wiadomo\u015bci na stronie internetowej parafii.<\/span><\/span><\/span><\/p>\n<ol start=\"3\">\n<li>\n<h1 class=\"western\" lang=\"en-US\"><a name=\"_Toc169082593\"><\/a> <span style=\"color: #1f2225;\"> <span lang=\"pl-PL\">Obja\u015bnienie termin\u00f3w (s\u0142owniczek)<\/span><\/span><\/h1>\n<\/li>\n<\/ol>\n<h2 class=\"western\" lang=\"en-US\"><a name=\"_Toc169082594\"><\/a><span style=\"color: #1f2225;\"><span lang=\"pl-PL\">Osoby, ich role i funkcje w Ko\u015bciele<\/span><\/span><\/h2>\n<p class=\"western\" lang=\"en-US\"><span style=\"color: #2f3032;\"><span style=\"font-family: Avenir Book, serif;\"><span lang=\"pl-PL\"><b>ksi\u0105dz<\/b><\/span><\/span><\/span><span style=\"color: #1f2225;\"><span style=\"font-family: Avenir Book, serif;\"><span lang=\"pl-PL\"> \u2013 duchowny chrze\u015bcija\u0144ski posiadaj\u0105cy \u015bwi\u0119cenia kap\u0142a\u0144skie.<\/span><\/span><\/span><\/p>\n<p class=\"western\" lang=\"en-US\"><span style=\"color: #2f3032;\"><span style=\"font-family: Avenir Book, serif;\"><span lang=\"pl-PL\"><b>kap\u0142an<\/b><\/span><\/span><\/span><span style=\"color: #1f2225;\"><span style=\"font-family: Avenir Book, serif;\"><span lang=\"pl-PL\"> \u2013 osoba, kt\u00f3ra spe\u0142nia w imieniu wsp\u00f3lnoty religijnej funkcje kultowe i rytualne.<\/span><\/span><\/span><\/p>\n<p class=\"western\" lang=\"en-US\"><span style=\"color: #2f3032;\"><span style=\"font-family: Avenir Book, serif;\"><span lang=\"pl-PL\"><b>duchowie\u0144stwo<\/b><\/span><\/span><\/span><span style=\"color: #1f2225;\"><span style=\"font-family: Avenir Book, serif;\"><span lang=\"pl-PL\"> \u2013 biskupi, ksi\u0119\u017ca i diakoni.<\/span><\/span><\/span><\/p>\n<p class=\"western\" lang=\"en-US\"><span style=\"color: #2f3032;\"><span style=\"font-family: Avenir Book, serif;\"><span lang=\"pl-PL\"><b>osoby konsekrowane<\/b><\/span><\/span><\/span><span style=\"color: #1f2225;\"><span style=\"font-family: Avenir Book, serif;\"><span lang=\"pl-PL\"> \u2013 osoby, kt\u00f3re w spos\u00f3b szczeg\u00f3lny po\u015bwi\u0119caj\u0105 \u017cycie Bogu. \u0141\u0105czy je konsekracja, kt\u00f3ra wi\u0105\u017ce si\u0119 ze z\u0142o\u017ceniem Bogu \u015blub\u00f3w czysto\u015bci oraz najcz\u0119\u015bciej r\u00f3wnie\u017c ub\u00f3stwa i pos\u0142usze\u0144stwa, cho\u0107 zale\u017cy to od formy \u017cycia konsekrowanego. Nale\u017c\u0105 do nich cz\u0142onkowie stowarzysze\u0144 zakonnych oraz \u015bwieckie osoby konsekrowane.<\/span><\/span><\/span><\/p>\n<p class=\"western\" lang=\"en-US\"><span style=\"color: #2f3032;\"><span style=\"font-family: Avenir Book, serif;\"><span lang=\"pl-PL\"><b>osoba \u015bwiecka<\/b><\/span><\/span><\/span><span style=\"color: #1f2225;\"><span style=\"font-family: Avenir Book, serif;\"><span lang=\"pl-PL\"> \u2013 cz\u0142onek Ko\u015bcio\u0142a katolickiego i personel Ko\u015bcio\u0142a inny ni\u017c biskupi, ksi\u0119\u017ca, diakoni i osoby zakonne.<\/span><\/span><\/span><\/p>\n<p class=\"western\" lang=\"en-US\"><span style=\"color: #2f3032;\"><span style=\"font-family: Avenir Book, serif;\"><span lang=\"pl-PL\"><b>biskup<\/b><\/span><\/span><\/span><span style=\"color: #1f2225;\"><span style=\"font-family: Avenir Book, serif;\"><span lang=\"pl-PL\"> \u2013 biskup lub arcybiskup diecezjalny, ordynariusz ordynariatu i pra\u0142at Pra\u0142atury Personalnej Ko\u015bcio\u0142a \u0142aci\u0144skiego oraz hierarcha Ko\u015bcio\u0142\u00f3w wschodnich.<\/span><\/span><\/span><\/p>\n<p class=\"western\" lang=\"en-US\"><span style=\"color: #2f3032;\"><span style=\"font-family: Avenir Book, serif;\"><span lang=\"pl-PL\"><b>proboszcz, administrator<\/b><\/span><\/span><\/span><span style=\"color: #1f2225;\"><span style=\"font-family: Avenir Book, serif;\"><span lang=\"pl-PL\"> \u2013 mianowany przez biskupa duszpasterz i zarz\u0105dca parafii.<\/span><\/span><\/span><\/p>\n<p class=\"western\" lang=\"en-US\"><span style=\"color: #2f3032;\"><span style=\"font-family: Avenir Book, serif;\"><span lang=\"pl-PL\"><b>personel ko\u015bcielny<\/b><\/span><\/span><\/span><span style=\"color: #1f2225;\"><span style=\"font-family: Avenir Book, serif;\"><span lang=\"pl-PL\"> \u2013 duchowny, osoba zakonna lub inna osoba zatrudniona przez Ko\u015bci\u00f3\u0142 na podstawie umowy, podwykonawstwa, dobrowolnie lub nieodp\u0142atnie.<\/span><\/span><\/span><\/p>\n<p class=\"western\" lang=\"en-US\"><span style=\"color: #2f3032;\"><span style=\"font-family: Avenir Book, serif;\"><span lang=\"pl-PL\"><b>szafarz nadzwyczajny Komunii \u015awi\u0119tej<\/b><\/span><\/span><\/span><span style=\"color: #1f2225;\"><span style=\"font-family: Avenir Book, serif;\"><span lang=\"pl-PL\"> \u2013 osoba wyznaczona do udzielania Komunii \u015awi\u0119tej, gdy zabraknie odpowiedniej liczby szafarzy zwyczajnych.<\/span><\/span><\/span><\/p>\n<p class=\"western\" lang=\"en-US\"><span style=\"color: #2f3032;\"><span style=\"font-family: Avenir Book, serif;\"><span lang=\"pl-PL\"><b>wolontariusz<\/b><\/span><\/span><\/span><span style=\"color: #1f2225;\"><span style=\"font-family: Avenir Book, serif;\"><span lang=\"pl-PL\"> \u2013 osoba, kt\u00f3ra na rzecz innych os\u00f3b lub danej grupy spo\u0142ecznej, dobrowolnie i bezp\u0142atnie \u015bwiadczy prac\u0119 wykraczaj\u0105c\u0105 poza zwi\u0105zki rodzinno-kole\u017ce\u0144sko\u00adprzyjacielskie. Okre\u015blenie \u201ebezp\u0142atna\u201d nie oznacza \u201ebezinteresowna\u201d, lecz \u201ebez wynagrodzenia materialnego\u201d.<\/span><\/span><\/span><\/p>\n<p class=\"western\" lang=\"en-US\"><span style=\"color: #2f3032;\"><span style=\"font-family: Avenir Book, serif;\"><span lang=\"pl-PL\"><b>organizator wyjazdu<\/b><\/span><\/span><\/span><span style=\"color: #1f2225;\"><span style=\"font-family: Avenir Book, serif;\"><span lang=\"pl-PL\"> \u2013 osoba\/podmiot uprawniony do organizacji wyjazdu dzieci \u2013 parafie, wsp\u00f3lnoty religijne, szko\u0142y i plac\u00f3wki, przedsi\u0119biorcy podlegaj\u0105cy ustawie o us\u0142ugach turystycznych, osoby fizyczne, osoby prawne i jednostki nieposiadaj\u0105ce osobowo\u015bci prawnej.<\/span><\/span><\/span><\/p>\n<h2 class=\"western\"><\/h2>\n<h2 class=\"western\" lang=\"en-US\"><a name=\"_Toc169082595\"><\/a><span style=\"color: #1f2225;\"><span lang=\"pl-PL\">Organizacja pos\u0142ugi Ko\u015bcio\u0142a<\/span><\/span><\/h2>\n<p class=\"western\" lang=\"en-US\"><span style=\"color: #2f3032;\"><span style=\"font-family: Avenir Book, serif;\"><span lang=\"pl-PL\"><b>diecezja<\/b><\/span><\/span><\/span><span style=\"color: #1f2225;\"><span style=\"font-family: Avenir Book, serif;\"><span lang=\"pl-PL\"> \u2013 jednostka administracyjna w ko\u015bcio\u0142ach chrze\u015bcija\u0144skich podleg\u0142a biskupowi.<\/span><\/span><\/span><\/p>\n<p class=\"western\" lang=\"en-US\"><span style=\"color: #2f3032;\"><span style=\"font-family: Avenir Book, serif;\"><span lang=\"pl-PL\"><b>parafia<\/b><\/span><\/span><\/span><span style=\"color: #1f2225;\"><span style=\"font-family: Avenir Book, serif;\"><span lang=\"pl-PL\"> \u2013 okre\u015blona wsp\u00f3lnota wiernych, utworzona na spos\u00f3b sta\u0142y w Ko\u015bciele partykularnym, nad kt\u00f3r\u0105 pastersk\u0105 piecz\u0119, pod zwierzchnictwem biskupa diecezjalnego, powierza si\u0119 proboszczowi (administratorowi), jako jej w\u0142asnemu pasterzowi.<\/span><\/span><\/span><\/p>\n<p class=\"western\" lang=\"en-US\"><span style=\"color: #2f3032;\"><span style=\"font-family: Avenir Book, serif;\"><span lang=\"pl-PL\"><b>duszpasterstwo, w tym duszpasterstwo parafialne<\/b><\/span><\/span><\/span><span style=\"color: #1f2225;\"><span style=\"font-family: Avenir Book, serif;\"><span lang=\"pl-PL\"> \u2013 sytuacja, w kt\u00f3rej jedna osoba jest odpowiedzialna za dobro drugiej lub za wsp\u00f3lnot\u0119 wyznaniow\u0105. Obejmuje celebrowanie liturgii, zapewnienie porad i wsparcia duchowego, edukacj\u0119, poradnictwo, opiek\u0119 medyczn\u0105 i pomoc w potrzebie. <\/span><\/span><\/span><span style=\"color: #000000;\"><span style=\"font-family: Avenir Book, serif;\"><span lang=\"pl-PL\">Wszelka praca polegaj\u0105ca na nadzorze lub wychowaniu dzieci jest dzie\u0142em duszpasterskim.<\/span><\/span><\/span><\/p>\n<p class=\"western\" lang=\"en-US\"><span style=\"color: #2f3032;\"><span style=\"font-family: Avenir Book, serif;\"><span lang=\"pl-PL\"><b>duszpasterstwo pozaparafialne<\/b><\/span><\/span><\/span><span style=\"color: #1f2225;\"><span style=\"font-family: Avenir Book, serif;\"><span lang=\"pl-PL\"> \u2013 duszpasterstwa, wsp\u00f3lnoty, grupy gromadz\u0105ce m\u0142odych ludzi (m\u0142odzie\u017c licealna, studenci, m\u0142odzi doro\u015bli), w tym wolontariaty, wakacyjne spotkania m\u0142odych (organizowane przez zakony, zgromadzenia zakonne, wsp\u00f3lnoty), festiwale m\u0142odzie\u017cowe, rekolekcje wyjazdowe, wsp\u00f3lnoty r\u00f3\u017cnych stan\u00f3w, pielgrzymki piesze, pielgrzymki autokarowe, \u015brodowiska harcerskie. To dzie\u0142a, kt\u00f3re mog\u0105 dzia\u0142a\u0107 przy parafiach, ale maj\u0105 struktury pozaparafialne.<\/span><\/span><\/span><\/p>\n<h2 class=\"western\" lang=\"en-US\"><a name=\"_Toc169082596\"><\/a><span style=\"color: #1f2225;\"><span lang=\"pl-PL\">Dzieci i osoby bezbronne<\/span><\/span><\/h2>\n<p class=\"western\" lang=\"en-US\"><span style=\"color: #2f3032;\"><span style=\"font-family: Avenir Book, serif;\"><span lang=\"pl-PL\"><b>dziecko<\/b><\/span><\/span><\/span><span style=\"color: #1f2225;\"><span style=\"font-family: Avenir Book, serif;\"><span lang=\"pl-PL\"> \u2013 osoba poni\u017cej <\/span><\/span><\/span><span style=\"color: #2f3032;\"><span style=\"font-family: Avenir Book, serif;\"><span lang=\"pl-PL\"><b>18. roku \u017cycia<\/b><\/span><\/span><\/span><span style=\"color: #1f2225;\"><span style=\"font-family: Avenir Book, serif;\"><span lang=\"pl-PL\">.<\/span><\/span><\/span><\/p>\n<p class=\"western\" lang=\"en-US\"><span style=\"color: #2f3032;\"><span style=\"font-family: Avenir Book, serif;\"><span lang=\"pl-PL\"><b>wiek bezwzgl\u0119dnej ochrony<\/b><\/span><\/span><\/span><span style=\"color: #1f2225;\"><span style=\"font-family: Avenir Book, serif;\"><span lang=\"pl-PL\"> \u2013 wiek ni\u017cszy ni\u017c wiek zgody. Czynno\u015b\u0107 seksualna z osob\u0105 w wieku ochronnym jest czynem zabronionym (wykorzystaniem seksualnym), a osoba dopuszczaj\u0105ca si\u0119 jej i lub doprowadzaj\u0105ca do niej podlega odpowiedzialno\u015bci karnej. W Polsce obecnie wynosi 15 lat.<\/span><\/span><\/span><\/p>\n<p class=\"western\" lang=\"en-US\"><span style=\"color: #2f3032;\"><span style=\"font-family: Avenir Book, serif;\"><span lang=\"pl-PL\"><b>dziecko wykorzystane seksualnie<\/b><\/span><\/span><\/span><span style=\"color: #1f2225;\"><span style=\"font-family: Avenir Book, serif;\"><span lang=\"pl-PL\"> \u2013 ka\u017cde dziecko w wieku bezwzgl\u0119dnej ochrony, je\u015bli osoba dojrza\u0142a seksualnie, czy to przez \u015bwiadome dzia\u0142anie, czy te\u017c przez zaniedbywanie swoich spo\u0142ecznych obowi\u0105zk\u00f3w lub obowi\u0105zk\u00f3w wynikaj\u0105cych ze specyficznej odpowiedzialno\u015bci za dziecko, dopuszcza si\u0119 zaanga\u017cowania dziecka w jak\u0105kolwiek aktywno\u015b\u0107 natury seksualnej, kt\u00f3rej intencj\u0105 jest zaspokojenie osoby doros\u0142ej (<\/span><\/span><\/span><span style=\"color: #2a2b2d;\"><span style=\"font-family: Avenir Book, serif;\"><span lang=\"pl-PL\"><i>Standing Committee on Sexually Abused Children<\/i><\/span><\/span><\/span><span style=\"color: #1f2225;\"><span style=\"font-family: Avenir Book, serif;\"><span lang=\"pl-PL\">).<\/span><\/span><\/span><\/p>\n<p class=\"western\" lang=\"en-US\"><span style=\"color: #2f3032;\"><span style=\"font-family: Avenir Book, serif;\"><span lang=\"pl-PL\"><b>opiekun<\/b><\/span><\/span><\/span><span style=\"color: #1f2225;\"><span style=\"font-family: Avenir Book, serif;\"><span lang=\"pl-PL\"> \u2013 osoba sprawuj\u0105ca piecz\u0119 nad dzieckiem, uprawniona do reprezentacji dziecka oraz posiadaj\u0105ca w\u0142adz\u0119 prawn\u0105 do dbania o interesy osobiste i maj\u0105tkowe innej osoby (rodzic, rodzic zast\u0119pczy lub osoba uprawniona przez rodzica).<\/span><\/span><\/span><\/p>\n<p class=\"western\" lang=\"en-US\"><span style=\"color: #2f3032;\"><span style=\"font-family: Avenir Book, serif;\"><span lang=\"pl-PL\"><b>zgoda opiekuna<\/b><\/span><\/span><\/span><span style=\"color: #1f2225;\"><span style=\"font-family: Avenir Book, serif;\"><span lang=\"pl-PL\"> \u2013 zgoda rodzic\u00f3w albo zgoda opiekuna, rodzica zast\u0119pczego lub opiekuna tymczasowego. Jednak w przypadku braku porozumienia mi\u0119dzy rodzicami dziecka nale\u017cy poinformowa\u0107 rodzic\u00f3w o konieczno\u015bci rozstrzygni\u0119cia sprawy przez s\u0105d rodzinny (orzeczenie s\u0105du opieku\u0144czego zast\u0119puje zgod\u0119 rodzic\u00f3w).<\/span><\/span><\/span><\/p>\n<p class=\"western\" lang=\"en-US\"><span style=\"color: #2f3032;\"><span style=\"font-family: Avenir Book, serif;\"><span lang=\"pl-PL\"><b>osoba doros\u0142a bezbronna zgodnie z art. 1 ust. 2 b) Vos Estis Lux Mundi<\/b><\/span><\/span><\/span><span style=\"color: #1f2225;\"><span style=\"font-family: Avenir Book, serif;\"><span lang=\"pl-PL\"> \u2013 ka\u017cda osoba znajduj\u0105ca si\u0119 w stanie niepe\u0142nosprawno\u015bci, upo\u015bledzeniu fizycznym lub psychicznym albo pozbawiona wolno\u015bci osobistej, kt\u00f3re w rzeczywisto\u015bci, nawet sporadycznie, ograniczaj\u0105 ich zdolno\u015b\u0107 zrozumienia, ch\u0119ci lub przeciwstawienia si\u0119 przest\u0119pstwu w inny spos\u00f3b.<\/span><\/span><\/span><\/p>\n<h2 class=\"western\" lang=\"en-US\"><a name=\"_Toc169082597\"><\/a><span style=\"color: #1f2225;\"><span lang=\"pl-PL\">R\u00f3\u017cne formy przemocy<\/span><\/span><\/h2>\n<p class=\"western\" lang=\"en-US\"><span style=\"color: #2f3032;\"><span style=\"font-family: Avenir Book, serif;\"><span lang=\"pl-PL\"><b>uwik\u0142anie<\/b><\/span><\/span><\/span><span style=\"color: #1f2225;\"><span style=\"font-family: Avenir Book, serif;\"><span lang=\"pl-PL\"> \u2013 ka\u017cda relacja, w kt\u00f3rej kto\u015b do\u015bwiadcza strachu, l\u0119ku, poczucia winy, poczucia krzywdy, frustracji, poni\u017cenia, zniewolenia, zale\u017cno\u015bci, dominacji, niemo\u017cno\u015bci bycia sob\u0105, nieszczero\u015bci, braku autentyczno\u015bci, przemocy emocjonalnej, fizycznej, seksualnej czy ekonomicznej.<\/span><\/span><\/span><\/p>\n<p class=\"western\" lang=\"en-US\"><span style=\"color: #2f3032;\"><span style=\"font-family: Avenir Book, serif;\"><span lang=\"pl-PL\"><b>nadu\u017cycie<\/b><\/span><\/span><\/span><span style=\"color: #1f2225;\"><span style=\"font-family: Avenir Book, serif;\"><span lang=\"pl-PL\"> \u2013 post\u0119powanie lub czyn niezgodny z przyj\u0119tymi normami post\u0119powania, a <\/span><\/span><\/span><span style=\"color: #2a2b2d;\"><span style=\"font-family: Avenir Book, serif;\"><span lang=\"pl-PL\"><i>nadu\u017cywa\u0107<\/i><\/span><\/span><\/span><span style=\"color: #1f2225;\"><span style=\"font-family: Avenir Book, serif;\"><span lang=\"pl-PL\"> oznacza <\/span><\/span><\/span><span style=\"color: #2a2b2d;\"><span style=\"font-family: Avenir Book, serif;\"><span lang=\"pl-PL\"><i>u\u017cy\u0107 ponad miar\u0119<\/i><\/span><\/span><\/span><span style=\"color: #1f2225;\"><span style=\"font-family: Avenir Book, serif;\"><span lang=\"pl-PL\"> oraz <\/span><\/span><\/span><span style=\"color: #2a2b2d;\"><span style=\"font-family: Avenir Book, serif;\"><span lang=\"pl-PL\"><i>wykorzysta\u0107 co\u015b w niew\u0142a\u015bciwy spos\u00f3b lub w nadmiernym stopniu<\/i><\/span><\/span><\/span><span style=\"color: #1f2225;\"><span style=\"font-family: Avenir Book, serif;\"><span lang=\"pl-PL\"> (SJP). 9<\/span><\/span><\/span><\/p>\n<p class=\"western\" lang=\"en-US\"><span style=\"color: #2f3032;\"><span style=\"font-family: Avenir Book, serif;\"><span lang=\"pl-PL\"><b>nadu\u017cycie w\u0142adzy<\/b><\/span><\/span><\/span><span style=\"color: #1f2225;\"><span style=\"font-family: Avenir Book, serif;\"><span lang=\"pl-PL\"> \u2013 nadu\u017cycie stanowiska, funkcji lub obowi\u0105zku w celu wykorzystania innej osoby. Mo\u017ce przybiera\u0107 r\u00f3\u017cne formy i obejmowa\u0107 sytuacje, w kt\u00f3rych dana osoba ma w\u0142adz\u0119 nad inn\u0105 osob\u0105 na mocy swojego zwi\u0105zku (np. pracodawca i pracownik, nauczyciel i ucze\u0144, trener i sportowiec, rodzic lub opiekun i dziecko, duchowny\/osoba zakonna i parafianin) i wykorzystuje t\u0119 w\u0142adz\u0119 na swoj\u0105 korzy\u015b\u0107.<\/span><\/span><\/span><\/p>\n<p class=\"western\" lang=\"en-US\"><span style=\"color: #2f3032;\"><span style=\"font-family: Avenir Book, serif;\"><span lang=\"pl-PL\"><b>przemoc duchowa<\/b><\/span><\/span><\/span><span style=\"color: #1f2225;\"><span style=\"font-family: Avenir Book, serif;\"><span lang=\"pl-PL\"> \u2013 odwo\u0142ywanie si\u0119 do przekona\u0144 religijnych i wiary osoby w celu wyrz\u0105dzenia jej szkody. Mo\u017ce mie\u0107 negatywny wp\u0142yw na duchowo\u015b\u0107 osoby poszkodowanej, zw\u0142aszcza gdy dopuszcza si\u0119 jej osoba posiadaj\u0105ca duchowy autorytet i zaufanie w Ko\u015bciele.<\/span><\/span><\/span><\/p>\n<p class=\"western\" lang=\"en-US\"><span style=\"color: #2f3032;\"><span style=\"font-family: Avenir Book, serif;\"><span lang=\"pl-PL\"><b>przemoc domowa<\/b><\/span><\/span><\/span><span style=\"color: #1f2225;\"><span style=\"font-family: Avenir Book, serif;\"><span lang=\"pl-PL\"> \u2013 jednorazowe lub powtarzaj\u0105ce si\u0119 umy\u015blne dzia\u0142anie lub zaniechanie naruszaj\u0105ce prawa lub dobra osobiste os\u00f3b, w szczeg\u00f3lno\u015bci nara\u017caj\u0105ce na niebezpiecze\u0144stwo utraty \u017cycia lub zdrowia, naruszaj\u0105ce godno\u015b\u0107, nietykalno\u015b\u0107 cielesn\u0105, wolno\u015b\u0107, w tym wolno\u015b\u0107 seksualn\u0105, powoduj\u0105ce szkody na ich zdrowiu fizycznym lub psychicznym, a tak\u017ce wywo\u0142uj\u0105ce cierpienia i krzywdy moralne u os\u00f3b dotkni\u0119tych przemoc\u0105 (art. 2 Ustawy o przeciwdzia\u0142aniu przemocy w rodzinie).<\/span><\/span><\/span><\/p>\n<p class=\"western\" lang=\"en-US\"><span style=\"color: #2f3032;\"><span style=\"font-family: Avenir Book, serif;\"><span lang=\"pl-PL\"><b>zaniedbanie (wobec osoby doros\u0142ej)<\/b><\/span><\/span><\/span><span style=\"color: #1f2225;\"><span style=\"font-family: Avenir Book, serif;\"><span lang=\"pl-PL\"> \u2013 niezapewnienie przez opiekuna \u015brodk\u00f3w niezb\u0119dnych do \u017cycia osobie, kt\u00f3r\u0105 si\u0119 opiekuje.<\/span><\/span><\/span><\/p>\n<p class=\"western\" lang=\"en-US\"><span style=\"color: #2f3032;\"><span style=\"font-family: Avenir Book, serif;\"><span lang=\"pl-PL\"><b>przemoc wobec os\u00f3b starszych<\/b><\/span><\/span><\/span><span style=\"color: #1f2225;\"><span style=\"font-family: Avenir Book, serif;\"><span lang=\"pl-PL\"> \u2013 pojedyncze lub powtarzaj\u0105ce si\u0119 dzia\u0142anie lub brak odpowiedniego dzia\u0142ania, maj\u0105ce miejsce w jakimkolwiek zwi\u0105zku, w kt\u00f3rym oczekuje si\u0119 zaufania, kt\u00f3re powoduje krzywd\u0119 lub cierpienie starszej osoby.<\/span><\/span><\/span><\/p>\n<p class=\"western\" lang=\"en-US\"><span style=\"color: #2f3032;\"><span style=\"font-family: Avenir Book, serif;\"><span lang=\"pl-PL\"><b>przemoc emocjonalna (doro\u015bli)<\/b><\/span><\/span><\/span><span style=\"color: #1f2225;\"><span style=\"font-family: Avenir Book, serif;\"><span lang=\"pl-PL\"> \u2013 powszechna forma przemocy maj\u0105ca miejsce w bliskich zwi\u0105zkach. Przemoc emocjonalna jest definiowana jako molestowanie, kt\u00f3re ma miejsce, gdy dana osoba jest poddawana zachowaniom lub dzia\u0142aniom maj\u0105cym na celu jej kontrolowanie, z zamiarem wyrz\u0105dzenia jej krzywdy emocjonalnej lub strachu, poprzez manipulacj\u0119, izolacj\u0119 lub zastraszanie.<\/span><\/span><\/span><\/p>\n<p class=\"western\" lang=\"en-US\"><span style=\"color: #2f3032;\"><span style=\"font-family: Avenir Book, serif;\"><span lang=\"pl-PL\"><b>bullying<\/b><\/span><\/span><\/span><span style=\"color: #1f2225;\"><span style=\"font-family: Avenir Book, serif;\"><span lang=\"pl-PL\"> \u2013 zn\u0119canie, zastraszanie, prze\u015bladowanie werbalne, spo\u0142eczne, a tak\u017ce fizyczne.<\/span><\/span><\/span><\/p>\n<p class=\"western\" lang=\"en-US\"><span style=\"color: #2f3032;\"><span style=\"font-family: Avenir Book, serif;\"><span lang=\"pl-PL\"><b>gaslighting<\/b><\/span><\/span><\/span><span style=\"color: #1f2225;\"><span style=\"font-family: Avenir Book, serif;\"><span lang=\"pl-PL\"> \u2013 przemoc psychiczna polegaj\u0105ca na manipulowania drug\u0105 osob\u0105 w taki spos\u00f3b, \u017ce ofiara przemocy z czasem przestaje ufa\u0107 swoim os\u0105dom, staje si\u0119 zdezorientowana, zal\u0119kniona i traci zaufanie do swojej pami\u0119ci czy percepcji. Je\u015bli manipulacja jest stosowana stale i metodycznie, mo\u017ce w ko\u0144cu doprowadzi\u0107 do tego, \u017ce ofiara zacznie kwestionowa\u0107 swoje zdrowie psychiczne. W ten spos\u00f3b manipulator przejmuje nad ni\u0105 ca\u0142kowit\u0105 kontrol\u0119.<\/span><\/span><\/span><\/p>\n<p class=\"western\" lang=\"en-US\"><span style=\"color: #2f3032;\"><span style=\"font-family: Avenir Book, serif;\"><span lang=\"pl-PL\"><b>grooming (wobec doros\u0142ego)<\/b><\/span><\/span><\/span><span style=\"color: #1f2225;\"><span style=\"font-family: Avenir Book, serif;\"><span lang=\"pl-PL\"> \u2013 zachowania maj\u0105ce na celu izolacj\u0119 osoby, uczynienie jej zale\u017cn\u0105, sk\u0142onn\u0105 do zaufania i bardziej podatn\u0105 na agresywne zachowanie.<\/span><\/span><\/span><\/p>\n<p class=\"western\" lang=\"en-US\"><span style=\"color: #2f3032;\"><span style=\"font-family: Avenir Book, serif;\"><span lang=\"pl-PL\"><b>seksizm<\/b><\/span><\/span><\/span><span style=\"color: #1f2225;\"><span style=\"font-family: Avenir Book, serif;\"><span lang=\"pl-PL\"> \u2013 uprzedzenie lub dyskryminacja ze wzgl\u0119du na p\u0142e\u0107.<\/span><\/span><\/span><\/p>\n<p class=\"western\" lang=\"en-US\"><span style=\"color: #2f3032;\"><span style=\"font-family: Avenir Book, serif;\"><span lang=\"pl-PL\"><b>seksualizacja<\/b><\/span><\/span><\/span><span style=\"color: #1f2225;\"><span style=\"font-family: Avenir Book, serif;\"><span lang=\"pl-PL\"> \u2013 <\/span><\/span><\/span><span style=\"color: #2a2b2d;\"><span style=\"font-family: Avenir Book, serif;\"><span lang=\"pl-PL\"><i>proces,<\/i><\/span><\/span><\/span><span style=\"color: #1f2225;\"><span style=\"font-family: Avenir Book, serif;\"><span lang=\"pl-PL\"> w wyniku kt\u00f3rego <\/span><\/span><\/span><span style=\"color: #2a2b2d;\"><span style=\"font-family: Avenir Book, serif;\"><span lang=\"pl-PL\"><i>warto\u015bciowanie<\/i><\/span><\/span><\/span><span style=\"color: #1f2225;\"><span style=\"font-family: Avenir Book, serif;\"><span lang=\"pl-PL\"> drugiej <\/span><\/span><\/span><span style=\"color: #2a2b2d;\"><span style=\"font-family: Avenir Book, serif;\"><span lang=\"pl-PL\"><i>osoby<\/i><\/span><\/span><\/span><span style=\"color: #1f2225;\"><span style=\"font-family: Avenir Book, serif;\"><span lang=\"pl-PL\"> oraz siebie samego\/siebie samej dokonywane jest przez pryzmat <\/span><\/span><\/span><span style=\"color: #2a2b2d;\"><span style=\"font-family: Avenir Book, serif;\"><span lang=\"pl-PL\"><i>atrakcyjno\u015bci seksualnej<\/i><\/span><\/span><\/span><span style=\"color: #1f2225;\"><span style=\"font-family: Avenir Book, serif;\"><span lang=\"pl-PL\">, uprzedmiotowienie osoby pod wzgl\u0119dem seksualnym lub narzucanie seksualno\u015bci w niew\u0142a\u015bciwy spos\u00f3b (wg Ameryka\u0144skiego Towarzystwa Psychologicznego).<\/span><\/span><\/span><\/p>\n<p class=\"western\" lang=\"en-US\"><span style=\"color: #2f3032;\"><span style=\"font-family: Avenir Book, serif;\"><span lang=\"pl-PL\"><b>cyberprzemoc<\/b><\/span><\/span><\/span><span style=\"color: #1f2225;\"><span style=\"font-family: Avenir Book, serif;\"><span lang=\"pl-PL\"> \u2013 wszelka przemoc z u\u017cyciem technologii informacyjnych i komunikacyjnych \u2013 komunikator\u00f3w, czat\u00f3w, stron internetowych, medi\u00f3w spo\u0142eczno\u015bciowych, blog\u00f3w, SMS-\u00f3w, MMS-\u00f3w. Mo\u017ce mie\u0107 form\u0119 wulgarnych wiadomo\u015bci, obra\u017aliwych komentarzy (hejt, trolling), rozpowszechniania zdj\u0119\u0107 ukazuj\u0105cych dziecko w niekorzystnym \u015bwietle, zastraszania, \u015bledzenia (<\/span><\/span><\/span><span style=\"color: #2a2b2d;\"><span style=\"font-family: Avenir Book, serif;\"><span lang=\"pl-PL\"><i>cyberstalking<\/i><\/span><\/span><\/span><span style=\"color: #1f2225;\"><span style=\"font-family: Avenir Book, serif;\"><span lang=\"pl-PL\">), ujawniania tajemnic (<\/span><\/span><\/span><span style=\"color: #2a2b2d;\"><span style=\"font-family: Avenir Book, serif;\"><span lang=\"pl-PL\"><i>outing<\/i><\/span><\/span><\/span><span style=\"color: #1f2225;\"><span style=\"font-family: Avenir Book, serif;\"><span lang=\"pl-PL\">) itp.<\/span><\/span><\/span><\/p>\n<h2 class=\"western\" lang=\"en-US\"><a name=\"_Toc169082598\"><\/a><span style=\"color: #1f2225;\"><span lang=\"pl-PL\">Wsparcie<\/span><\/span><\/h2>\n<p class=\"western\" lang=\"en-US\"><span style=\"color: #2f3032;\"><span style=\"font-family: Avenir Book, serif;\"><span lang=\"pl-PL\"><b>Niebieska Linia<\/b><\/span><\/span><\/span><span style=\"color: #1f2225;\"><span style=\"font-family: Avenir Book, serif;\"><span lang=\"pl-PL\"> \u2013 <\/span><\/span><\/span><span style=\"color: #0563c1;\"><u><a href=\"https:\/\/www.niebieskalinia.info\/\"><span style=\"color: #0f5492;\"><span style=\"font-family: Avenir Book, serif;\"><span lang=\"pl-PL\">https:\/\/www.niebieskalinia.info\/<\/span><\/span><\/span><\/a><\/u><\/span><\/p>\n<p class=\"western\" lang=\"en-US\"><span style=\"color: #2f3032;\"><span style=\"font-family: Avenir Book, serif;\"><span lang=\"pl-PL\"><b>procedura \u201eNiebieskie Karty\u201d<\/b><\/span><\/span><\/span><span style=\"color: #1f2225;\"><span style=\"font-family: Avenir Book, serif;\"><span lang=\"pl-PL\"> \u2013 jest narz\u0119dziem, kt\u00f3rego g\u0142\u00f3wnym celem jest zapewnienie bezpiecze\u0144stwa osobie doznaj\u0105cej przemocy domowej, obejmuje te\u017c wsp\u00f3\u0142prac\u0119 przedstawicieli r\u00f3\u017cnych instytucji i podmiot\u00f3w, kt\u00f3re s\u0105 zobowi\u0105zane do reagowania w przypadku uzyskania informacji o wyst\u0105pieniu przemocy domowej.<\/span><\/span><\/span><\/p>\n<p class=\"western\" lang=\"en-US\"><span style=\"color: #1f2225;\"><span style=\"font-family: Avenir Book, serif;\"><span style=\"font-size: large;\"><span lang=\"pl-PL\"><b>Przest\u0119pstwa motywowane seksualnie<\/b><\/span><\/span><\/span><\/span><\/p>\n<p class=\"western\" lang=\"en-US\"><span style=\"color: #2f3032;\"><span style=\"font-family: Avenir Book, serif;\"><span lang=\"pl-PL\"><b>przest\u0119pstwo kanoniczne wykorzystywania seksualnego<\/b><\/span><\/span><\/span><span style=\"color: #1f2225;\"><span style=\"font-family: Avenir Book, serif;\"><span lang=\"pl-PL\"> \u2013 kanoniczne przest\u0119pstwa wykorzystywania seksualnego pope\u0142niane przez duchownych lub osoby konsekrowane, kt\u00f3rymi s\u0105: zmuszanie kogo\u015b, za pomoc\u0105 przemocy, gro\u017aby lub nadu\u017cycia w\u0142adzy, do wykonywania lub poddawania si\u0119 czynno\u015bciom seksualnym; wykonywanie czynno\u015bci seksualnych z dzieckiem lub osob\u0105 bezbronn\u0105; produkcja, wystawianie, posiadanie lub dystrybucja, w tym drog\u0105 elektroniczn\u0105, pornografii z udzia\u0142em dzieci, a tak\u017ce werbowanie lub nak\u0142anianie dziecka lub osoby bezbronnej do udzia\u0142u w tworzeniu pornografii pope\u0142nione przez duchownych lub osoby zakonne, o kt\u00f3rych mowa w artykule 1 \u00a71 a) Vos Estis Lux Mundi.<\/span><\/span><\/span><\/p>\n<p class=\"western\" lang=\"en-US\"><span style=\"color: #2f3032;\"><span style=\"font-family: Avenir Book, serif;\"><span lang=\"pl-PL\"><b>przest\u0119pstwa przeciwko wolno\u015bci seksualnej i obyczajno\u015bci (art. 197-205 k.k.)<\/b><\/span><\/span><\/span><span style=\"color: #1f2225;\"><span style=\"font-family: Avenir Book, serif;\"><span lang=\"pl-PL\"> \u2013 zgwa\u0142cenie (art. 197), wykorzystanie seksualne osoby bezradnej lub niepoczytalnej (art. 198), seksualne wykorzystanie zale\u017cno\u015bci (art. 199), seksualne wykorzystanie dziecka (art. 200), uwodzenie dziecka poni\u017cej lat 15 z wykorzystaniem systemu teleinformatycznego lub sieci telekomunikacyjnej (art. 200a), propagowanie pedofilii (art. 200b), kazirodztwo (art. 201), pornografia (art. 202), zmuszanie do prostytucji (art. 203), czerpanie zysku z cudzego nierz\u0105du (art. 204).<\/span><\/span><\/span><\/p>\n<p class=\"western\" lang=\"en-US\"><span style=\"color: #2f3032;\"><span style=\"font-family: Avenir Book, serif;\"><span lang=\"pl-PL\"><b>Rejestr Sprawc\u00f3w Przest\u0119pstw na Tle Seksualnym<\/b><\/span><\/span><\/span><span style=\"color: #1f2225;\"><span style=\"font-family: Avenir Book, serif;\"><span lang=\"pl-PL\"> \u2013 rejestr obywateli polskich, kt\u00f3rzy dopu\u015bcili si\u0119 przest\u0119pstwa z pobudek seksualnych. Sk\u0142ada si\u0119 z Rejestru publicznego i Rejestru z dost\u0119pem ograniczonym. <\/span><\/span><\/span><span style=\"color: #0563c1;\"><u><a href=\"https:\/\/arch-bip.ms.gov.pl\/pl\/rejestry-i-ewidencje\/rejestr-sprawcow-przestepstw-na-tle-seksualnym\/\"><span style=\"color: #0f5492;\"><span style=\"font-family: Avenir Book, serif;\">https:\/\/arch-bip.ms.gov.pl\/pl\/rejestry-i-ewidencje\/rejestr-sprawcow-przestepstw-na-tle-seksualnym\/<\/span><\/span><\/a><\/u><\/span><\/p>\n<h2 class=\"western\" lang=\"en-US\"><a name=\"_Toc169082599\"><\/a><span style=\"color: #1f2225;\"><span lang=\"pl-PL\">Osoby dramatu<\/span><\/span><\/h2>\n<p class=\"western\" lang=\"en-US\"><span style=\"color: #2f3032;\"><span style=\"font-family: Avenir Book, serif;\"><span lang=\"pl-PL\"><b>osoba pokrzywdzona<\/b><\/span><\/span><\/span><span style=\"color: #1f2225;\"><span style=\"font-family: Avenir Book, serif;\"><span lang=\"pl-PL\"> \u2013 osoba fizyczna lub prawna, kt\u00f3rej dobro prawne zosta\u0142o bezpo\u015brednio naruszone lub zagro\u017cone przez przest\u0119pstwo (art. 49 \u00a71 k.p.k.).<\/span><\/span><\/span><\/p>\n<p class=\"western\" lang=\"en-US\"><span style=\"color: #2f3032;\"><span style=\"font-family: Avenir Book, serif;\"><span lang=\"pl-PL\"><b>osoby pokrzywdzone przemoc\u0105 w rodzinie<\/b><\/span><\/span><\/span><span style=\"color: #1f2225;\"><span style=\"font-family: Avenir Book, serif;\"><span lang=\"pl-PL\"> \u2013 osoby najbli\u017csze, inne osoby pozostaj\u0105ce w sta\u0142ym lub przemijaj\u0105cym stosunku zale\u017cno\u015bci od osoby stosuj\u0105cej przemoc (art. 115 \u00a711 Ustawy o przeciwdzia\u0142aniu przemocy w rodzinie).<\/span><\/span><\/span><\/p>\n<p class=\"western\" lang=\"en-US\"><span style=\"color: #2f3032;\"><span style=\"font-family: Avenir Book, serif;\"><span lang=\"pl-PL\"><b>skar\u017c\u0105cy<\/b><\/span><\/span><\/span><span style=\"color: #1f2225;\"><span style=\"font-family: Avenir Book, serif;\"><span lang=\"pl-PL\"> \u2013 ka\u017cda osoba sk\u0142adaj\u0105ca skarg\u0119, kt\u00f3ra mo\u017ce zawiera\u0107 zarzut, podejrzenie, obaw\u0119 lub zg\u0142oszenie naruszenia prawa.<\/span><\/span><\/span><\/p>\n<p class=\"western\" lang=\"en-US\"><span style=\"color: #2f3032;\"><span style=\"font-family: Avenir Book, serif;\"><span lang=\"pl-PL\"><b>pozwany<\/b><\/span><\/span><\/span><span style=\"color: #1f2225;\"><span style=\"font-family: Avenir Book, serif;\"><span lang=\"pl-PL\"> \u2013 osoba, na kt\u00f3r\u0105 z\u0142o\u017cono skarg\u0119.<\/span><\/span><\/span><\/p>\n<p class=\"western\" lang=\"en-US\"><span style=\"color: #2f3032;\"><span style=\"font-family: Avenir Book, serif;\"><span lang=\"pl-PL\"><b>oskar\u017cony<\/b><\/span><\/span><\/span><span style=\"color: #1f2225;\"><span style=\"font-family: Avenir Book, serif;\"><span lang=\"pl-PL\"> \u2013 osoba, kt\u00f3rej postawiono zarzuty karne.<\/span><\/span><\/span><\/p>\n<p class=\"western\" lang=\"en-US\"><span style=\"color: #2f3032;\"><span style=\"font-family: Avenir Book, serif;\"><span lang=\"pl-PL\"><b>przest\u0119pca seksualny<\/b><\/span><\/span><\/span><span style=\"color: #1f2225;\"><span style=\"font-family: Avenir Book, serif;\"><span lang=\"pl-PL\"> \u2013 osoba, kt\u00f3ra przyzna\u0142a si\u0119 do wykorzystania seksualnego lub kt\u00f3rej odpowiedzialno\u015b\u0107 za wykorzystanie zosta\u0142a orzeczona przez w\u0142a\u015bciwy s\u0105d i\/lub procedur\u0119 ko\u015bcieln\u0105.<\/span><\/span><\/span><\/p>\n<h2 class=\"western\" lang=\"en-US\"><a name=\"_Toc169082600\"><\/a><span style=\"color: #1f2225;\"><span lang=\"pl-PL\">Zesp\u00f3\u0142 ds. Prewencji i jego praca<\/span><\/span><\/h2>\n<p class=\"western\" lang=\"en-US\"><span style=\"color: #2f3032;\"><span style=\"font-family: Avenir Book, serif;\"><span lang=\"pl-PL\"><b>osoba odpowiedzialna za standardy ochrony dzieci<\/b><\/span><\/span><\/span><span style=\"color: #1f2225;\"><span style=\"font-family: Avenir Book, serif;\"><span lang=\"pl-PL\"> \u2013 osoba wyznaczona przez proboszcza (administratora), sprawuj\u0105ca nadz\u00f3r nad prawid\u0142owym stosowaniem standard\u00f3w ochrony dzieci.<\/span><\/span><\/span><\/p>\n<p class=\"western\" lang=\"en-US\"><span style=\"color: #2f3032;\"><span style=\"font-family: Avenir Book, serif;\"><span lang=\"pl-PL\"><b>osoba zaufana<\/b><\/span><\/span><\/span><span style=\"color: #1f2225;\"><span style=\"font-family: Avenir Book, serif;\"><span lang=\"pl-PL\"> \u2013 osoba wyznaczona przez proboszcza (administratora), ciesz\u0105ca si\u0119 zaufaniem i odpowiednio przygotowana, odpowiedzialna za przyjmowanie zg\u0142osze\u0144 o zdarzeniach dotycz\u0105cych przemocy.<\/span><\/span><\/span><\/p>\n<p class=\"western\" lang=\"en-US\"><span style=\"color: #2f3032;\"><span style=\"font-family: Avenir Book, serif;\"><span lang=\"pl-PL\"><b>osoba odpowiedzialna za interwencj\u0119<\/b><\/span><\/span><\/span><span style=\"color: #1f2225;\"><span style=\"font-family: Avenir Book, serif;\"><span lang=\"pl-PL\"> \u2013 zarz\u0105dca plac\u00f3wki (proboszcz, administrator) odpowiedzialny za podejmowanie interwencji w przypadku zaistnienia przemocy.<\/span><\/span><\/span><\/p>\n<p class=\"western\" lang=\"en-US\"><span style=\"color: #2f3032;\"><span style=\"font-family: Avenir Book, serif;\"><span lang=\"pl-PL\"><b>kompetencje mi\u0119kkie<\/b><\/span><\/span><\/span><span style=\"color: #1f2225;\"><span style=\"font-family: Avenir Book, serif;\"><span lang=\"pl-PL\"> \u2013 umiej\u0119tno\u015bci psychospo\u0142eczne, np. komunikatywno\u015b\u0107, asertywno\u015b\u0107.<\/span><\/span><\/span><\/p>\n<p class=\"western\" lang=\"en-US\"><span style=\"color: #2f3032;\"><span style=\"font-family: Avenir Book, serif;\"><span lang=\"pl-PL\"><b>konflikt interes\u00f3w<\/b><\/span><\/span><\/span><span style=\"color: #1f2225;\"><span style=\"font-family: Avenir Book, serif;\"><span lang=\"pl-PL\"> \u2013 sytuacja (postrzegana lub rzeczywista), w kt\u00f3rej powstaje konflikt pomi\u0119dzy obowi\u0105zkami s\u0142u\u017cbowymi danej osoby a jej prywatnymi interesami, kt\u00f3ry mo\u017ce mie\u0107 wp\u0142yw na wykonywanie tych obowi\u0105zk\u00f3w. Taki konflikt zazwyczaj wi\u0105\u017ce si\u0119 z przeciwstawnymi zasadami lub niezgodnymi \u017cyczeniami lub potrzebami i mo\u017ce wyst\u0105pi\u0107, gdy osoba pe\u0142ni wiele r\u00f3l.<\/span><\/span><\/span><\/p>\n<p class=\"western\" lang=\"en-US\"><span style=\"color: #2f3032;\"><span style=\"font-family: Avenir Book, serif;\"><span lang=\"pl-PL\"><b>lojalno\u015b\u0107 \u015brodowiskowa<\/b><\/span><\/span><\/span><span style=\"color: #1f2225;\"><span style=\"font-family: Avenir Book, serif;\"><span lang=\"pl-PL\"> \u2013 silna lojalno\u015b\u0107 wobec danego \u015brodowiska, grupy ludzi, wsp\u00f3lnoty, instytucji, prze\u0142o\u017conego itp., kt\u00f3ra mo\u017ce przyjmowa\u0107 formy pozytywne, np. dochowanie tajemnicy, lub negatywne, np. niereagowanie b\u0105d\u017a zaprzeczanie przemocy.<\/span><\/span><\/span><\/p>\n<p class=\"western\" lang=\"en-US\"><span style=\"color: #2f3032;\"><span style=\"font-family: Avenir Book, serif;\"><span lang=\"pl-PL\"><b>dane osobowe<\/b><\/span><\/span><\/span><span style=\"color: #1f2225;\"><span style=\"font-family: Avenir Book, serif;\"><span lang=\"pl-PL\"> \u2013 wszelkie informacje dotycz\u0105ce zidentyfikowanej lub mo\u017cliwej do zidentyfikowania \u017cyj\u0105cej osoby fizycznej, a tak\u017ce poszczeg\u00f3lne informacje, kt\u00f3re w po\u0142\u0105czeniu ze sob\u0105 mog\u0105 prowadzi\u0107 do zidentyfikowania to\u017csamo\u015bci danej osoby. Przyk\u0142adowe dane osobowe: imi\u0119 i nazwisko, adres zamieszkania, adres e-mail z imieniem i nazwiskiem, numer dowodu to\u017csamo\u015bci, dane o lokalizacji, adres IP, dane przechowywane przez szpital lub lekarza, kt\u00f3re mog\u0105 jednoznacznie wskazywa\u0107 to\u017csamo\u015b\u0107 danej osoby.<\/span><\/span><\/span><\/p>\n<p class=\"western\" lang=\"en-US\"><span style=\"color: #2f3032;\"><span style=\"font-family: Avenir Book, serif;\"><span lang=\"pl-PL\"><b>wniosek o wgl\u0105d w sytuacj\u0119 rodziny<\/b><\/span><\/span><\/span><span style=\"color: #1f2225;\"><span style=\"font-family: Avenir Book, serif;\"><span lang=\"pl-PL\"> \u2013 pismo, kt\u00f3re mo\u017ce zosta\u0107 z\u0142o\u017cone przez ka\u017cd\u0105 osob\u0119 fizyczn\u0105 i prawn\u0105, kt\u00f3ra chce, aby s\u0105d zbada\u0142 aktualn\u0105 sytuacj\u0119 rodzinn\u0105. Wniosek nie podlega \u017cadnej op\u0142acie s\u0105dowej, mo\u017ce by\u0107 z\u0142o\u017cony w ka\u017cdej chwili i w przypadku jego odrzucenia przez s\u0105d nie rodzi \u017cadnych negatywnych konsekwencji wobec wnioskodawcy.<\/span><\/span><\/span><\/p>\n<h2 class=\"western\" lang=\"en-US\"><a name=\"_Toc169082601\"><\/a><span style=\"color: #1f2225;\"><span lang=\"pl-PL\">Formy przemocy wobec dziecka<\/span><\/span><\/h2>\n<p class=\"western\" lang=\"en-US\"><span style=\"color: #2f3032;\"><span style=\"font-family: Avenir Book, serif;\"><span lang=\"pl-PL\"><b>przemoc wobec dzieci<\/b><\/span><\/span><\/span><span style=\"color: #1f2225;\"><span style=\"font-family: Avenir Book, serif;\"><span lang=\"pl-PL\"> \u2013 wszelkie formy z\u0142ego traktowania fizycznego i\/lub emocjonalnego, wykorzystywania seksualnego, zaniedbania lub niedba\u0142ego traktowania, wyzysku komercyjnego lub innego, skutkuj\u0105ce rzeczywist\u0105 lub potencjaln\u0105 szkod\u0105 dla zdrowia, przetrwania, rozwoju lub godno\u015bci dziecka w kontek\u015bcie relacji odpowiedzialno\u015bci, zaufania lub si\u0142y. Dzieli si\u0119 powszechnie na pi\u0119\u0107 podtyp\u00f3w: przemoc fizyczna, zn\u0119canie si\u0119 emocjonalne\/psychiczne, zaniedbanie, nara\u017cenie na przemoc w rodzinie, wykorzystywanie seksualne. W kontek\u015bcie Ko\u015bcio\u0142a katolickiego wa\u017cne jest tak\u017ce uznanie przemocy duchowej za dodatkowy podtyp przemocy.<\/span><\/span><\/span><\/p>\n<ul>\n<li>\n<p class=\"western\" lang=\"en-US\"><span style=\"color: #2f3032;\"><span style=\"font-family: Avenir Book, serif;\"><span lang=\"pl-PL\"><b>przemoc fizyczna<\/b><\/span><\/span><\/span><span style=\"color: #1f2225;\"><span style=\"font-family: Avenir Book, serif;\"><span lang=\"pl-PL\"> to przemoc, w wyniku kt\u00f3rej dziecko doznaje fizycznej krzywdy lub jest ni\u0105 potencjalnie zagro\u017cone. Krzywda ta nast\u0119puje w wyniku dzia\u0142ania b\u0105d\u017a zaniechania dzia\u0142ania ze strony rodzica lub innej osoby odpowiedzialnej za dziecko, lub kt\u00f3rej dziecko ufa, b\u0105d\u017a kt\u00f3ra ma nad nim w\u0142adz\u0119. Przemoc fizyczna wobec dziecka mo\u017ce by\u0107 czynno\u015bci\u0105 powtarzaln\u0105 lub jednorazow\u0105.<\/span><\/span><\/span><\/p>\n<\/li>\n<li>\n<p class=\"western\" lang=\"en-US\"><span style=\"color: #2f3032;\"><span style=\"font-family: Avenir Book, serif;\"><span lang=\"pl-PL\"><b>przemoc psychiczna i emocjonalna<\/b><\/span><\/span><\/span><span style=\"color: #1f2225;\"><span style=\"font-family: Avenir Book, serif;\"><span lang=\"pl-PL\"> to przewlek\u0142a, niefizyczna, szkodliwa interakcja wobec dziecka, obejmuj\u0105ca zar\u00f3wno dzia\u0142ania, jak i zaniechania. Zaliczamy do niej <\/span><\/span><\/span><span style=\"color: #0563c1;\"><u><a href=\"http:\/\/m.in\/\"><span style=\"color: #0f5492;\"><span style=\"font-family: Avenir Book, serif;\"><span lang=\"pl-PL\">m.in<\/span><\/span><\/span><\/a><\/u><\/span><span style=\"color: #1f2225;\"><span style=\"font-family: Avenir Book, serif;\"><span lang=\"pl-PL\">. niedost\u0119pno\u015b\u0107 emocjonaln\u0105, zaniedbywanie emocjonalne, relacj\u0119 z dzieckiem opart\u0105 na wrogo\u015bci, obwinianiu, oczernianiu, odrzucaniu, nieodpowiednie rozwojowo lub niekonsekwentne interakcje z dzieckiem, niedostrzeganie lub nieuznawanie indywidualno\u015bci dziecka i jego granic psychicznych.<\/span><\/span><\/span><\/p>\n<\/li>\n<li>\n<p class=\"western\" lang=\"en-US\"><span style=\"color: #2f3032;\"><span style=\"font-family: Avenir Book, serif;\"><span lang=\"pl-PL\"><b>zaniedbywanie dziecka<\/b><\/span><\/span><\/span><span style=\"color: #1f2225;\"><span style=\"font-family: Avenir Book, serif;\"><span lang=\"pl-PL\"> to chroniczne lub incydentalne niezaspokajanie jego podstawowych potrzeb fizycznych\/psychicznych i\/lub nierespektowanie jego podstawowych praw, powoduj\u0105ce zaburzenia jego zdrowia i\/lub trudno\u015bci w rozwoju. Do zaniedbywania dochodzi w relacji dziecka z osob\u0105, kt\u00f3ra jest zobowi\u0105zana do opieki, wychowania, troski i ochrony dziecka.<\/span><\/span><\/span><\/p>\n<\/li>\n<li>\n<p class=\"western\" lang=\"en-US\"><span style=\"color: #2f3032;\"><span style=\"font-family: Avenir Book, serif;\"><span lang=\"pl-PL\"><b>nara\u017cenie na przemoc w rodzinie<\/b><\/span><\/span><\/span><span style=\"color: #1f2225;\"><span style=\"font-family: Avenir Book, serif;\"><span lang=\"pl-PL\"> \u2013 forma psychicznego zn\u0119cania si\u0119 nad dzieckiem, w kt\u00f3rej dziecko jest obecne \u2013 s\u0142yszy lub widzi \u2013 gdy inny cz\u0142onek rodziny do\u015bwiadcza przemocy fizycznej, psychicznej lub seksualnej albo widzi szkody wyrz\u0105dzone osobom lub mieniu w wyniku agresywnego zachowania cz\u0142onka rodziny.<\/span><\/span><\/span><\/p>\n<\/li>\n<li>\n<p class=\"western\" lang=\"en-US\"><span style=\"color: #2f3032;\"><span style=\"font-family: Avenir Book, serif;\"><span lang=\"pl-PL\"><b>wykorzystywanie seksualne dziecka<\/b><\/span><\/span><\/span><span style=\"color: #1f2225;\"><span style=\"font-family: Avenir Book, serif;\"><span lang=\"pl-PL\"> \u2013 wykorzystanie seksualne dziecka to w\u0142\u0105czanie dziecka w aktywno\u015b\u0107 seksualn\u0105, kt\u00f3rej nie jest ono w stanie w pe\u0142ni zrozumie\u0107 i udzieli\u0107 na ni\u0105 \u015bwiadomej zgody i\/lub na kt\u00f3r\u0105 nie jest dojrza\u0142e rozwojowe i nie mo\u017ce zgodzi\u0107 si\u0119 w wa\u017cny prawnie spos\u00f3b i\/lub kt\u00f3ra jest niezgodna z normami prawnymi lub obyczajowymi danego spo\u0142ecze\u0144stwa. Z wykorzystaniem seksualnym mamy do czynienia, gdy taka aktywno\u015b\u0107 wyst\u0105pi mi\u0119dzy dzieckiem a doros\u0142ym lub dzieckiem a innym dzieckiem, je\u015bli te osoby ze wzgl\u0119du na wiek b\u0105d\u017a stopie\u0144 rozwoju pozostaj\u0105 w relacji opieki, zale\u017cno\u015bci, w\u0142adzy. Celem takiej aktywno\u015bci jest zaspokojenie potrzeb innej osoby (World Health Organization). Obejmuje zachowania z kontaktem fizycznym (w tym penetracyjne) oraz bez kontaktu fizycznego, mo\u017ce wtedy przybra\u0107 form\u0119 seksualizacji, robienia zdj\u0119\u0107 lub film\u00f3w wideo przedstawiaj\u0105cych dzieci o charakterze jednoznacznie seksualnym, zmuszania dzieci do ogl\u0105dania czynno\u015bci seksualnych lub wzi\u0119cia w nich udzia\u0142u lub zmuszania dzieci do uprawiania seksu lub anga\u017cowania si\u0119 w czynno\u015bci seksualne z innymi dzie\u0107mi lub doros\u0142ymi. Obejmuje r\u00f3wnie\u017c wyzyskiwanie seksualne dzieci, czyli czerpanie zysku np. z pornografii z udzia\u0142em dzieci lub prostytucji dzieci\u0119cej. <\/span><\/span><\/span><span style=\"color: #2f3032;\"><span style=\"font-family: Avenir Book, serif;\"><span lang=\"pl-PL\"><b>Rooming (wobec dziecka)<\/b><\/span><\/span><\/span><span style=\"color: #1f2225;\"><span style=\"font-family: Avenir Book, serif;\"><span lang=\"pl-PL\"> \u2013 zachowania, kt\u00f3rych celem jest przygotowanie dziecka do wykorzystywania seksualnego. Obejmuje nawi\u0105zanie szczeg\u00f3lnej relacji z dzieckiem, cz\u0119sto r\u00f3wnie\u017c warunkowanie rodzic\u00f3w i innych doros\u0142ych oraz os\u0142abienie ich czujno\u015bci, aby my\u015bleli, \u017ce relacja z dzieckiem jest normalna i pozytywna.<\/span><\/span><\/span><\/p>\n<\/li>\n<\/ul>\n<p class=\"western\" lang=\"en-US\"><span style=\"color: #2f3032;\"><span style=\"font-family: Avenir Book, serif;\"><span lang=\"pl-PL\"><b>przemoc r\u00f3wie\u015bnicza (agresja r\u00f3wie\u015bnicza, <\/b><\/span><\/span><\/span><span style=\"color: #2f3032;\"><span style=\"font-family: Avenir Book, serif;\"><span lang=\"pl-PL\"><i><b>bullying<\/b><\/i><\/span><\/span><\/span><span style=\"color: #2f3032;\"><span style=\"font-family: Avenir Book, serif;\"><span lang=\"pl-PL\"><b>)<\/b><\/span><\/span><\/span><span style=\"color: #1f2225;\"><span style=\"font-family: Avenir Book, serif;\"><span lang=\"pl-PL\"> \u2013 wyst\u0119puje, gdy dziecko do\u015bwiadcza r\u00f3\u017cnych form przemocy ze strony r\u00f3wie\u015bnik\u00f3w, bezpo\u015brednio lub z u\u017cyciem technologii komunikacyjnych. Ma miejsce wtedy, gdy dzia\u0142anie ma na celu wyrz\u0105dzenie komu\u015b przykro\u015bci lub krzywdy (intencjonalno\u015b\u0107), ma charakter systematyczny (powtarzalno\u015b\u0107), a ofiara jest s\u0142absza od sprawcy b\u0105d\u017a grupy sprawc\u00f3w. Obejmuje przemoc werbaln\u0105 (np. przezywanie, dogadywanie, o\u015bmieszanie), relacyjn\u0105 (np. wykluczenie z grupy, ignorowanie, nastawianie innych przeciwko osobie), fizyczn\u0105 (np. pobicie, kopanie, popychanie, szarpanie), materialn\u0105 (np. kradzie\u017c, niszczenie przedmiot\u00f3w) oraz elektroniczn\u0105 (z\u0142o\u015bliwy SMS lub e-mail, wpis w mediach spo\u0142eczno\u015bciowych, umieszczanie w Internecie zdj\u0119\u0107 lub film\u00f3w o\u015bmieszaj\u0105cych ofiar\u0119), a tak\u017ce przemoc podczas randki ze strony ch\u0142opaka\/dziewczyny.<\/span><\/span><\/span><\/p>\n<ol start=\"4\">\n<li>\n<h1 class=\"western\" lang=\"en-US\"><a name=\"_Toc169082602\"><\/a> <span style=\"color: #1f2225;\"> <span lang=\"pl-PL\">Weryfikacja, delegowanie i edukacja kap\u0142an\u00f3w, os\u00f3b konsekrowanych i \u015bwieckich pracuj\u0105cych z dzie\u0107mi i z osobami bezbronnymi w parafii<\/span><\/span><\/h1>\n<\/li>\n<\/ol>\n<p class=\"western\" lang=\"en-US\"><span style=\"color: #1f2225;\"><span style=\"font-family: Avenir Book, serif;\"><span lang=\"pl-PL\">Za wdro\u017cenie i stosowanie standard\u00f3w ochrony dzieci przed przemoc\u0105 w parafii odpowiada proboszcz\/administrator. <\/span><\/span><\/span><\/p>\n<h2 class=\"western\" lang=\"en-US\"><a name=\"_Toc169082603\"><\/a><span style=\"color: #1f2225;\"><span lang=\"pl-PL\">Do obowi\u0105zk\u00f3w proboszcza\/administratora nale\u017cy:<\/span><\/span><\/h2>\n<p class=\"western\" lang=\"en-US\"><span style=\"color: #1f2225;\"><span style=\"font-family: Avenir Book, serif;\"><span lang=\"pl-PL\"><b>POZYSKANIE INFORMACJI Z REJESTRU PRZEST\u0118C\u00d3W NA TLE SEKSUALNYM<\/b><\/span><\/span><\/span><\/p>\n<p class=\"western\" lang=\"en-US\"><span style=\"color: #1f2225;\"><span style=\"font-family: Avenir Book, serif;\"><span lang=\"pl-PL\">O ka\u017cdej osobie zaanga\u017cowanej w parafii i maj\u0105cej kontakt z dzie\u0107mi w obszarze zwi\u0105zanym z wychowaniem, edukacj\u0105, wypoczynkiem, leczeniem, \u015bwiadczeniem porad psychologicznych, rozwojem duchowym, uprawianiem sportu lub realizacj\u0105 innych zainteresowa\u0144 przez dzieci, lub z opiek\u0105 nad dzie\u0107mi proboszcz uzyskuje dane z Rejestru Sprawc\u00f3w Przest\u0119pstw na Tle Seksualnym (<\/span><\/span><\/span><span style=\"color: #0563c1;\"><u><a href=\"https:\/\/arch-bip\/\"><span style=\"color: #0f5492;\"><span style=\"font-family: Avenir Book, serif;\"><span lang=\"pl-PL\">https:\/\/arch-bip<\/span><\/span><\/span><\/a><\/u><\/span><span style=\"color: #1f2225;\"><span style=\"font-family: Avenir Book, serif;\"><span lang=\"pl-PL\">. <\/span><\/span><\/span><span style=\"color: #0563c1;\"><u><a href=\"file:\/\/\/Users\/marekstudenski\/Library\/Containers\/com.apple.mail\/Data\/Library\/Mail%20Downloads\/D7CC3044-1B15-4FFE-AD12-C9E07BA708F5\/ms.gov.pl\/pl\/rejestry-i-ewidencje\/rejestr-sprawcow-przestepstw-na-tle-seksualnym\"><span style=\"color: #0f5492;\"><span style=\"font-family: Avenir Book, serif;\"><span lang=\"pl-PL\">ms.gov.pl\/pl\/rejestry-i-ewidencje\/rejestr-sprawcow-przestepstw-na-tle-seksualnym\/<\/span><\/span><\/span><\/a><\/u><\/span><span style=\"color: #1f2225;\"><span style=\"font-family: Avenir Book, serif;\"><span lang=\"pl-PL\">).<\/span><\/span><\/span><\/p>\n<p class=\"western\" lang=\"en-US\"><span style=\"color: #1f2225;\"><span style=\"font-family: Avenir Book, serif;\"><span lang=\"pl-PL\"><b>OTRZYMANIE ZA\u015aWIADCZENIA Z KRAJOWEGO REJESTRU KARNEGO<\/b><\/span><\/span><\/span><\/p>\n<p class=\"western\" lang=\"en-US\"><span style=\"color: #1f2225;\"><span style=\"font-family: Avenir Book, serif;\"><span lang=\"pl-PL\">Przed nawi\u0105zaniem stosunku pracy lub przed dopuszczeniem osoby do dzia\u0142alno\u015bci (np. wolontariackiej) zwi\u0105zanej z wychowaniem, edukacj\u0105, wypoczynkiem, \u015bwiadczeniem porad psychologicznych, rozwojem duchowym, uprawianiem sportu lub realizacj\u0105 innych zainteresowa\u0144 przez dzieci, lub z opiek\u0105 nad nimi proboszcz ma obowi\u0105zek uzyskania od tej osoby informacji z Krajowego Rejestru Karnego. <\/span><\/span><\/span><\/p>\n<p class=\"western\" lang=\"en-US\"><span style=\"color: #1f2225;\"><span style=\"font-family: Avenir Book, serif;\"><span lang=\"pl-PL\"><b>Jakie informacje nale\u017cy zaznaczy\u0107, aby dokument z KRK by\u0142 prawid\u0142owy:<\/b><\/span><\/span><\/span><\/p>\n<p class=\"western\" lang=\"en-US\"><span style=\"font-family: Avenir Book, serif;\"><span lang=\"pl-PL\">W punkcie 12 formularza \u201eRodzaj danych, kt\u00f3re maj\u0105 by\u0107 przedmiotem informacji o osobie\u201d nale\u017cy zaznaczy\u0107: Kartotek\u0119 karn\u0105 oraz Kartotek\u0119 nieletnich.<\/span><\/span><\/p>\n<p class=\"western\" lang=\"en-US\"><span style=\"font-family: Avenir Book, serif;\"><span lang=\"pl-PL\">W punkcie 13 formularza \u201eZakres danych, kt\u00f3re maj\u0105 by\u0107 przedmiotem informacji o osobie\u201d nale\u017cy wskaza\u0107:<\/span><\/span><\/p>\n<p class=\"western\" lang=\"en-US\"><span style=\"font-family: Avenir Book, serif;\"><span lang=\"pl-PL\">&#8211; w zakresie przest\u0119pstw okre\u015blonych w rozdziale XIX i XXV Kodeksu karnego, w art. 189a i art. 207 Kodeksu karnego oraz w ustawie z dnia 29 lipca 2005 r. o przeciwdzia\u0142aniu narkomanii (Dz. U. z 2023 r. poz. 172), albo<\/span><\/span><\/p>\n<p class=\"western\" lang=\"en-US\"><span style=\"font-family: Avenir Book, serif;\"><span lang=\"pl-PL\">&#8211; art. 21 ust. 3 ustawy z dnia 13 maja 2016 r. o przeciwdzia\u0142aniu zagro\u017ceniom przest\u0119pczo\u015bci\u0105 na tle seksualnym i ochronie ma\u0142oletnich (Dz. U. z 2023 r. poz. 1304 i 1606).<\/span><\/span><\/p>\n<ul>\n<li>\n<p class=\"western\" lang=\"en-US\"><span style=\"color: #1f2225;\"><span style=\"font-family: Avenir Book, serif;\"><span lang=\"pl-PL\">Je\u015bli parafia zatrudnia firmy z zewn\u0105trz lub udost\u0119pnia im pomieszczenia, w\u0142a\u015bciciel firmy musi przedstawi\u0107 proboszczowi o\u015bwiadczenie o sprawdzeniu swoich pracownik\u00f3w, kt\u00f3rzy wejd\u0105 na teren parafii i b\u0119d\u0105 mogli mie\u0107 kontakt z dzie\u0107mi, w Rejestrze Sprawc\u00f3w Przest\u0119pstw na Tle Seksualnym.<\/span><\/span><\/span><\/p>\n<\/li>\n<li>\n<p class=\"western\" lang=\"en-US\"><span style=\"color: #1f2225;\"><span style=\"font-family: Avenir Book, serif;\"><span lang=\"pl-PL\">Proboszcz\/administrator parafii powo\u0142uje Zesp\u00f3\u0142 ds. Prewencji. W jego sk\u0142ad wchodz\u0105: osoba odpowiedzialna za standardy ochrony dzieci, osoba zaufana oraz osoba odpowiedzialna za interwencj\u0119.<\/span><\/span><\/span><\/p>\n<\/li>\n<\/ul>\n<p class=\"western\" lang=\"en-US\"><span style=\"color: #2f3032;\"><span style=\"font-family: Avenir Book, serif;\"><span lang=\"pl-PL\"><b>Osoba odpowiedzialna za standardy<\/b><\/span><\/span><\/span><span style=\"color: #1f2225;\"><span style=\"font-family: Avenir Book, serif;\"><span lang=\"pl-PL\"> troszczy si\u0119 o to, aby standardy by\u0142y w parafii znane, wdra\u017cane i przestrzegane. Ka\u017cda odr\u0119bna grupa parafialna mo\u017ce wyznaczy\u0107 w\u0142asn\u0105 tak\u0105 osob\u0119.<\/span><\/span><\/span><\/p>\n<p class=\"western\" lang=\"en-US\"><span style=\"color: #2f3032;\"><span style=\"font-family: Avenir Book, serif;\"><span lang=\"pl-PL\"><b>Osoba zaufana<\/b><\/span><\/span><\/span><span style=\"color: #1f2225;\"><span style=\"font-family: Avenir Book, serif;\"><span lang=\"pl-PL\"> powo\u0142ana jest do przyjmowania zg\u0142osze\u0144 w przypadku naruszenia standard\u00f3w lub zaistnienia incydent\u00f3w przemocy. Musi to by\u0107 osoba faktycznie budz\u0105ca zaufanie, odpowiednio przygotowana oraz posiadaj\u0105ca tzw. kompetencje mi\u0119kkie, predysponuj\u0105ce j\u0105 do kontaktu z osobami skrzywdzonymi. Nie mo\u017ce ona na w\u0142asn\u0105 r\u0119k\u0119 podejmowa\u0107 dzia\u0142a\u0144 s\u0142u\u017c\u0105cych wyja\u015bnieniu podejrze\u0144 i zarzut\u00f3w lub weryfikacji zg\u0142aszanych fakt\u00f3w. Wsp\u00f3\u0142pracuje \u015bci\u015ble z osob\u0105 odpowiedzialn\u0105 za interwencj\u0119. Osoby te zobowi\u0105zane s\u0105 do zachowania poufno\u015bci (<\/span><\/span><\/span><span style=\"color: #2f3032;\"><span style=\"font-family: Avenir Book, serif;\"><span lang=\"pl-PL\"><b>Za\u0142\u0105cznik 4<\/b><\/span><\/span><\/span><span style=\"color: #1f2225;\"><span style=\"font-family: Avenir Book, serif;\"><span lang=\"pl-PL\">).<\/span><\/span><\/span><\/p>\n<p class=\"western\" lang=\"en-US\"><span style=\"color: #2f3032;\"><span style=\"font-family: Avenir Book, serif;\"><span lang=\"pl-PL\"><b>Osob\u0105 odpowiedzialn\u0105 za interwencj\u0119<\/b><\/span><\/span><\/span><span style=\"color: #1f2225;\"><span style=\"font-family: Avenir Book, serif;\"><span lang=\"pl-PL\"> w przypadku podejrzenia lub zaistnienia przemocy mo\u017ce by\u0107 proboszcz\/administrator parafii, lub inna osoba oddelegowana do tego zadania o ile posiada odpowiednie kompetencje.<\/span><\/span><\/span><\/p>\n<p class=\"western\" lang=\"en-US\"><span style=\"color: #1f2225;\"><span style=\"font-family: Avenir Book, serif;\"><span lang=\"pl-PL\">Osoby powy\u017csze tworz\u0105 wraz z proboszczem (administratorem) Zesp\u00f3\u0142 ds. Prewencji i \u015bci\u015ble z sob\u0105 wsp\u00f3\u0142pracuj\u0105. Wskazane jest, aby by\u0142y to \u015bwieckie osoby ciesz\u0105ce si\u0119 zaufaniem, odpowiednio przeszkolone i kompetentne, kt\u00f3re b\u0119d\u0105 wiedzia\u0142y, jakie dzia\u0142ania w danej sytuacji s\u0105 stosowne i konieczne. Nie mog\u0105 to by\u0107 osoby uwik\u0142ane w lojalno\u015b\u0107 \u015brodowiskow\u0105 lub w konflikcie interes\u00f3w. W sytuacji, gdy nie ma mo\u017cliwo\u015bci powo\u0142ania ca\u0142ego zespo\u0142u, nale\u017cy powo\u0142a\u0107 przynajmniej jedn\u0105 osob\u0119, kt\u00f3ra b\u0119dzie \u0142\u0105czy\u0142a powy\u017csze funkcje. Zesp\u00f3\u0142 ten wsp\u00f3\u0142pracuje r\u00f3wnie\u017c z osobami odpowiedzialnymi w diecezji za prewencj\u0119 oraz z delegatem ds. ochrony dzieci i m\u0142odzie\u017cy<\/span><\/span><\/span><\/p>\n<p class=\"western\" lang=\"en-US\"><span style=\"color: #1f2225;\"><span style=\"font-family: Avenir Book, serif;\"><span lang=\"pl-PL\">Wszelka dzia\u0142alno\u015b\u0107 dotycz\u0105ca ochrony oraz interwencji i pomocy musi by\u0107 dokumentowana. Wpis\u00f3w w rejestrze zdarze\u0144 dokonuj\u0105 osoby bezpo\u015brednio zaanga\u017cowane w dan\u0105 aktywno\u015b\u0107, ale za bezpieczne przechowywanie informacji odpowiedzialny jest proboszcz\/administrator. Rejestr (Za\u0142\u0105cznik 3) prowadzi si\u0119 zgodnie z zasadami ochrony danych wra\u017cliwych. <\/span><\/span><\/span><\/p>\n<h2 class=\"western\" lang=\"en-US\"><a name=\"_Toc169082604\"><\/a><span style=\"color: #1f2225;\"><span lang=\"pl-PL\">Obowi\u0105zki duszpasterzy dzieci<\/span><\/span><\/h2>\n<p class=\"western\" lang=\"en-US\"><span style=\"color: #1f2225;\"><span style=\"font-family: Avenir Book, serif;\"><span lang=\"pl-PL\">Duszpasterze dzieci powinni: <\/span><\/span><\/span><\/p>\n<ul>\n<li>\n<p class=\"western\" lang=\"en-US\"><span style=\"color: #1f2225;\"><span style=\"font-family: Avenir Book, serif;\"><span lang=\"pl-PL\">czuwa\u0107 nad w\u0142asn\u0105 dojrza\u0142o\u015bci\u0105 emocjonaln\u0105, psychiczn\u0105, duchow\u0105;<\/span><\/span><\/span><\/p>\n<\/li>\n<li>\n<p class=\"western\" lang=\"en-US\"><span style=\"color: #1f2225;\"><span style=\"font-family: Avenir Book, serif;\"><span lang=\"pl-PL\">stara\u0107 si\u0119 o dob\u00f3r \u017cywo wierz\u0105cych, rzetelnych, zweryfikowanych i odpowiednio przeszkolonych os\u00f3b do pe\u0142nienia funkcji animator\u00f3w, wychowawc\u00f3w itd.;<\/span><\/span><\/span><\/p>\n<\/li>\n<li>\n<p class=\"western\" lang=\"en-US\"><span style=\"color: #1f2225;\"><span style=\"font-family: Avenir Book, serif;\"><span lang=\"pl-PL\">wspiera\u0107 dzieci w ich rozwoju ku dojrza\u0142o\u015bci;<\/span><\/span><\/span><\/p>\n<\/li>\n<li>\n<p class=\"western\" lang=\"en-US\"><span style=\"color: #1f2225;\"><span style=\"font-family: Avenir Book, serif;\"><span lang=\"pl-PL\">dba\u0107 o respektowanie zasad kultury (wobec dzieci i mi\u0119dzy nimi);<\/span><\/span><\/span><\/p>\n<\/li>\n<li>\n<p class=\"western\" lang=\"en-US\"><span style=\"color: #1f2225;\"><span style=\"font-family: Avenir Book, serif;\"><span lang=\"pl-PL\">czuwa\u0107 nad r\u00f3wnym traktowaniem wszystkich dzieci, uwzgl\u0119dnieniem ich szczeg\u00f3lnych potrzeb i osobistych uwarunkowa\u0144;<\/span><\/span><\/span><\/p>\n<\/li>\n<li>\n<p class=\"western\" lang=\"en-US\"><span style=\"color: #1f2225;\"><span style=\"font-family: Avenir Book, serif;\"><span lang=\"pl-PL\">dba\u0107 o przestrzeganie prawa do nienaruszalno\u015bci cielesnej i prywatno\u015bci;<\/span><\/span><\/span><\/p>\n<\/li>\n<li>\n<p class=\"western\" lang=\"en-US\"><span style=\"color: #1f2225;\"><span style=\"font-family: Avenir Book, serif;\"><span lang=\"pl-PL\">organizowa\u0107 dzia\u0142ania duszpasterskie w miejscach bezpiecznych;<\/span><\/span><\/span><\/p>\n<\/li>\n<li>\n<p class=\"western\" lang=\"en-US\"><span style=\"color: #1f2225;\"><span style=\"font-family: Avenir Book, serif;\"><span lang=\"pl-PL\">utrzymywa\u0107 mo\u017cliwie \u017cywy i transparentny kontakt z rodzicami dzieci;<\/span><\/span><\/span><\/p>\n<\/li>\n<li>\n<p class=\"western\" lang=\"en-US\"><span style=\"color: #1f2225;\"><span style=\"font-family: Avenir Book, serif;\"><span lang=\"pl-PL\">dba\u0107 o przestrzeganie zasad prywatno\u015bci i ochrony wizerunku oraz danych osobowych dzieci (Za\u0142\u0105cznik 5).<\/span><\/span><\/span><\/p>\n<\/li>\n<\/ul>\n<h2 class=\"western\" lang=\"en-US\"><a name=\"_Toc169082605\"><\/a><span style=\"color: #1f2225;\"><span lang=\"pl-PL\">Zakres szkole\u0144 w temacie ochrony dzieci i os\u00f3b bezbronnych oraz kto je prowadzi<\/span><\/span><\/h2>\n<p class=\"western\" lang=\"en-US\"><span style=\"color: #1f2225;\"><span style=\"font-family: Avenir Book, serif;\"><span lang=\"pl-PL\">Wszyscy pracownicy i wolontariusze w parafii otrzymuj\u0105 potrzebn\u0105 im wiedz\u0119 o standardach przyj\u0119tych i obowi\u0105zuj\u0105cych w parafii \u2013 kodeksie zachowa\u0144, procedurach zwi\u0105zanych z interwencj\u0105 i zg\u0142oszeniem.<\/span><\/span><\/span><\/p>\n<p class=\"western\" lang=\"en-US\"><span style=\"color: #1f2225;\"><span style=\"font-family: Avenir Book, serif;\"><span lang=\"pl-PL\">Pracownicy i wolontariusze pe\u0142ni\u0105cy funkcje wychowawcze lub formacyjne dodatkowo otrzymuj\u0105 potrzebn\u0105 wiedz\u0119 dotycz\u0105c\u0105:<\/span><\/span><\/span><\/p>\n<ul>\n<li>\n<p class=\"western\" lang=\"en-US\"><span style=\"color: #1f2225;\"><span style=\"font-family: Avenir Book, serif;\"><span lang=\"pl-PL\">rodzaj\u00f3w przemocy (w tym przemocy r\u00f3wie\u015bniczej);<\/span><\/span><\/span><\/p>\n<\/li>\n<li>\n<p class=\"western\" lang=\"en-US\"><span style=\"color: #1f2225;\"><span style=\"font-family: Avenir Book, serif;\"><span lang=\"pl-PL\">rozpoznawania oznak przemocy (w tym wykorzystania seksualnego);<\/span><\/span><\/span><\/p>\n<\/li>\n<li>\n<p class=\"western\" lang=\"en-US\"><span style=\"color: #1f2225;\"><span style=\"font-family: Avenir Book, serif;\"><span lang=\"pl-PL\">strategii dzia\u0142ania sprawc\u00f3w przemocy (w tym przemocy seksualnej);<\/span><\/span><\/span><\/p>\n<\/li>\n<li>\n<p class=\"western\" lang=\"en-US\"><span style=\"color: #1f2225;\"><span style=\"font-family: Avenir Book, serif;\"><span lang=\"pl-PL\">rozmowy z dzieckiem\/nastolatkiem\/osob\u0105 bezbronn\u0105 na temat krzywdy;<\/span><\/span><\/span><\/p>\n<\/li>\n<li>\n<p class=\"western\" lang=\"en-US\"><span style=\"color: #1f2225;\"><span style=\"font-family: Avenir Book, serif;\"><span lang=\"pl-PL\">rozmowy z doros\u0142ymi (gdy kto\u015b pracuje z grup\u0105 doros\u0142ych) dotycz\u0105c\u0105 przemocy;<\/span><\/span><\/span><\/p>\n<\/li>\n<li>\n<p class=\"western\" lang=\"en-US\"><span style=\"color: #1f2225;\"><span style=\"font-family: Avenir Book, serif;\"><span lang=\"pl-PL\">zagro\u017ce\u0144 i ochrony przed szkodliwymi tre\u015bciami w Internecie;<\/span><\/span><\/span><\/p>\n<\/li>\n<li>\n<p class=\"western\" lang=\"en-US\"><span style=\"color: #1f2225;\"><span style=\"font-family: Avenir Book, serif;\"><span lang=\"pl-PL\">innych zalece\u0144 obowi\u0105zuj\u0105cych w danej plac\u00f3wce\/miejscu duszpasterskim.<\/span><\/span><\/span><\/p>\n<\/li>\n<\/ul>\n<ol start=\"5\">\n<li>\n<h1 class=\"western\" lang=\"en-US\"><a name=\"_Toc169082606\"><\/a> <span style=\"color: #1f2225;\"> <span lang=\"pl-PL\">Zasady chroni\u0105ce &#8211; kodeks zachowa\u0144<\/span><\/span><\/h1>\n<\/li>\n<\/ol>\n<p class=\"western\" lang=\"en-US\"><span style=\"color: #1f2225;\"><span style=\"font-family: Avenir Book, serif;\"><span lang=\"pl-PL\">Dzieckiem jest osoba, kt\u00f3ra nie uko\u0144czy\u0142a 18. roku \u017cycia. Dziecko, rozwijaj\u0105c si\u0119, konstytuuje siebie jako osob\u0119. Potrzebuje do tego opieki, troski, serdeczno\u015bci, kszta\u0142cenia i wychowania. Dzieje si\u0119 to w rodzinie, poprzez relacje z autorytetami oraz warto\u015bci przekazywane w \u015brodowisku r\u00f3wie\u015bniczym i wychowawczym. Wszelkie oddzia\u0142ywanie wychowawcze zawsze musi si\u0119 dokonywa\u0107 z poszanowaniem woli rodzic\u00f3w b\u0105d\u017a prawnych opiekun\u00f3w.<\/span><\/span><\/span><\/p>\n<p class=\"western\" lang=\"en-US\"><span style=\"color: #1f2225;\"><span style=\"font-family: Avenir Book, serif;\"><span lang=\"pl-PL\">W zachowaniu nale\u017cy kierowa\u0107 si\u0119 poni\u017cszymi wskaz\u00f3wkami oraz roztropno\u015bci\u0105 i wra\u017cliwo\u015bci\u0105 ewangeliczn\u0105. Zasady te dotycz\u0105 nie tylko relacji doros\u0142y \u2013 dziecko, ale r\u00f3wnie\u017c relacji pomi\u0119dzy dzie\u0107mi (<\/span><\/span><\/span><span style=\"color: #2f3032;\"><span style=\"font-family: Avenir Book, serif;\"><span lang=\"pl-PL\"><b>Za\u0142\u0105cznik 5<\/b><\/span><\/span><\/span><span style=\"color: #1f2225;\"><span style=\"font-family: Avenir Book, serif;\"><span lang=\"pl-PL\">).<\/span><\/span><\/span><\/p>\n<h2 class=\"western\" lang=\"en-US\"><a name=\"_Toc169082607\"><\/a><span style=\"color: #1f2225;\"><span lang=\"pl-PL\">Zasady chroni\u0105ce w kontakcie bezpo\u015brednim<\/span><\/span><\/h2>\n<ul>\n<li>\n<p class=\"western\" lang=\"en-US\"><span style=\"color: #1f2225;\"><span style=\"font-family: Avenir Book, serif;\"><span lang=\"pl-PL\">Wszystkie spotkania z dzie\u0107mi na terenie parafii powinny by\u0107 organizowane w miejscach oficjalnych, og\u00f3lnodost\u0119pnych i do tego przygotowanych. <\/span><\/span><\/span><\/p>\n<\/li>\n<li>\n<p class=\"western\" lang=\"en-US\"><span style=\"color: #1f2225;\"><span style=\"font-family: Avenir Book, serif;\"><span lang=\"pl-PL\">Nie mo\u017cna przebywa\u0107 z dzieckiem sam na sam w warunkach odizolowanych. Je\u017celi dobro dziecka wymaga indywidualnego spotkania, nie mo\u017ce si\u0119 ono odbywa\u0107 w sekrecie (zalecane powiadomienie rodzic\u00f3w lub prze\u0142o\u017conego) i w warunkach odizolowanych. Osoba przeprowadzaj\u0105ca spotkanie powinna zatroszczy\u0107 si\u0119 o transparentno\u015b\u0107 (np. przeszklone lub uchylone drzwi pomieszczenia, kt\u00f3re nie mog\u0105 by\u0107 zamkni\u0119te na klucz, obecno\u015b\u0107 innych os\u00f3b w bezpo\u015brednim pobli\u017cu, powiadomienie innych os\u00f3b o spotkaniu itp.). Indywidualnych spotka\u0144 z dzie\u0107mi nie wolno w nieroztropny spos\u00f3b mno\u017cy\u0107 ani przed\u0142u\u017ca\u0107. Spotkania takie nie powinny odbywa\u0107 si\u0119 w p\u00f3\u017anych godzinach wieczornych (po godz. 20.00 lub noc\u0105).<\/span><\/span><\/span><\/p>\n<\/li>\n<li>\n<p class=\"western\" lang=\"en-US\"><span style=\"color: #1f2225;\"><span style=\"font-family: Avenir Book, serif;\"><span lang=\"pl-PL\">Dzieci nie mog\u0105 przebywa\u0107 w parafialnych pomieszczeniach mieszkalnych bez opieki rodzica lub opiekuna prawnego. Nie powinny te\u017c towarzyszy\u0107 duszpasterzom w miejscach lub w sprawach niezwi\u0105zanych ze sprawowaniem pos\u0142ugi lub formacj\u0105.<\/span><\/span><\/span><\/p>\n<\/li>\n<li>\n<p class=\"western\" lang=\"en-US\"><span style=\"color: #1f2225;\"><span style=\"font-family: Avenir Book, serif;\"><span lang=\"pl-PL\">Dzieci powinny zawsze pozostawa\u0107 pod opiek\u0105 osoby doros\u0142ej. Podczas pe\u0142nienia funkcji wychowawczych opiekunowie nie mog\u0105 pozostawa\u0107 pod wp\u0142ywem alkoholu lub substancji psychoaktywnych ani przyjmowa\u0107 ich w obecno\u015bci dzieci.<\/span><\/span><\/span><\/p>\n<\/li>\n<li>\n<p class=\"western\" lang=\"en-US\"><span style=\"color: #1f2225;\"><span style=\"font-family: Avenir Book, serif;\"><span lang=\"pl-PL\">Dzieci na terenie parafii nie mog\u0105 przebywa\u0107 pod wy\u0142\u0105czn\u0105 opiek\u0105 innego dziecka, chyba \u017ce inaczej stanowi\u0105 regulaminy religijnych ruch\u00f3w duszpasterstwa pozaparafialnego, np. Ruchu \u015awiat\u0142o-\u017bycie, KSM, w tym wypadku stosuje si\u0119 standardy opracowane przez te grupy. Osoby te powinny by\u0107 odpowiednio uformowane, przygotowane i pe\u0142ni\u0107 pos\u0142ug\u0119 pod okiem doros\u0142ych.<\/span><\/span><\/span><\/p>\n<\/li>\n<li>\n<p class=\"western\" lang=\"en-US\"><span style=\"color: #1f2225;\"><span style=\"font-family: Avenir Book, serif;\"><span lang=\"pl-PL\">Je\u015bli spotkania formacyjne, np. przygotowanie do bierzmowania, odbywaj\u0105 si\u0119 w domach wybranych rodzin, r\u00f3wnie\u017c musz\u0105 by\u0107 przeprowadzane w grupie, nigdy indywidualnie.<\/span><\/span><\/span><\/p>\n<\/li>\n<li>\n<p class=\"western\" lang=\"en-US\"><span style=\"color: #1f2225;\"><span style=\"font-family: Avenir Book, serif;\"><span lang=\"pl-PL\">Zakazuje si\u0119 przewo\u017cenia dzieci prywatnymi samochodami, zw\u0142aszcza w pojedynk\u0119, bez wiedzy i wyra\u017anej zgody rodzic\u00f3w lub opiekun\u00f3w prawnych. <\/span><\/span><\/span><\/p>\n<\/li>\n<li>\n<p class=\"western\" lang=\"en-US\"><span style=\"color: #1f2225;\"><span style=\"font-family: Avenir Book, serif;\"><span lang=\"pl-PL\">Niestosowne jest skracanie dystansu przez przechodzenie na \u201ety\u201d osoby doros\u0142ej z dzieckiem.<\/span><\/span><\/span><\/p>\n<\/li>\n<li>\n<p class=\"western\" lang=\"en-US\"><span style=\"color: #1f2225;\"><span style=\"font-family: Avenir Book, serif;\"><span lang=\"pl-PL\">W prywatne \u017cycie dziecka wolno ingerowa\u0107 tylko w takim wymiarze, w jakim wymaga tego konkretny problem.<\/span><\/span><\/span><\/p>\n<\/li>\n<li>\n<p class=\"western\" lang=\"en-US\"><span style=\"color: #1f2225;\"><span style=\"font-family: Avenir Book, serif;\"><span lang=\"pl-PL\">W przypadku konieczno\u015bci podj\u0119cia rozm\u00f3w na temat seksualno\u015bci nale\u017cy wykaza\u0107 si\u0119 delikatno\u015bci\u0105 i roztropnie rozezna\u0107, czy takiej rozmowy nie powinien przeprowadzi\u0107 specjalista.<\/span><\/span><\/span><\/p>\n<\/li>\n<li>\n<p class=\"western\" lang=\"en-US\"><span style=\"color: #1f2225;\"><span style=\"font-family: Avenir Book, serif;\"><span lang=\"pl-PL\">W obecno\u015bci dzieci nie wolno wypowiada\u0107 tre\u015bci i \u017cart\u00f3w o podtek\u015bcie seksualnym. Zabronione jest prezentowanie dzieciom tre\u015bci obscenicznych, erotycznych, pornograficznych lub maj\u0105cych podtekst seksualny, zawieraj\u0105cych sceny brutalnej przemocy b\u0105d\u017a nieodpowiednich do wieku i wra\u017cliwo\u015bci odbiorc\u00f3w w jakikolwiek spos\u00f3b i za pomoc\u0105 jakiegokolwiek urz\u0105dzenia.<\/span><\/span><\/span><\/p>\n<\/li>\n<li>\n<p class=\"western\" lang=\"en-US\"><span style=\"color: #1f2225;\"><span style=\"font-family: Avenir Book, serif;\"><span lang=\"pl-PL\">Niedozwolone jest stosowanie przemocy fizycznej oraz psychicznej, takiej jak: poni\u017canie, upokarzanie, o\u015bmieszanie, dokuczanie, szykanowane, zn\u0119canie si\u0119 itp., zar\u00f3wno w bezpo\u015brednich kontaktach, jak i za po\u015brednictwem medi\u00f3w spo\u0142eczno\u015bciowych.<\/span><\/span><\/span><\/p>\n<\/li>\n<li>\n<p class=\"western\" lang=\"en-US\"><span style=\"color: #1f2225;\"><span style=\"font-family: Avenir Book, serif;\"><span lang=\"pl-PL\">Niedopuszczalne s\u0105 wszelkiego rodzaju nadu\u017cycia duchowe (w obszarze spowiedzi, poradnictwa itp.).<\/span><\/span><\/span><\/p>\n<\/li>\n<li>\n<p class=\"western\" lang=\"en-US\"><span style=\"color: #1f2225;\"><span style=\"font-family: Avenir Book, serif;\"><span lang=\"pl-PL\">Ka\u017cdy przypadek przemocy fizycznej, psychicznej (emocjonalnej) czy seksualnej pomi\u0119dzy dzie\u0107mi wymaga natychmiastowej reakcji ze strony opiekun\u00f3w.<\/span><\/span><\/span><\/p>\n<\/li>\n<li>\n<p class=\"western\" lang=\"en-US\"><span style=\"color: #1f2225;\"><span style=\"font-family: Avenir Book, serif;\"><span lang=\"pl-PL\">Nie wolno dotyka\u0107 dzieci wbrew ich woli ani w spos\u00f3b nieadekwatny do relacji duszpasterskich lub wychowawczych.<br \/>\n<\/span><\/span><\/span><\/p>\n<\/li>\n<\/ul>\n<h2 class=\"western\" lang=\"en-US\"><a name=\"_Toc169082608\"><\/a><span style=\"color: #1f2225;\"><span lang=\"pl-PL\">Zachowania niedozwolone:<\/span><\/span><\/h2>\n<ul>\n<li>\n<p class=\"western\" lang=\"en-US\"><span style=\"color: #1f2225;\"><span style=\"font-family: Avenir Book, serif;\"><span lang=\"pl-PL\">wszelkie formy okazywania niechcianej czu\u0142o\u015bci;<\/span><\/span><\/span><\/p>\n<\/li>\n<li>\n<p class=\"western\" lang=\"en-US\"><span style=\"color: #1f2225;\"><span style=\"font-family: Avenir Book, serif;\"><span lang=\"pl-PL\">dotykanie piersi, po\u015bladk\u00f3w, genitali\u00f3w i ich okolic (cho\u0107by przez bielizn\u0119 lub odzie\u017c);<\/span><\/span><\/span><\/p>\n<\/li>\n<li>\n<p class=\"western\" lang=\"en-US\"><span style=\"color: #1f2225;\"><span style=\"font-family: Avenir Book, serif;\"><span lang=\"pl-PL\">poca\u0142unki;<\/span><\/span><\/span><\/p>\n<\/li>\n<li>\n<p class=\"western\" lang=\"en-US\"><span style=\"color: #1f2225;\"><span style=\"font-family: Avenir Book, serif;\"><span lang=\"pl-PL\">mocne i zamykaj\u0105ce u\u015bciski, uniemo\u017cliwiaj\u0105ce przerwanie kontaktu;<\/span><\/span><\/span><\/p>\n<\/li>\n<li>\n<p class=\"western\" lang=\"en-US\"><span style=\"color: #1f2225;\"><span style=\"font-family: Avenir Book, serif;\"><span lang=\"pl-PL\">klepanie po po\u015bladkach, udach, kolanach, g\u0142owie;<br \/>\n\u0142askotanie lub mocowanie si\u0119 w du\u017cej blisko\u015bci cielesnej;<\/span><\/span><\/span><\/p>\n<\/li>\n<li>\n<p class=\"western\" lang=\"en-US\"><span style=\"color: #1f2225;\"><span style=\"font-family: Avenir Book, serif;\"><span lang=\"pl-PL\">masa\u017ce;<\/span><\/span><\/span><\/p>\n<\/li>\n<li>\n<p class=\"western\" lang=\"en-US\"><span style=\"color: #1f2225;\"><span style=\"font-family: Avenir Book, serif;\"><span lang=\"pl-PL\">sadzanie na kolanach;<\/span><\/span><\/span><\/p>\n<\/li>\n<li>\n<p class=\"western\" lang=\"en-US\"><span style=\"color: #1f2225;\"><span style=\"font-family: Avenir Book, serif;\"><span lang=\"pl-PL\">k\u0142adzenie si\u0119 lub spanie obok;<\/span><\/span><\/span><\/p>\n<\/li>\n<li>\n<p class=\"western\" lang=\"en-US\"><span style=\"color: #1f2225;\"><span style=\"font-family: Avenir Book, serif;\"><span lang=\"pl-PL\">ocieranie si\u0119;<\/span><\/span><\/span><\/p>\n<\/li>\n<li>\n<p class=\"western\" lang=\"en-US\"><span style=\"color: #1f2225;\"><span style=\"font-family: Avenir Book, serif;\"><span lang=\"pl-PL\">seksualizacja i seksizm;<\/span><\/span><\/span><\/p>\n<\/li>\n<li>\n<p class=\"western\" lang=\"en-US\"><span style=\"color: #1f2225;\"><span style=\"font-family: Avenir Book, serif;\"><span lang=\"pl-PL\">r\u00f3\u017cne formy poni\u017cania oraz mobbing;<\/span><\/span><\/span><\/p>\n<\/li>\n<li>\n<p class=\"western\" lang=\"en-US\"><span style=\"color: #1f2225;\"><span style=\"font-family: Avenir Book, serif;\"><span lang=\"pl-PL\">u\u017cywanie wulgaryzm\u00f3w.<\/span><\/span><\/span><\/p>\n<\/li>\n<li>\n<p class=\"western\" lang=\"en-US\"><span style=\"color: #1f2225;\"><span style=\"font-family: Avenir Book, serif;\"><span lang=\"pl-PL\">zabrania si\u0119 cz\u0119stowania dzieci tytoniem, alkoholem i innymi substancjami psychoaktywnymi, posiadania \u015brodk\u00f3w niedozwolonych przez prawo. Nie wolno r\u00f3wnie\u017c tolerowa\u0107 ich posiadania oraz za\u017cywania przez dzieci.<br \/>\n<\/span><\/span><\/span><\/p>\n<\/li>\n<\/ul>\n<h2 class=\"western\" lang=\"en-US\"><a name=\"_Toc169082609\"><\/a><span style=\"color: #1f2225;\"><span lang=\"pl-PL\">Zachowania w\u0142a\u015bciwe w naszym kr\u0119gu kulturowym:<\/span><\/span><\/h2>\n<ul>\n<li>\n<p class=\"western\" lang=\"en-US\"><span style=\"color: #1f2225;\"><span style=\"font-family: Avenir Book, serif;\"><span lang=\"pl-PL\">u\u015bcisk d\u0142oni lub delikatne obj\u0119cie, przytulenie, poca\u0142unki w policzek;<\/span><\/span><\/span><\/p>\n<\/li>\n<li>\n<p class=\"western\" lang=\"en-US\"><span style=\"color: #1f2225;\"><span style=\"font-family: Avenir Book, serif;\"><span lang=\"pl-PL\">delikatne poklepanie po ramionach lub plecach jako wyraz akceptacji wsparcia, pocieszenia;<\/span><\/span><\/span><\/p>\n<\/li>\n<li>\n<p class=\"western\" lang=\"en-US\"><span style=\"color: #1f2225;\"><span style=\"font-family: Avenir Book, serif;\"><span lang=\"pl-PL\">dotyk ramion, r\u0105k czy barku jako wyraz blisko\u015bci;<\/span><\/span><\/span><\/p>\n<\/li>\n<li>\n<p class=\"western\" lang=\"en-US\"><span style=\"color: #1f2225;\"><span style=\"font-family: Avenir Book, serif;\"><span lang=\"pl-PL\">trzymanie si\u0119 za r\u0119ce w czasie np. zabawy lub dla uspokojenia wzburzenia emocjonalnego;<\/span><\/span><\/span><\/p>\n<\/li>\n<li>\n<p class=\"western\" lang=\"en-US\"><span style=\"color: #1f2225;\"><span style=\"font-family: Avenir Book, serif;\"><span lang=\"pl-PL\">trzymanie za r\u0119ce dzieci w czasie spaceru;<\/span><\/span><\/span><\/p>\n<\/li>\n<li>\n<p class=\"western\" lang=\"en-US\"><span style=\"color: #1f2225;\"><span style=\"font-family: Avenir Book, serif;\"><span lang=\"pl-PL\">siadanie w pobli\u017cu ma\u0142ych dzieci;<\/span><\/span><\/span><\/p>\n<\/li>\n<li>\n<p class=\"western\" lang=\"en-US\"><span style=\"color: #1f2225;\"><span style=\"font-family: Avenir Book, serif;\"><span lang=\"pl-PL\">podnoszenie lub trzymanie na r\u0119kach dzieci do ok. 3. roku \u017cycia;<\/span><\/span><\/span><\/p>\n<\/li>\n<li>\n<p class=\"western\" lang=\"en-US\"><span style=\"color: #1f2225;\"><span style=\"font-family: Avenir Book, serif;\"><span lang=\"pl-PL\">przytulanie i branie na kolana ma\u0142ych dzieci za zgod\u0105 ich rodzic\u00f3w i najlepiej w ich obecno\u015bci;<\/span><\/span><\/span><\/p>\n<\/li>\n<li>\n<p class=\"western\" lang=\"en-US\"><span style=\"color: #1f2225;\"><span style=\"font-family: Avenir Book, serif;\"><span lang=\"pl-PL\">dzieciom nie wolno robi\u0107 zdj\u0119\u0107 lub filmowa\u0107 bez ich zgody. Nie wolno upublicznia\u0107 zdj\u0119\u0107, film\u00f3w z udzia\u0142em dzieci bez pisemnej zgody ich rodzic\u00f3w lub opiekun\u00f3w prawnych, z wyj\u0105tkiem zdj\u0119\u0107 du\u017cych grup w miejscach publicznych w zwi\u0105zku z informowaniem o wydarzeniach;<\/span><\/span><\/span><\/p>\n<\/li>\n<\/ul>\n<h2 class=\"western\" lang=\"en-US\"><a name=\"_Toc169082610\"><\/a><span style=\"color: #1f2225;\"><span lang=\"pl-PL\">Zasady ochrony dotycz\u0105ce organizowania spotka\u0144 i wyjazd\u00f3w<\/span><\/span><\/h2>\n<p class=\"western\" lang=\"en-US\"><span style=\"color: #1f2225;\"><span style=\"font-family: Avenir Book, serif;\"><span lang=\"pl-PL\">Obowi\u0105zuje zasada pe\u0142nej transparentno\u015bci w organizowaniu spotka\u0144 z dzie\u0107mi. Na pocz\u0105tku roku formacyjnego w parafii nale\u017cy:<\/span><\/span><\/span><\/p>\n<ul>\n<li>\n<p class=\"western\" lang=\"en-US\"><span style=\"color: #1f2225;\"><span style=\"font-family: Avenir Book, serif;\"><span lang=\"pl-PL\">zapozna\u0107 rodzic\u00f3w lub opiekun\u00f3w prawnych dzieci z harmonogramem prowadzonych spotka\u0144;<\/span><\/span><\/span><\/p>\n<\/li>\n<li>\n<p class=\"western\" lang=\"en-US\"><span style=\"color: #1f2225;\"><span style=\"font-family: Avenir Book, serif;\"><span lang=\"pl-PL\">zadba\u0107 o wyra\u017cenie przez nich zgody w formie pisemnej na udzia\u0142 w spotkaniach;<\/span><\/span><\/span><\/p>\n<\/li>\n<li>\n<p class=\"western\" lang=\"en-US\"><span style=\"color: #1f2225;\"><span style=\"font-family: Avenir Book, serif;\"><span lang=\"pl-PL\">ustali\u0107 zasady odbioru dzieci;<\/span><\/span><\/span><\/p>\n<\/li>\n<li>\n<p class=\"western\" lang=\"en-US\"><span style=\"color: #1f2225;\"><span style=\"font-family: Avenir Book, serif;\"><span lang=\"pl-PL\">ustali\u0107 zasady komunikacji elektronicznej z dzie\u0107mi;<br \/>\nwszystkie formy zorganizowanego czasu, a w spos\u00f3b szczeg\u00f3lny wypoczynku dzieci powinny by\u0107 realizowane zgodnie z obowi\u0105zuj\u0105cymi przepisami prawa;<\/span><\/span><\/span><\/p>\n<\/li>\n<li>\n<p class=\"western\" lang=\"en-US\"><span style=\"color: #1f2225;\"><span style=\"font-family: Avenir Book, serif;\"><span lang=\"pl-PL\">na wyjazdy grupowe nale\u017cy uzyska\u0107 pisemn\u0105 zgod\u0119 rodzic\u00f3w lub opiekun\u00f3w prawnych, po uprzednim zapoznaniu ich z ramowym planem dzia\u0142ania i zasadami jego organizacji (regulaminem). Podczas wyjazdu rodzice lub opiekunowie prawni maj\u0105 prawo do kontaktu ze swoim dzieckiem oraz z jego opiekunem;<\/span><\/span><\/span><\/p>\n<\/li>\n<li>\n<p class=\"western\" lang=\"en-US\"><span style=\"color: #1f2225;\"><span style=\"font-family: Avenir Book, serif;\"><span lang=\"pl-PL\">podczas wyjazd\u00f3w parafialnych opiekunowie nie powinni nocowa\u0107 w tym samym pomieszczeniu co podopieczni. W sytuacji szczeg\u00f3lnej, wymagaj\u0105cej od opiekuna pozostania w nocy w pomieszczeniu z wychowankiem, powinien on o tym fakcie zawiadomi\u0107 inn\u0105 osob\u0119 doros\u0142\u0105, kierownika wyjazdu oraz, je\u015bli to mo\u017cliwe, rodzica lub opiekuna prawnego wychowanka. Je\u015bli wyjazd przewiduje noclegi zbiorowe, organizator zawiera informacj\u0119 na ten temat w regulaminie. Szczeg\u00f3lnie zadba\u0107 nale\u017cy o ochron\u0119 dzieci w toaletach, \u0142azienkach, przebieralniach czy szatniach.<br \/>\n<\/span><\/span><\/span><\/p>\n<\/li>\n<\/ul>\n<h2 class=\"western\" lang=\"en-US\"><a name=\"_Toc169082611\"><\/a><span style=\"color: #1f2225;\"><span lang=\"pl-PL\">Zasady ochrony dotycz\u0105ce kontakt\u00f3w przez media oraz udost\u0119pniania z Internetu<\/span><\/span><\/h2>\n<p class=\"western\" lang=\"en-US\"><span style=\"color: #1f2225;\"><span style=\"font-family: Avenir Book, serif;\"><span lang=\"pl-PL\">Daj\u0105c mo\u017cliwo\u015b\u0107 dost\u0119pu dzieciom do Internetu parafia wdra\u017ca \u015brodki bezpiecze\u0144stwa uniemo\u017cliwiaj\u0105ce dost\u0119p do tre\u015bci stanowi\u0105cych zagro\u017cenie dla ich prawid\u0142owego rozwoju. Na urz\u0105dzeniach umo\u017cliwiaj\u0105cych dost\u0119p do Internetu powinno by\u0107 zainstalowane i aktualizowane oprogramowanie filtruj\u0105ce tre\u015bci, za\u015b korzystanie z Internetu powinno by\u0107 monitorowane przez wyznaczon\u0105 osob\u0119 przynajmniej w spos\u00f3b umo\u017cliwiaj\u0105cy ustalenie, kto, kiedy i z jakich tre\u015bci korzysta\u0142 (np. indywidualne konta dla wszystkich u\u017cytkownik\u00f3w). Szczeg\u00f3\u0142owe zasady korzystania z Internetu powinny by\u0107 zawarte w stosownym regulaminie.<\/span><\/span><\/span><\/p>\n<h2 class=\"western\" lang=\"en-US\"><a name=\"_Toc169082612\"><\/a><span style=\"color: #1f2225;\"><span lang=\"pl-PL\">Zasady chroni\u0105ce dotycz\u0105ce wszystkich, r\u00f3wnie\u017c doros\u0142ych<\/span><\/span><\/h2>\n<ul>\n<li>\n<p class=\"western\" lang=\"en-US\"><span style=\"color: #1f2225;\"><span style=\"font-family: Avenir Book, serif;\"><span lang=\"pl-PL\">Sakrament pokuty i pojednania, a tak\u017ce spotkania zwi\u0105zane z towarzyszeniem duchowym powinny odbywa\u0107 si\u0119 w miejscach do tego wyznaczonych (konfesjona\u0142 lub miejsce osobne, ale widoczne). Je\u015bli nie mo\u017cna zachowa\u0107 tej zasady (np. w czasie wakacji, pielgrzymki czy przy spowiedzi osoby chorej czy z niepe\u0142nosprawno\u015bci\u0105), nale\u017cy zadba\u0107 o to, by spowiednik i penitent byli dost\u0119pni (drzwi pomieszczenia nie mog\u0105 by\u0107 zamkni\u0119te na klucz) lub widoczni dla innych os\u00f3b (np. przeszklenia w drzwiach, uchylone drzwi do pomieszczenia). Niedopuszczalne jest spowiadanie lub tzw. rozmowy duchowe w pokojach prywatnych. <\/span><\/span><\/span><\/p>\n<\/li>\n<li>\n<p class=\"western\" lang=\"en-US\"><span style=\"color: #1f2225;\"><span style=\"font-family: Avenir Book, serif;\"><span lang=\"pl-PL\">Podczas Mszy \u015bwi\u0119tych o uzdrowienie po\u0142\u0105czonych z modlitw\u0105 wstawiennicz\u0105 nale\u017cy zadba\u0107 o to, aby modlitwa taka odbywa\u0142a si\u0119 przy g\u0142\u00f3wnym o\u0142tarzu, w miejscach godnych, widocznych, centralnych, a nie w r\u00f3\u017cnych \u201ezau\u0142kach\u201d, przyciemnionych pomieszczeniach itp. <\/span><\/span><\/span><\/p>\n<\/li>\n<li>\n<p class=\"western\" lang=\"en-US\"><span style=\"color: #1f2225;\"><span style=\"font-family: Avenir Book, serif;\"><span lang=\"pl-PL\">Zaleca si\u0119, aby odwiedziny chorych (dotyczy ksi\u0119\u017cy oraz szafarzy i wolontariuszy) odbywa\u0142y si\u0119 w obecno\u015bci osoby trzeciej (kogo\u015b z rodziny, z s\u0105siedztwa, osoby pos\u0142uguj\u0105cej w parafii).<\/span><\/span><\/span><\/p>\n<\/li>\n<li>\n<p class=\"western\" lang=\"en-US\"><span style=\"color: #1f2225;\"><span style=\"font-family: Avenir Book, serif;\"><span lang=\"pl-PL\">Do udzia\u0142u w wizytach duszpasterskich (kol\u0119da) nale\u017cy zaprasza\u0107 tylko takie osoby (s\u0142u\u017cba liturgiczn\u0105, organista, zakrystianin, ko\u015bcielny), kt\u00f3re wykazuj\u0105 si\u0119 odpowiedni\u0105 dojrza\u0142o\u015bci\u0105 np. w obszarze zachowania dyskrecji.<\/span><\/span><\/span><\/p>\n<\/li>\n<\/ul>\n<ol start=\"6\">\n<li>\n<h1 class=\"western\" lang=\"en-US\"><a name=\"_Toc169082613\"><\/a> <span style=\"color: #1f2225;\"> <span lang=\"pl-PL\">Spos\u00f3b reagowania na oskar\u017cenia lub niew\u0142a\u015bciwe zachowania<\/span><\/span><\/h1>\n<\/li>\n<\/ol>\n<ul>\n<li>\n<p class=\"western\" lang=\"en-US\"><span style=\"color: #1f2225;\"><span style=\"font-family: Avenir Book, serif;\"><span lang=\"pl-PL\">W przypadkach przemocy fizycznej b\u0105d\u017a seksualnej, gdy sprawc\u0105 jest osoba doros\u0142a lub dziecko, nale\u017cy zg\u0142osi\u0107 ten fakt zgodnie z prawem do organ\u00f3w \u015bcigania. Je\u017celi przemocy dopu\u015bci\u0142a si\u0119 osoba duchowna to dodatkowo nale\u017cy zg\u0142osi\u0107 to do delegata diecezjalnego.<\/span><\/span><\/span><\/p>\n<\/li>\n<li>\n<p class=\"western\" lang=\"en-US\"><span style=\"color: #1f2225;\"><span style=\"font-family: Avenir Book, serif;\"><span lang=\"pl-PL\">Gdy sprawa dotyczy niew\u0142a\u015bciwego zachowania os\u00f3b \u015bwieckich zatrudnionych w parafii b\u0105d\u017a wolontariuszy, spraw\u0119 nale\u017cy zbada\u0107 i podj\u0105\u0107 adekwatne kroki w zale\u017cno\u015bci od tego, czego dotyczy\u0142o to zachowanie. Ka\u017cdorazowo nale\u017cy podj\u0105\u0107 z t\u0105 osob\u0105 rozmow\u0119 i je\u015bli zajdzie taka potrzeba, to okresowo lub stale wycofa\u0107 j\u0105 z pracy duszpasterskiej.<\/span><\/span><\/span><\/p>\n<\/li>\n<li>\n<p class=\"western\" lang=\"en-US\"><span style=\"color: #1f2225;\"><span style=\"font-family: Avenir Book, serif;\"><span lang=\"pl-PL\">Je\u015bli niew\u0142a\u015bciwe zachowanie dotyczy dziecka, nale\u017cy o tym zawiadomi\u0107 jego rodzic\u00f3w i wraz z nimi podj\u0105\u0107 odpowiednie dzia\u0142ania.<\/span><\/span><\/span><\/p>\n<\/li>\n<li>\n<p class=\"western\" lang=\"en-US\"><span style=\"color: #1f2225;\"><span style=\"font-family: Avenir Book, serif;\"><span lang=\"pl-PL\">Je\u015bli sprawa dotyczy niew\u0142a\u015bciwych zachowa\u0144 dzieci wobec siebie nawzajem, nale\u017cy niezw\u0142ocznie zawiadomi\u0107 rodzic\u00f3w dzieci i wraz z nimi podj\u0105\u0107 odpowiednie dzia\u0142ania.<\/span><\/span><\/span><\/p>\n<\/li>\n<li>\n<p class=\"western\" lang=\"en-US\"><span style=\"color: #1f2225;\"><span style=\"font-family: Avenir Book, serif;\"><span lang=\"pl-PL\">Osoba odpowiedzialna za przyjmowanie zg\u0142osze\u0144 wsp\u00f3\u0142pracuje z proboszczem i delegatem diecezjalnym. <\/span><\/span><\/span><\/p>\n<\/li>\n<li>\n<p class=\"western\" lang=\"en-US\"><span style=\"color: #1f2225;\"><span style=\"font-family: Avenir Book, serif;\"><span lang=\"pl-PL\">Ka\u017cda informacja o niew\u0142a\u015bciwym zachowaniu powinna by\u0107 traktowana powa\u017cnie, gdy\u017c jest dzia\u0142aniem prewencyjnym.<\/span><\/span><\/span><\/p>\n<\/li>\n<li>\n<p class=\"western\" lang=\"en-US\"><span style=\"color: #1f2225;\"><span style=\"font-family: Avenir Book, serif;\"><span lang=\"pl-PL\">Je\u015bli jakakolwiek osoba doros\u0142a zaanga\u017cowana w prac\u0119 duszpastersk\u0105 w parafii dowie si\u0119 od dziecka, \u017ce do\u015bwiadcza ono przemocy, automatycznie ma obowi\u0105zek zastosowania si\u0119 do art. 304 k.p.k. m\u00f3wi\u0105cego o tym, \u017ce ka\u017cdy, kto dowie si\u0119 o pope\u0142nieniu przest\u0119pstwa \u015bciganego z urz\u0119du, ma spo\u0142eczny obowi\u0105zek zawiadomi\u0107 o tym prokuratora lub policj\u0119.<\/span><\/span><\/span><\/p>\n<\/li>\n<li>\n<p class=\"western\" lang=\"en-US\"><span style=\"color: #1f2225;\"><span style=\"font-family: Avenir Book, serif;\"><span lang=\"pl-PL\">Wszelka dzia\u0142alno\u015b\u0107 dotycz\u0105ca ochrony oraz interwencji i pomocy jest dokumentowana. Wpis\u00f3w w rejestrze zdarze\u0144 dokonuj\u0105 osoby bezpo\u015brednio zaanga\u017cowane w dan\u0105 aktywno\u015b\u0107 (zazwyczaj osoba zaufana oraz\/lub osoba odpowiedzialna za interwencj\u0119). Za bezpieczne przechowywanie notatek odpowiedzialny jest proboszcz (administrator). Rejestr (Za\u0142\u0105cznik 3) prowadzi si\u0119 zgodnie z zasadami ochrony danych wra\u017cliwych. Notatk\u0105 tak\u0105 pos\u0142ugujemy si\u0119 w dzia\u0142aniach interwencyjnych (np. przy zg\u0142oszeniu do prokuratury).<\/span><\/span><\/span><\/p>\n<\/li>\n<\/ul>\n<ol start=\"7\">\n<li>\n<h1 class=\"western\" lang=\"en-US\"><a name=\"_Toc169082614\"><\/a> <span style=\"color: #1f2225;\"> <span lang=\"pl-PL\">Pomoc osobom skrzywdzonym<\/span><\/span><\/h1>\n<\/li>\n<\/ol>\n<ul>\n<li>\n<p class=\"western\" lang=\"en-US\"><span style=\"color: #1f2225;\"><span style=\"font-family: Avenir Book, serif;\"><span lang=\"pl-PL\">Ka\u017cda osoba, kt\u00f3ra m\u00f3wi o do\u015bwiadczanej przez siebie krzywdzie, winna zosta\u0107 przyj\u0119ta z szacunkiem i uwa\u017cnie wys\u0142uchana.<\/span><\/span><\/span><\/p>\n<\/li>\n<li>\n<p class=\"western\" lang=\"en-US\"><span style=\"color: #1f2225;\"><span style=\"font-family: Avenir Book, serif;\"><span lang=\"pl-PL\">Osoba skrzywdzona powinna otrzyma\u0107 informacj\u0119 o mo\u017cliwych formach pomocy, z kt\u00f3rej mo\u017ce skorzysta\u0107 na terenie parafii lub poza ni\u0105. <\/span><\/span><\/span><\/p>\n<\/li>\n<li>\n<p class=\"western\" lang=\"en-US\"><span style=\"color: #1f2225;\"><span style=\"font-family: Avenir Book, serif;\"><span lang=\"pl-PL\">W sytuacji, gdy osoba wskazana jako sprawca jest kap\u0142anem lub inn\u0105 osob\u0105 zaanga\u017cowan\u0105 w parafii, nale\u017cy jak najszybciej zapewni\u0107 bezpiecze\u0144stwo osobie skrzywdzonej (np. przez niedopuszczanie do niej osoby wskazanej lub podejrzanej o krzywd\u0119). Nast\u0119pnie nale\u017cy jej udzieli\u0107 pomocy, jakiej potrzebuje. Osoby poszkodowane nie powinny by\u0107 obarczane kosztami udzielanej im pomocy.<\/span><\/span><\/span><\/p>\n<\/li>\n<li>\n<p class=\"western\" lang=\"en-US\"><span style=\"color: #1f2225;\"><span style=\"font-family: Avenir Book, serif;\"><span lang=\"pl-PL\">Troska duszpasterska wobec osoby skrzywdzonej i jej bliskich polega przede wszystkim na \u017cyczliwym wys\u0142uchaniu i pomocy w odbudowaniu jej wi\u0119zi z Bogiem i zaufania do Ko\u015bcio\u0142a. Organizowana jest w porozumieniu z diecezjalnym duszpasterzem ds. pomocy duchowej osobom skrzywdzonym.<\/span><\/span><\/span><\/p>\n<\/li>\n<li>\n<p class=\"western\" lang=\"en-US\"><span style=\"color: #1f2225;\"><span style=\"font-family: Avenir Book, serif;\"><span lang=\"pl-PL\">Je\u015bli osoba skrzywdzona nale\u017ca\u0142a do jakiej\u015b grupy parafialnej, r\u00f3wnie\u017c inni uczestnicy tej grupy powinni otrzyma\u0107 pomoc duszpastersk\u0105 i ewentualnie psychologiczn\u0105.<\/span><\/span><\/span><\/p>\n<\/li>\n<li>\n<p class=\"western\" lang=\"en-US\"><span style=\"color: #1f2225;\"><span style=\"font-family: Avenir Book, serif;\"><span lang=\"pl-PL\">Je\u015bli osob\u0105 skrzywdzon\u0105 jest dziecko, pomoc powinna otrzyma\u0107 r\u00f3wnie\u017c jego rodzina.<\/span><\/span><\/span><\/p>\n<\/li>\n<li>\n<p class=\"western\" lang=\"en-US\"><span style=\"color: #1f2225;\"><span style=\"font-family: Avenir Book, serif;\"><span lang=\"pl-PL\">Parafianie powinni by\u0107 we w\u0142a\u015bciwy spos\u00f3b poinformowani o tym, co si\u0119 wydarzy\u0142o, oraz otrzyma\u0107 stosown\u0105 pomoc. Nale\u017cy przy tym zachowa\u0107 zasad\u0119 ochrony dobrego imienia osoby skrzywdzonej.<\/span><\/span><\/span><\/p>\n<\/li>\n<li>\n<p class=\"western\" lang=\"en-US\"><span style=\"color: #1f2225;\"><span style=\"font-family: Avenir Book, serif;\"><span lang=\"pl-PL\">Je\u015bli zg\u0142oszenie dotyczy przest\u0119pstwa okre\u015blonego w prawie karnym i\/lub kanonicznym, osoba przyjmuj\u0105ca zg\u0142oszenie post\u0119puje zgodnie z procedurami zawartymi w Wytycznych KEP.<\/span><\/span><\/span><\/p>\n<\/li>\n<li>\n<p class=\"western\" lang=\"en-US\"><span style=\"color: #1f2225;\"><span style=\"font-family: Avenir Book, serif;\"><span lang=\"pl-PL\">Je\u015bli zg\u0142oszenie dotyczy innej krzywdy czy niew\u0142a\u015bciwego zachowania, osoba zg\u0142aszaj\u0105ca otrzymuje informacj\u0119 o podj\u0119tych w sprawie krokach.<\/span><\/span><\/span><\/p>\n<\/li>\n<li>\n<p class=\"western\" lang=\"en-US\"><span style=\"color: #1f2225;\"><span style=\"font-family: Avenir Book, serif;\"><span lang=\"pl-PL\">Wszelkie dzia\u0142ania i uzyskane informacje obj\u0119te s\u0105 zasad\u0105 poufno\u015bci, ale osoby skrzywdzonej nie wolno zobowi\u0105zywa\u0107 do zachowania tajemnicy.<\/span><\/span><\/span><\/p>\n<\/li>\n<\/ul>\n<ol start=\"8\">\n<li>\n<h1 class=\"western\" lang=\"en-US\"><a name=\"_Toc169082615\"><\/a> <span style=\"color: #1f2225;\"> <span lang=\"pl-PL\">Spos\u00f3b post\u0119powania z oskar\u017conymi o przemoc<\/span><\/span><\/h1>\n<\/li>\n<\/ol>\n<ul>\n<li>\n<p class=\"western\" lang=\"en-US\"><span style=\"color: #1f2225;\"><span style=\"font-family: Avenir Book, serif;\"><span lang=\"pl-PL\">Do parafii mog\u0105 nale\u017ce\u0107 osoby, kt\u00f3re s\u0105 oskar\u017cone o r\u00f3\u017cne przest\u0119pstwa b\u0105d\u017a maj\u0105 wyrok w zawieszeniu, lub te\u017c wr\u00f3ci\u0142y do \u015brodowiska po odbytym wyroku. Nie powinny one pracowa\u0107 z dzie\u0107mi, natomiast powinny zosta\u0107 obj\u0119te pomoc\u0105 duszpastersk\u0105. <\/span><\/span><\/span><\/p>\n<\/li>\n<li>\n<p class=\"western\" lang=\"en-US\"><span style=\"color: #1f2225;\"><span style=\"font-family: Avenir Book, serif;\"><span lang=\"pl-PL\">W sytuacji, gdy oskar\u017conym jest dziecko, nale\u017cy wsp\u00f3\u0142pracowa\u0107 z jego rodzicami lub opiekunami prawnymi w takim zakresie, w jakim jest to mo\u017cliwe i potrzebne. Ich r\u00f3wnie\u017c dobrze jest otoczy\u0107 opiek\u0105 duszpastersk\u0105.<\/span><\/span><\/span><\/p>\n<\/li>\n<li>\n<p class=\"western\" lang=\"en-US\"><span style=\"color: #1f2225;\"><span style=\"font-family: Avenir Book, serif;\"><span lang=\"pl-PL\">W sytuacji, gdy osob\u0105 oskar\u017con\u0105 jest kap\u0142an lub osoba konsekrowana, nale\u017cy zastosowa\u0107 si\u0119 do wskaza\u0144 uzyskanych od biskupa miejsca lub prze\u0142o\u017conych. Wobec takiej osoby powzi\u0119te zostaj\u0105 kroki przewidziane przez Wytyczne KEP.<\/span><\/span><\/span><\/p>\n<\/li>\n<li>\n<p class=\"western\" lang=\"en-US\"><span style=\"color: #1f2225;\"><span style=\"font-family: Avenir Book, serif;\"><span lang=\"pl-PL\">Gdy osob\u0105 oskar\u017con\u0105 jest \u015bwiecki pracownik lub wolontariusz parafialny, nale\u017cy odsun\u0105\u0107 tak\u0105 osob\u0119 od podejmowanej pracy na czas wyja\u015bnienia sprawy lub do czasu decyzji prokuratury oraz obj\u0105\u0107 j\u0105 opiek\u0105 duszpastersk\u0105.<\/span><\/span><\/span><\/p>\n<\/li>\n<li>\n<p class=\"western\" lang=\"en-US\"><span style=\"color: #1f2225;\"><span style=\"font-family: Avenir Book, serif;\"><span lang=\"pl-PL\">W procesie wyja\u015bniania sprawy oraz w podawaniu informacji nale\u017cy r\u00f3wnie\u017c zadba\u0107 o zachowanie ochrony dobrego imienia domniemanego sprawcy.<\/span><\/span><\/span><\/p>\n<\/li>\n<li>\n<p class=\"western\" lang=\"en-US\"><span style=\"color: #1f2225;\"><span style=\"font-family: Avenir Book, serif;\"><span lang=\"pl-PL\">W przypadku zaistnienia fa\u0142szywego oskar\u017cenia, je\u015bli zarzuty nie zostan\u0105 potwierdzone, a oskar\u017cenie znane by\u0142o osobom postronnym, nale\u017cy przekaza\u0107 im informacj\u0119 o niewinno\u015bci oskar\u017conego w formie komunikatu biskupa miejsca lub delegata.<\/span><\/span><\/span><\/p>\n<\/li>\n<\/ul>\n<ol start=\"9\">\n<li>\n<h1 class=\"western\" lang=\"en-US\"><a name=\"_Toc169082616\"><\/a> <span style=\"color: #1f2225;\"> <span lang=\"pl-PL\">Zapewnienie jako\u015bci i ci\u0105g\u0142o\u015bci dzia\u0142a\u0144 w zakresie prewencji<\/span><\/span><\/h1>\n<\/li>\n<\/ol>\n<ul>\n<li>\n<p class=\"western\" lang=\"en-US\"><span style=\"color: #1f2225;\"><span style=\"font-family: Avenir Book, serif;\"><span lang=\"pl-PL\">Dokument zawieraj\u0105cy standardy ochrony dzieci i os\u00f3b bezbronnych w parafii aktualizowany jest co dwa lata.<\/span><\/span><\/span><\/p>\n<\/li>\n<li>\n<p class=\"western\" lang=\"en-US\"><span style=\"color: #1f2225;\"><span style=\"font-family: Avenir Book, serif;\"><span lang=\"pl-PL\">Ewaluacja dokumentu dokonywana jest przez osob\u0119 odpowiedzialn\u0105 za prewencj\u0119 we wsp\u00f3\u0142pracy z proboszczem\/administratorem i osobami wyznaczonymi przez proboszcza, a nast\u0119pnie konsultowana z osobami zaanga\u017cowanymi w duszpasterstwo parafialne. Nast\u0119pnie jest zatwierdzana przez osob\u0119 odpowiedzialn\u0105 w diecezji za prewencj\u0119.<\/span><\/span><\/span><\/p>\n<\/li>\n<\/ul>\n<p class=\"western\" lang=\"en-US\"><span style=\"color: #1f2225;\"><span style=\"font-family: Avenir Book, serif;\"><span lang=\"pl-PL\">\u00a0<\/span><\/span><\/span><\/p>\n<p class=\"western\" lang=\"en-US\"><span style=\"color: #1f2225;\"><span style=\"font-family: Avenir Book, serif;\"><span lang=\"pl-PL\">Osob\u0105 zaufania w parafii jest Pan J\u00f3zef Hubka &#8211; katecheta<\/span><\/span><\/span><\/p>\n<p class=\"western\" lang=\"en-US\"><span style=\"color: #1f2225;\"><span style=\"font-family: Avenir Book, serif;\"><span lang=\"pl-PL\">Plac\u00f3wki, w kt\u00f3rych mo\u017cna uzyska\u0107 pomoc terapeutyczn\u0105:<\/span><\/span><\/span><\/p>\n<p class=\"western\">\n","protected":false},"excerpt":{"rendered":"<p>Standardy ochrony dzieci w parafii Niepokalanego Serca NMPanny w Krzy\u017cowej Preambu\u0142a Niniejszy dokument zosta\u0142 opracowany w parafii Niepokalanego Serca NMPanny jako odpowied\u017a na prawny obowi\u0105zek wprowadzenia standard\u00f3w ochrony dzieci przed krzywdzeniem we wszystkich instytucjach, w kt\u00f3rych przebywaj\u0105 dzieci, zgodnie z ustaw\u0105 z dnia 28 lipca 2023 roku o zmianie ustawy Kodeks rodzinny i opieku\u0144czy oraz [&hellip;]<\/p>\n","protected":false},"author":0,"featured_media":0,"comment_status":"closed","ping_status":"closed","sticky":false,"template":"","format":"standard","meta":{"ngg_post_thumbnail":0,"footnotes":""},"categories":[3],"tags":[],"class_list":["post-3852","post","type-post","status-publish","format-standard","hentry","category-ogloszenia"],"aioseo_notices":[],"_links":{"self":[{"href":"https:\/\/parafiakrzyzowa.pl\/index.php?rest_route=\/wp\/v2\/posts\/3852","targetHints":{"allow":["GET"]}}],"collection":[{"href":"https:\/\/parafiakrzyzowa.pl\/index.php?rest_route=\/wp\/v2\/posts"}],"about":[{"href":"https:\/\/parafiakrzyzowa.pl\/index.php?rest_route=\/wp\/v2\/types\/post"}],"replies":[{"embeddable":true,"href":"https:\/\/parafiakrzyzowa.pl\/index.php?rest_route=%2Fwp%2Fv2%2Fcomments&post=3852"}],"version-history":[{"count":2,"href":"https:\/\/parafiakrzyzowa.pl\/index.php?rest_route=\/wp\/v2\/posts\/3852\/revisions"}],"predecessor-version":[{"id":3854,"href":"https:\/\/parafiakrzyzowa.pl\/index.php?rest_route=\/wp\/v2\/posts\/3852\/revisions\/3854"}],"wp:attachment":[{"href":"https:\/\/parafiakrzyzowa.pl\/index.php?rest_route=%2Fwp%2Fv2%2Fmedia&parent=3852"}],"wp:term":[{"taxonomy":"category","embeddable":true,"href":"https:\/\/parafiakrzyzowa.pl\/index.php?rest_route=%2Fwp%2Fv2%2Fcategories&post=3852"},{"taxonomy":"post_tag","embeddable":true,"href":"https:\/\/parafiakrzyzowa.pl\/index.php?rest_route=%2Fwp%2Fv2%2Ftags&post=3852"}],"curies":[{"name":"wp","href":"https:\/\/api.w.org\/{rel}","templated":true}]}}