{"id":3865,"date":"2024-08-24T07:25:41","date_gmt":"2024-08-24T07:25:41","guid":{"rendered":"https:\/\/parafiakrzyzowa.pl\/?p=3865"},"modified":"2024-08-24T07:25:45","modified_gmt":"2024-08-24T07:25:45","slug":"3865","status":"publish","type":"post","link":"https:\/\/parafiakrzyzowa.pl\/?p=3865","title":{"rendered":""},"content":{"rendered":"<p>&nbsp;<\/p>\n<p>Krzy\u017cowa 25.VIII. 2024r.<\/p>\n<p>&nbsp;<\/p>\n<p>&nbsp;<\/p>\n<p><strong><u>XXI NIEDZIELA ZWYK\u0141A<\/u><\/strong><\/p>\n<p>&nbsp;<\/p>\n<p>Ostatni tydzie\u0144 wakacji .Witam bardzo serdecznie wszystkich wypoczywaj\u0105cych i sp\u0119dzaj\u0105cych urlopy na terenie naszej parafii. \u017bycz\u0119 pi\u0119knej s\u0142onecznej pogody .<\/p>\n<p>Zapraszam bardzo serdecznie na codzienn\u0105 msz\u0119 \u015bw. W \u015brod\u0119 jak zwykle r\u00f3\u017caniec w intencji trze\u017awo\u015bci w naszej parafii . Zapraszam bardzo serdecznie.<\/p>\n<p>Jest ju\u017c nowa ksi\u0119ga intencyjna. Mo\u017cna ju\u017c rezerwowa\u0107 msze \u015bw. na nowy 2025rok.<\/p>\n<p>&nbsp;<\/p>\n<p>Zach\u0119cam do nabywania prasy katolickiej.<\/p>\n<p>Dzi\u0119kuj\u0119 za sprz\u0105tanie ko\u015bcio\u0142a w tym tygodniu. Nast\u0119pne sprz\u0105tanie b\u0119dzie w pi\u0105tek po wieczornej mszy \u015bw. Sprz\u0105taj\u0105 Panie: Krystyna G\u00f3ra Danuta Lach Halina Cima\u0142a i Bernadetta Cima\u0142a \u00a0Nie kupujemy kwiat\u00f3w.<\/p>\n<p>&nbsp;<\/p>\n<p>Bardzo serdecznie dzi\u0119kuj\u0119 za ofiary na syryjsk\u0105 rodzin\u0119 z Aleppo.<\/p>\n<p>&nbsp;<\/p>\n<p>&nbsp;<\/p>\n<p>Kalendarz liturgiczny<\/p>\n<p>&nbsp;<\/p>\n<p>Poniedzia\u0142ek \u2013 uroczysto\u015b\u0107 Matki Bo\u017cej Cz\u0119stochowskiej<\/p>\n<p>Wtorek \u2013 wsp. \u015bw. Moniki<\/p>\n<p>\u015aroda \u2013 wsp. \u015bw. Augustyna biskupa i Doktora Ko\u015bcio\u0142a<\/p>\n<p>Czwartek \u2013 wsp. m\u0119cze\u0144stwa \u015bw\/ Jana Chrzciciela<\/p>\n<p>&nbsp;<\/p>\n<p>W ostatnim\u00a0 tygodniu odszed\u0142 z naszej rodziny parafialnej do Pana po wieczn\u0105 nagrod\u0119 sp. J\u00f3zef Tla\u0142ka . wieczny odpoczynek racz mu da\u0107 Panie\u2026\u2026<\/p>\n","protected":false},"excerpt":{"rendered":"<p>&nbsp; Krzy\u017cowa 25.VIII. 2024r. &nbsp; &nbsp; XXI NIEDZIELA ZWYK\u0141A &nbsp; Ostatni tydzie\u0144 wakacji .Witam bardzo serdecznie wszystkich wypoczywaj\u0105cych i sp\u0119dzaj\u0105cych urlopy na terenie naszej parafii. \u017bycz\u0119 pi\u0119knej s\u0142onecznej pogody . Zapraszam bardzo serdecznie na codzienn\u0105 msz\u0119 \u015bw. W \u015brod\u0119 jak zwykle r\u00f3\u017caniec w intencji trze\u017awo\u015bci w naszej parafii . Zapraszam bardzo serdecznie. Jest ju\u017c nowa [&hellip;]<\/p>\n","protected":false},"author":0,"featured_media":0,"comment_status":"closed","ping_status":"closed","sticky":false,"template":"","format":"standard","meta":{"ngg_post_thumbnail":0,"footnotes":""},"categories":[3],"tags":[],"class_list":["post-3865","post","type-post","status-publish","format-standard","hentry","category-ogloszenia"],"aioseo_notices":[],"_links":{"self":[{"href":"https:\/\/parafiakrzyzowa.pl\/index.php?rest_route=\/wp\/v2\/posts\/3865","targetHints":{"allow":["GET"]}}],"collection":[{"href":"https:\/\/parafiakrzyzowa.pl\/index.php?rest_route=\/wp\/v2\/posts"}],"about":[{"href":"https:\/\/parafiakrzyzowa.pl\/index.php?rest_route=\/wp\/v2\/types\/post"}],"replies":[{"embeddable":true,"href":"https:\/\/parafiakrzyzowa.pl\/index.php?rest_route=%2Fwp%2Fv2%2Fcomments&post=3865"}],"version-history":[{"count":1,"href":"https:\/\/parafiakrzyzowa.pl\/index.php?rest_route=\/wp\/v2\/posts\/3865\/revisions"}],"predecessor-version":[{"id":3866,"href":"https:\/\/parafiakrzyzowa.pl\/index.php?rest_route=\/wp\/v2\/posts\/3865\/revisions\/3866"}],"wp:attachment":[{"href":"https:\/\/parafiakrzyzowa.pl\/index.php?rest_route=%2Fwp%2Fv2%2Fmedia&parent=3865"}],"wp:term":[{"taxonomy":"category","embeddable":true,"href":"https:\/\/parafiakrzyzowa.pl\/index.php?rest_route=%2Fwp%2Fv2%2Fcategories&post=3865"},{"taxonomy":"post_tag","embeddable":true,"href":"https:\/\/parafiakrzyzowa.pl\/index.php?rest_route=%2Fwp%2Fv2%2Ftags&post=3865"}],"curies":[{"name":"wp","href":"https:\/\/api.w.org\/{rel}","templated":true}]}}