{"id":3872,"date":"2024-08-31T07:12:08","date_gmt":"2024-08-31T07:12:08","guid":{"rendered":"https:\/\/parafiakrzyzowa.pl\/?p=3872"},"modified":"2024-08-31T07:12:14","modified_gmt":"2024-08-31T07:12:14","slug":"3872","status":"publish","type":"post","link":"https:\/\/parafiakrzyzowa.pl\/?p=3872","title":{"rendered":""},"content":{"rendered":"<p>&nbsp;<\/p>\n<p>Krzy\u017cowa 1.IX. 2024r.<\/p>\n<p>&nbsp;<\/p>\n<p>&nbsp;<\/p>\n<p><strong><u>XXII NIEDZIELA ZWYK\u0141A<\/u><\/strong><\/p>\n<p>&nbsp;<\/p>\n<p>Dzi\u015b przypada I niedziela wrze\u015bnia. Po ka\u017cdej mszy \u015bw. adoracja Pana Jezusa w Naj\u015bwi\u0119tszym Sakramencie.<\/p>\n<p>&nbsp;<\/p>\n<p>Sko\u0144czy\u0142y si\u0119 wakacje . Jutro pierwszy dzie\u0144 Nowego roku szkolnego 2024\/ 2025. W naszej parafii rozpoczniemy nowy rok szkolny jutro msz\u0105 \u015bw. dla wszystkich szk\u00f3\u0142 o godz. 8:00. Bardzo serdecznie zapraszam na Eucharysti\u0119 wszystkich nauczycieli uczni\u00f3w pracownik\u00f3w naszych szk\u00f3\u0142 , rodzic\u00f3w naszych uczni\u00f3w.\u00a0 Tylko z Panem Jezusem trzeba rozpoczyna\u0107 ci\u0119\u017ck\u0105 prac\u0119 zdobywania wiedzy i m\u0105dro\u015bci .<\/p>\n<p>&nbsp;<\/p>\n<p>Zapraszam bardzo serdecznie na codzienn\u0105 msz\u0119 \u015bw. W \u015brod\u0119 jak zwykle r\u00f3\u017caniec za nasz\u0105 Ojczyzn\u0119 \u00a0. Zapraszam bardzo serdecznie.<\/p>\n<p>&nbsp;<\/p>\n<p>W tym tygodniu przypada I czwartek pi\u0105tek i sobota miesi\u0105ca.\u00a0 W czwartek spowied\u017a \u015bw. od 17 do 18 a p\u00f3\u017aniej msza \u015bw. o godz. 18 z Godzin\u0105 \u015bw.<\/p>\n<p>W pi\u0105tek spowied\u017a \u015bw. od 16 do 17 a po mszy \u015bw. nabo\u017ce\u0144stwo do Naj\u015bwi\u0119tszego Serca Pana Jezusa.<\/p>\n<p>Wizyta\u00a0 u chorych i senior\u00f3w od godz. 9:00,<\/p>\n<p>&nbsp;<\/p>\n<p>Zapraszam do spowiedzi w czwartek i pi\u0105tek wszystkich uczni\u00f3w naszej parafii. Nie wyobra\u017cam sobie rozpocz\u0119cie nowego roku szkolnego bez \u0142aski u\u015bwi\u0119caj\u0105cej w waszych sercach.<\/p>\n<p>&nbsp;<\/p>\n<p>W sobot\u0119 prosz\u0119 o r\u00f3\u017caniec w intencji naszej parafii.<\/p>\n<p>Jak zauwa\u017cyli\u015bcie trwaj\u0105 prace przy cmentarzu . A w najbli\u017csz\u0105 niedziel\u0119 8 wrze\u015bnia Rada Duszpasterska b\u0119dzie zbiera\u0142a ofiary na ten cel. Z g\u00f3ry za wszystkie ofiary dzi\u0119kujemy.<\/p>\n<p>&nbsp;<\/p>\n<p>Zach\u0119cam do nabywania prasy katolickiej.<\/p>\n<p>Dzi\u0119kuj\u0119 za sprz\u0105tanie ko\u015bcio\u0142a w tym tygodniu. Nast\u0119pne sprz\u0105tanie b\u0119dzie w pi\u0105tek po wieczornej mszy \u015bw. Sprz\u0105taj\u0105 Panie: \u017banna Pi\u00f3recka Ma\u0142gorzata J\u0119drzejas Anna G\u00f3ra Ewa Michalec\/ \u00a0\u00a0Nie kupujemy kwiat\u00f3w.<\/p>\n<p>&nbsp;<\/p>\n<p>Kalendarz liturgiczny<\/p>\n<p>&nbsp;<\/p>\n<p>Wtorek \u2013 wsp. \u015bw. Grzegorza Wielkiego papie\u017ca i Doktora Ko\u015bcio\u0142a<\/p>\n<p>Sobota \u2013 wsp. \u015bw. Melchiora Grodzieckiego kap\u0142ana i m\u0119czennika<\/p>\n<p>Do 15 wrze\u015bnia mo\u017cna si\u0119 zapisa\u0107\u00a0 grupy ministrant\u00f3w i ministrantem . Zapisy u mnie\u00a0\u00a0\u00a0\u00a0\u00a0\u00a0\u00a0\u00a0\u00a0\u00a0\u00a0\u00a0\u00a0\u00a0\u00a0\u00a0\u00a0\u00a0\u00a0\u00a0\u00a0\u00a0 \u00a0i u P. Katechety. Zapraszam uczni\u00f3w klasy 4 i starszych . Zapraszam r\u00f3wnie\u017c do grona lektor\u00f3w starszych ch\u0142opc\u00f3w i dziewczynki.<\/p>\n<p>&nbsp;<\/p>\n<p>W ostatnim tygodniu odeszli do Pana do wieczno\u015bci z naszej rodziny Parafialnej \u015bp. Justyna Brzuchalska i W\u0142adys\u0142aw Walig\u00f3ra\u00a0\u00a0\u00a0\u00a0 wieczny odpoczynek racz im da\u0107 Panie\u2026\u2026<\/p>\n","protected":false},"excerpt":{"rendered":"<p>&nbsp; Krzy\u017cowa 1.IX. 2024r. &nbsp; &nbsp; XXII NIEDZIELA ZWYK\u0141A &nbsp; Dzi\u015b przypada I niedziela wrze\u015bnia. Po ka\u017cdej mszy \u015bw. adoracja Pana Jezusa w Naj\u015bwi\u0119tszym Sakramencie. &nbsp; Sko\u0144czy\u0142y si\u0119 wakacje . Jutro pierwszy dzie\u0144 Nowego roku szkolnego 2024\/ 2025. W naszej parafii rozpoczniemy nowy rok szkolny jutro msz\u0105 \u015bw. dla wszystkich szk\u00f3\u0142 o godz. 8:00. Bardzo [&hellip;]<\/p>\n","protected":false},"author":0,"featured_media":0,"comment_status":"closed","ping_status":"closed","sticky":false,"template":"","format":"standard","meta":{"ngg_post_thumbnail":0,"footnotes":""},"categories":[3],"tags":[],"class_list":["post-3872","post","type-post","status-publish","format-standard","hentry","category-ogloszenia"],"aioseo_notices":[],"_links":{"self":[{"href":"https:\/\/parafiakrzyzowa.pl\/index.php?rest_route=\/wp\/v2\/posts\/3872","targetHints":{"allow":["GET"]}}],"collection":[{"href":"https:\/\/parafiakrzyzowa.pl\/index.php?rest_route=\/wp\/v2\/posts"}],"about":[{"href":"https:\/\/parafiakrzyzowa.pl\/index.php?rest_route=\/wp\/v2\/types\/post"}],"replies":[{"embeddable":true,"href":"https:\/\/parafiakrzyzowa.pl\/index.php?rest_route=%2Fwp%2Fv2%2Fcomments&post=3872"}],"version-history":[{"count":1,"href":"https:\/\/parafiakrzyzowa.pl\/index.php?rest_route=\/wp\/v2\/posts\/3872\/revisions"}],"predecessor-version":[{"id":3873,"href":"https:\/\/parafiakrzyzowa.pl\/index.php?rest_route=\/wp\/v2\/posts\/3872\/revisions\/3873"}],"wp:attachment":[{"href":"https:\/\/parafiakrzyzowa.pl\/index.php?rest_route=%2Fwp%2Fv2%2Fmedia&parent=3872"}],"wp:term":[{"taxonomy":"category","embeddable":true,"href":"https:\/\/parafiakrzyzowa.pl\/index.php?rest_route=%2Fwp%2Fv2%2Fcategories&post=3872"},{"taxonomy":"post_tag","embeddable":true,"href":"https:\/\/parafiakrzyzowa.pl\/index.php?rest_route=%2Fwp%2Fv2%2Ftags&post=3872"}],"curies":[{"name":"wp","href":"https:\/\/api.w.org\/{rel}","templated":true}]}}