{"id":3878,"date":"2024-09-07T06:00:52","date_gmt":"2024-09-07T06:00:52","guid":{"rendered":"https:\/\/parafiakrzyzowa.pl\/?p=3878"},"modified":"2024-09-07T14:14:41","modified_gmt":"2024-09-07T14:14:41","slug":"3878","status":"publish","type":"post","link":"https:\/\/parafiakrzyzowa.pl\/?p=3878","title":{"rendered":""},"content":{"rendered":"<p>&nbsp;<\/p>\n<p>Krzy\u017cowa 8.IX. 2024r.<\/p>\n<p>&nbsp;<\/p>\n<p>&nbsp;<\/p>\n<p><strong><u>XXIII NIEDZIELA ZWYK\u0141A<\/u><\/strong><\/p>\n<p>&nbsp;<\/p>\n<p>&nbsp;<\/p>\n<p>W dzisiejsz\u0105 niedziel\u0119 rozpoczynamy Tydzie\u0144 Wychowania.<\/p>\n<p>&nbsp;<\/p>\n<p>Zapraszam bardzo serdecznie na codzienn\u0105 msz\u0119 \u015bw. W \u015brod\u0119 jak zwykle r\u00f3\u017caniec za nasz\u0105 Ojczyzn\u0119<\/p>\n<p>&nbsp;<\/p>\n<p>&nbsp;<\/p>\n<p>W dzisiejsz\u0105 \u00a0niedziel\u0119 8 wrze\u015bnia Rada Duszpasterska b\u0119dzie zbiera\u0142a ofiary na prace na cmentarzu kt\u00f3re trwaj\u0105. Z g\u00f3ry za wszystkie ofiary dzi\u0119kujemy.<\/p>\n<p>&nbsp;<\/p>\n<p>Zach\u0119cam do nabywania prasy katolickiej.<\/p>\n<p>&nbsp;<\/p>\n<p>Dzi\u0119kuj\u0119 za sprz\u0105tanie ko\u015bcio\u0142a w tym tygodniu. Nast\u0119pne sprz\u0105tanie b\u0119dzie w pi\u0105tek po wieczornej mszy \u015bw. Sprz\u0105taj\u0105 Panie: Beata Jasek Monika Mastalerz Janina Cul i Teresa \u0141oboz. \u00a0\u00a0Nie kupujemy kwiat\u00f3w.<\/p>\n<p>&nbsp;<\/p>\n<p>Spotkania w tym tygodniu.<\/p>\n<p>&nbsp;<\/p>\n<p>W poniedzia\u0142ek o godz. 17 spotkanie z ministrantami i mnistrantkami.<\/p>\n<p>&nbsp;<\/p>\n<p>W \u015brod\u0119 o godz. 17 spotkanie z kandydatami do Bierzmowania z klasy VII i VIII. Bardzo prosz\u0119 aby kandydaci przynie\u015bli a spotkanie stare dzienniczki podpisane imieniem i nazwiskiek.<\/p>\n<p>&nbsp;<\/p>\n<p>W pi\u0105tek o godz. 17 spotkanie z lektorami i lektorkami . Obecno\u015b\u0107 na spotkaniach obowi\u0105zkowe.<\/p>\n<p>&nbsp;<\/p>\n<p>&nbsp;<\/p>\n<p>Do 15 wrze\u015bnia mo\u017cna si\u0119 zapisa\u0107\u00a0 grupy ministrant\u00f3w i ministrantem . Zapisy u mnie\u00a0\u00a0\u00a0\u00a0\u00a0\u00a0\u00a0\u00a0\u00a0\u00a0\u00a0\u00a0\u00a0\u00a0\u00a0\u00a0\u00a0\u00a0\u00a0\u00a0\u00a0\u00a0 \u00a0i u P. Katechety. Zapraszam uczni\u00f3w klasy 4 i starszych . Zapraszam r\u00f3wnie\u017c do grona lektor\u00f3w starszych ch\u0142opc\u00f3w i dziewczynki.<\/p>\n<p>&nbsp;<\/p>\n<p>Kalendarz liturgiczny<\/p>\n<p>&nbsp;<\/p>\n<p>Pi\u0105tek \u2013 wsp. \u015bw. Jana Chryzostoma biskupa i doktora Ko\u015bcio\u0142a<\/p>\n<p>Sobota \u2013 \u015bwi\u0119to Podwy\u017cszenia Krzy\u017c \u015bwi\u0119tego<\/p>\n<p>&nbsp;<\/p>\n","protected":false},"excerpt":{"rendered":"<p>&nbsp; Krzy\u017cowa 8.IX. 2024r. &nbsp; &nbsp; XXIII NIEDZIELA ZWYK\u0141A &nbsp; &nbsp; W dzisiejsz\u0105 niedziel\u0119 rozpoczynamy Tydzie\u0144 Wychowania. &nbsp; Zapraszam bardzo serdecznie na codzienn\u0105 msz\u0119 \u015bw. W \u015brod\u0119 jak zwykle r\u00f3\u017caniec za nasz\u0105 Ojczyzn\u0119 &nbsp; &nbsp; W dzisiejsz\u0105 \u00a0niedziel\u0119 8 wrze\u015bnia Rada Duszpasterska b\u0119dzie zbiera\u0142a ofiary na prace na cmentarzu kt\u00f3re trwaj\u0105. Z g\u00f3ry za wszystkie [&hellip;]<\/p>\n","protected":false},"author":0,"featured_media":0,"comment_status":"closed","ping_status":"closed","sticky":false,"template":"","format":"standard","meta":{"ngg_post_thumbnail":0,"footnotes":""},"categories":[3],"tags":[],"class_list":["post-3878","post","type-post","status-publish","format-standard","hentry","category-ogloszenia"],"aioseo_notices":[],"_links":{"self":[{"href":"https:\/\/parafiakrzyzowa.pl\/index.php?rest_route=\/wp\/v2\/posts\/3878","targetHints":{"allow":["GET"]}}],"collection":[{"href":"https:\/\/parafiakrzyzowa.pl\/index.php?rest_route=\/wp\/v2\/posts"}],"about":[{"href":"https:\/\/parafiakrzyzowa.pl\/index.php?rest_route=\/wp\/v2\/types\/post"}],"replies":[{"embeddable":true,"href":"https:\/\/parafiakrzyzowa.pl\/index.php?rest_route=%2Fwp%2Fv2%2Fcomments&post=3878"}],"version-history":[{"count":3,"href":"https:\/\/parafiakrzyzowa.pl\/index.php?rest_route=\/wp\/v2\/posts\/3878\/revisions"}],"predecessor-version":[{"id":3882,"href":"https:\/\/parafiakrzyzowa.pl\/index.php?rest_route=\/wp\/v2\/posts\/3878\/revisions\/3882"}],"wp:attachment":[{"href":"https:\/\/parafiakrzyzowa.pl\/index.php?rest_route=%2Fwp%2Fv2%2Fmedia&parent=3878"}],"wp:term":[{"taxonomy":"category","embeddable":true,"href":"https:\/\/parafiakrzyzowa.pl\/index.php?rest_route=%2Fwp%2Fv2%2Fcategories&post=3878"},{"taxonomy":"post_tag","embeddable":true,"href":"https:\/\/parafiakrzyzowa.pl\/index.php?rest_route=%2Fwp%2Fv2%2Ftags&post=3878"}],"curies":[{"name":"wp","href":"https:\/\/api.w.org\/{rel}","templated":true}]}}