{"id":3884,"date":"2024-09-14T07:56:15","date_gmt":"2024-09-14T07:56:15","guid":{"rendered":"https:\/\/parafiakrzyzowa.pl\/?p=3884"},"modified":"2024-09-14T07:56:20","modified_gmt":"2024-09-14T07:56:20","slug":"3884","status":"publish","type":"post","link":"https:\/\/parafiakrzyzowa.pl\/?p=3884","title":{"rendered":""},"content":{"rendered":"<p>Krzy\u017cowa 15.IX. 2024r.<\/p>\n<p>&nbsp;<\/p>\n<p>&nbsp;<\/p>\n<p><strong><u>XXIV NIEDZIELA \u00a0ZWYK\u0141A<\/u><\/strong><\/p>\n<p>&nbsp;<\/p>\n<p>&nbsp;<\/p>\n<p>Bardzo serdecznie prosz\u0119 wszystkich o wielk\u0105 modlitw\u0119 osobist\u0105 w intencji Ojczyzny kt\u00f3ra jest bardzo zagro\u017cona . Wiele os\u00f3b jest prze\u015bladowanych mi\u0119dzy innymi ks. Micha\u0142 Olszewski kt\u00f3ry bez zarzut\u00f3w siedzi w wi\u0119zieniu.<\/p>\n<p>&nbsp;<\/p>\n<p>&nbsp;<\/p>\n<p>Zapraszam bardzo serdecznie na codzienn\u0105 msz\u0119 \u015bw. W \u015brod\u0119 jak zwykle r\u00f3\u017caniec za nasz\u0105 Ojczyzn\u0119<\/p>\n<p>&nbsp;<\/p>\n<p>&nbsp;<\/p>\n<p>W ostatni\u0105 niedziel\u0119 Rada Duszpasterska zebra\u0142a na prace przy cmentarzu \u2026\u2026\u2026\u2026z\u0142. Wielkie B\u00f3g zap\u0142a\u0107 za ka\u017cd\u0105 ofiar\u0119.<\/p>\n<p>&nbsp;<\/p>\n<p>Zach\u0119cam do nabywania prasy katolickiej.<\/p>\n<p>&nbsp;<\/p>\n<p>Dzi\u0119kuj\u0119 za sprz\u0105tanie ko\u015bcio\u0142a w tym tygodniu. Nast\u0119pne sprz\u0105tanie b\u0119dzie w pi\u0105tek po wieczornej mszy \u015bw. Sprz\u0105taj\u0105 Panie: Gra\u017cyna Dendys ,Ewa Dybek, Magdalena Krzesak i\u00a0 Ewa Mr\u00f3zek. \u00a0\u00a0Nie kupujemy kwiat\u00f3w.<\/p>\n<p>&nbsp;<\/p>\n<p>Spotkania w tym tygodniu.<\/p>\n<p>&nbsp;<\/p>\n<p>W poniedzia\u0142ek po wieczornej mszy \u015bw. z rodzicami dzieci klasy III<\/p>\n<p>&nbsp;<\/p>\n<p>W \u015brod\u0119 o godz. 17 spotkanie na plebanii z kandydatami na ministrant\u00f3w i ministrantek<\/p>\n<p>&nbsp;<\/p>\n<p>&nbsp;<\/p>\n<p>&nbsp;<\/p>\n<p>&nbsp;<\/p>\n<p>Kalendarz liturgiczny<\/p>\n<p>&nbsp;<\/p>\n<p>Poniedzia\u0142ek \u2013 wsp. \u015bw. Korneliusz biskupa i papie\u017ca Cypriana m\u0119czennik\u00f3w<\/p>\n<p>&nbsp;<\/p>\n<p>\u015aroda \u2013 \u015bwi\u0119to \u015bw. Stanis\u0142awa Kostki patrona Polski<\/p>\n<p>&nbsp;<\/p>\n<p>Pi\u0105tek \u2013 wsp. \u015bw. m\u0119czennik\u00f3w Andrzeja Kina kap\u0142ana i Paw\u0142a Chenga i Towarzyszy<\/p>\n<p>&nbsp;<\/p>\n<p>Sobota \u2013 \u015bwi\u0119to \u015bw. Mateusza aposto\u0142a<\/p>\n<p>&nbsp;<\/p>\n<p>&nbsp;<\/p>\n","protected":false},"excerpt":{"rendered":"<p>Krzy\u017cowa 15.IX. 2024r. &nbsp; &nbsp; XXIV NIEDZIELA \u00a0ZWYK\u0141A &nbsp; &nbsp; Bardzo serdecznie prosz\u0119 wszystkich o wielk\u0105 modlitw\u0119 osobist\u0105 w intencji Ojczyzny kt\u00f3ra jest bardzo zagro\u017cona . Wiele os\u00f3b jest prze\u015bladowanych mi\u0119dzy innymi ks. Micha\u0142 Olszewski kt\u00f3ry bez zarzut\u00f3w siedzi w wi\u0119zieniu. &nbsp; &nbsp; Zapraszam bardzo serdecznie na codzienn\u0105 msz\u0119 \u015bw. W \u015brod\u0119 jak zwykle r\u00f3\u017caniec [&hellip;]<\/p>\n","protected":false},"author":0,"featured_media":0,"comment_status":"closed","ping_status":"closed","sticky":false,"template":"","format":"standard","meta":{"ngg_post_thumbnail":0,"footnotes":""},"categories":[3],"tags":[],"class_list":["post-3884","post","type-post","status-publish","format-standard","hentry","category-ogloszenia"],"aioseo_notices":[],"_links":{"self":[{"href":"https:\/\/parafiakrzyzowa.pl\/index.php?rest_route=\/wp\/v2\/posts\/3884","targetHints":{"allow":["GET"]}}],"collection":[{"href":"https:\/\/parafiakrzyzowa.pl\/index.php?rest_route=\/wp\/v2\/posts"}],"about":[{"href":"https:\/\/parafiakrzyzowa.pl\/index.php?rest_route=\/wp\/v2\/types\/post"}],"replies":[{"embeddable":true,"href":"https:\/\/parafiakrzyzowa.pl\/index.php?rest_route=%2Fwp%2Fv2%2Fcomments&post=3884"}],"version-history":[{"count":1,"href":"https:\/\/parafiakrzyzowa.pl\/index.php?rest_route=\/wp\/v2\/posts\/3884\/revisions"}],"predecessor-version":[{"id":3885,"href":"https:\/\/parafiakrzyzowa.pl\/index.php?rest_route=\/wp\/v2\/posts\/3884\/revisions\/3885"}],"wp:attachment":[{"href":"https:\/\/parafiakrzyzowa.pl\/index.php?rest_route=%2Fwp%2Fv2%2Fmedia&parent=3884"}],"wp:term":[{"taxonomy":"category","embeddable":true,"href":"https:\/\/parafiakrzyzowa.pl\/index.php?rest_route=%2Fwp%2Fv2%2Fcategories&post=3884"},{"taxonomy":"post_tag","embeddable":true,"href":"https:\/\/parafiakrzyzowa.pl\/index.php?rest_route=%2Fwp%2Fv2%2Ftags&post=3884"}],"curies":[{"name":"wp","href":"https:\/\/api.w.org\/{rel}","templated":true}]}}