{"id":3887,"date":"2024-09-14T07:57:07","date_gmt":"2024-09-14T07:57:07","guid":{"rendered":"https:\/\/parafiakrzyzowa.pl\/?p=3887"},"modified":"2024-09-14T07:57:30","modified_gmt":"2024-09-14T07:57:30","slug":"3887","status":"publish","type":"post","link":"https:\/\/parafiakrzyzowa.pl\/?p=3887","title":{"rendered":""},"content":{"rendered":"<p><strong><u>INTENCJE\u00a0 MSZY \u015aWI\u0118TYCH<\/u><\/strong><\/p>\n<p><strong><u>\u00a0<\/u><\/strong><\/p>\n<p><strong><u>NIEDZIELA 15. IX. 2024r.<\/u><\/strong><\/p>\n<p>&nbsp;<\/p>\n<p>Godz. 8:00 &#8211; \u00a0\u00a0+ Tadeusz P\u0142aza<\/p>\n<p>&nbsp;<\/p>\n<p>Godz. 10 \u00a0\u00a0\u00a0&#8211; ++ Jan Gawlas i rodzice W\u0142adys\u0142aw i Aniela<\/p>\n<p>&nbsp;<\/p>\n<p>Godz. 18 \u00a0\u00a0\u00a0&#8211; ++ J\u00f3zef G\u00f3ra \u017cona Anna syn Stanis\u0142aw<\/p>\n<p>&nbsp;<\/p>\n<p><strong><u>PONIEDZIA\u0141EK 16. IX . 2024r<\/u><\/strong><\/p>\n<p>&nbsp;<\/p>\n<p>Godz. 18\u00a0 \u00a0\u00a0&#8211;\u00a0\u00a0 + W\u0142adys\u0142awa Barcik<\/p>\n<p><strong><u>\u00a0<\/u><\/strong><\/p>\n<p><strong><u>WTOREK 17. IX. 2024r.<\/u><\/strong><\/p>\n<p>&nbsp;<\/p>\n<p>Godz. 7:00 &#8211;\u00a0\u00a0\u00a0\u00a0\u00a0\u00a0 W intencji parafian<\/p>\n<p>&nbsp;<\/p>\n<p><strong><u>\u015aRODA 18. IX. 2024r. <\/u><\/strong><\/p>\n<p>&nbsp;<\/p>\n<p>Godz. 18 \u00a0\u00a0\u00a0&#8211; \u00a0\u00a0++ Franciszek i Maria Michalec<\/p>\n<p>&nbsp;<\/p>\n<p><strong><u>CZWARTEK 19. IX .2024r.<\/u><\/strong><\/p>\n<p>&nbsp;<\/p>\n<p>Godz. 7:00\u00a0 &#8211;\u00a0 \u00a0\u00a0+ W\u0142adys\u0142aw Walig\u00f3ra<\/p>\n<p><strong><u>\u00a0<\/u><\/strong><\/p>\n<p><strong><u>PI\u0104TE\u00a0 20. IX. 2024r.<\/u><\/strong><\/p>\n<p>&nbsp;<\/p>\n<p>Godz. 18\u00a0\u00a0 &#8211; \u00a0\u00a0\u00a0\u00a0\u00a0\u00a0\u00a0\u00a0\u00a0Do Bo\u017cego Mi\u0142osierdzia<\/p>\n<p>&nbsp;<\/p>\n<p><strong><u>SOBOTA 21. IX. 2024r<\/u><\/strong><strong><u>.\u00a0 <\/u><\/strong><\/p>\n<p>&nbsp;<\/p>\n<p>Godz. 18\u00a0 \u00a0&#8211; \u00a0\u00a0\u00a0\u00a0\u00a0\u00a0\u00a0+ Karolina J\u0119drzejas<\/p>\n<p>&nbsp;<\/p>\n<p><strong><u>NIEDZIELA\u00a0 22. IX. 2024r<\/u><\/strong><strong><u>.<\/u><\/strong><\/p>\n<p>&nbsp;<\/p>\n<p>Godz. 8:00\u00a0 &#8211;\u00a0 \u00a0++ Karolina Pasor m\u0105\u017c Wojciech<\/p>\n<p>&nbsp;<\/p>\n<p>Godz. 10 \u00a0\u00a0\u00a0\u00a0&#8211; \u00a0\u00a0\u00a0++ Maria S\u0142owiaczek w 1r. \u015bmierci m\u0105\u017c Franciszek<\/p>\n<p>&nbsp;<\/p>\n<p>Godz. 18\u00a0\u00a0\u00a0\u00a0 &#8211; \u00a0\u00a0\u00a0\u00a0\u00a0\u00a0+ W\u0142adys\u0142aw Cudzich w 8r. \u015bmierci<\/p>\n<p>&nbsp;<\/p>\n<p>&nbsp;<\/p>\n<p>&nbsp;<\/p>\n<p>&nbsp;<\/p>\n","protected":false},"excerpt":{"rendered":"<p>INTENCJE\u00a0 MSZY \u015aWI\u0118TYCH \u00a0 NIEDZIELA 15. IX. 2024r. &nbsp; Godz. 8:00 &#8211; \u00a0\u00a0+ Tadeusz P\u0142aza &nbsp; Godz. 10 \u00a0\u00a0\u00a0&#8211; ++ Jan Gawlas i rodzice W\u0142adys\u0142aw i Aniela &nbsp; Godz. 18 \u00a0\u00a0\u00a0&#8211; ++ J\u00f3zef G\u00f3ra \u017cona Anna syn Stanis\u0142aw &nbsp; PONIEDZIA\u0141EK 16. IX . 2024r &nbsp; Godz. 18\u00a0 \u00a0\u00a0&#8211;\u00a0\u00a0 + W\u0142adys\u0142awa Barcik \u00a0 WTOREK 17. IX. [&hellip;]<\/p>\n","protected":false},"author":0,"featured_media":0,"comment_status":"closed","ping_status":"closed","sticky":false,"template":"","format":"standard","meta":{"ngg_post_thumbnail":0,"footnotes":""},"categories":[7],"tags":[],"class_list":["post-3887","post","type-post","status-publish","format-standard","hentry","category-intencje"],"aioseo_notices":[],"_links":{"self":[{"href":"https:\/\/parafiakrzyzowa.pl\/index.php?rest_route=\/wp\/v2\/posts\/3887","targetHints":{"allow":["GET"]}}],"collection":[{"href":"https:\/\/parafiakrzyzowa.pl\/index.php?rest_route=\/wp\/v2\/posts"}],"about":[{"href":"https:\/\/parafiakrzyzowa.pl\/index.php?rest_route=\/wp\/v2\/types\/post"}],"replies":[{"embeddable":true,"href":"https:\/\/parafiakrzyzowa.pl\/index.php?rest_route=%2Fwp%2Fv2%2Fcomments&post=3887"}],"version-history":[{"count":1,"href":"https:\/\/parafiakrzyzowa.pl\/index.php?rest_route=\/wp\/v2\/posts\/3887\/revisions"}],"predecessor-version":[{"id":3888,"href":"https:\/\/parafiakrzyzowa.pl\/index.php?rest_route=\/wp\/v2\/posts\/3887\/revisions\/3888"}],"wp:attachment":[{"href":"https:\/\/parafiakrzyzowa.pl\/index.php?rest_route=%2Fwp%2Fv2%2Fmedia&parent=3887"}],"wp:term":[{"taxonomy":"category","embeddable":true,"href":"https:\/\/parafiakrzyzowa.pl\/index.php?rest_route=%2Fwp%2Fv2%2Fcategories&post=3887"},{"taxonomy":"post_tag","embeddable":true,"href":"https:\/\/parafiakrzyzowa.pl\/index.php?rest_route=%2Fwp%2Fv2%2Ftags&post=3887"}],"curies":[{"name":"wp","href":"https:\/\/api.w.org\/{rel}","templated":true}]}}