{"id":3894,"date":"2024-09-21T10:18:53","date_gmt":"2024-09-21T10:18:53","guid":{"rendered":"https:\/\/parafiakrzyzowa.pl\/?p=3894"},"modified":"2024-09-21T10:18:59","modified_gmt":"2024-09-21T10:18:59","slug":"3894","status":"publish","type":"post","link":"https:\/\/parafiakrzyzowa.pl\/?p=3894","title":{"rendered":""},"content":{"rendered":"<p><strong><u>INTENCJE\u00a0 MSZY \u015aWI\u0118TYCH<\/u><\/strong><\/p>\n<p><strong><u>\u00a0<\/u><\/strong><\/p>\n<p><strong><u>NIEDZIELA 22. IX. 2024r.<\/u><\/strong><\/p>\n<p>&nbsp;<\/p>\n<p>Godz. 8:00 &#8211; ++ Karolina Pastor m\u0105\u017c Wojciech<\/p>\n<p>&nbsp;<\/p>\n<p>Godz. 10 \u00a0\u00a0\u00a0&#8211; ++ Maria S\u0142owiaczek w 1r. \u015bmierci m\u0105\u017c Franciszek<\/p>\n<p>&nbsp;<\/p>\n<p>Godz. 18 \u00a0\u00a0\u00a0&#8211; \u00a0\u00a0\u00a0+ W\u0142adys\u0142aw Cudzich w 8r. \u015bmierci<\/p>\n<p>&nbsp;<\/p>\n<p><strong><u>PONIEDZIA\u0141EK 23. IX . 2024r<\/u><\/strong><\/p>\n<p>&nbsp;<\/p>\n<p>Godz. 18\u00a0 \u00a0\u00a0&#8211;\u00a0\u00a0 + Magdalena Dendys<\/p>\n<p><strong><u>\u00a0<\/u><\/strong><\/p>\n<p><strong><u>WTOREK 24. IX. 2024r.<\/u><\/strong><\/p>\n<p>&nbsp;<\/p>\n<p>Godz. 7:00 &#8211;\u00a0\u00a0\u00a0\u00a0\u00a0\u00a0 W intencji parafian<\/p>\n<p>&nbsp;<\/p>\n<p><strong><u>\u015aRODA 25. IX. 2024r. <\/u><\/strong><\/p>\n<p>&nbsp;<\/p>\n<p>Godz. 18 \u00a0\u00a0\u00a0&#8211; \u00a0\u00a0+ Zbyszek G\u00f3ra w 7r. \u015bmierci<\/p>\n<p>&nbsp;<\/p>\n<p><strong><u>CZWARTEK 26. IX .2024r.<\/u><\/strong><\/p>\n<p>&nbsp;<\/p>\n<p>Godz. 7:00\u00a0 &#8211;\u00a0 + Justyna Brzucha\u0144ska<\/p>\n<p><strong><u>\u00a0<\/u><\/strong><\/p>\n<p><strong><u>PI\u0104TE\u00a0 27. IX. 2024r.<\/u><\/strong><\/p>\n<p>&nbsp;<\/p>\n<p>Godz. 18\u00a0\u00a0 &#8211; \u00a0\u00a0\u00a0+ Marian Kormaniak<\/p>\n<p>&nbsp;<\/p>\n<p><strong><u>SOBOTA 28. IX. 2024r<\/u><\/strong><strong><u>.\u00a0 <\/u><\/strong><\/p>\n<p>&nbsp;<\/p>\n<p>Godz. 18\u00a0 \u00a0&#8211; \u00a0\u00a0\u00a0+ Kazimierz P\u0142aza w 3r. \u015bmierci<\/p>\n<p>&nbsp;<\/p>\n<p><strong><u>NIEDZIELA\u00a0 29. IX. 2024r<\/u><\/strong><strong><u>.<\/u><\/strong><\/p>\n<p>&nbsp;<\/p>\n<p>Godz. 8:00\u00a0 &#8211;\u00a0 \u00a0+ Tadeusz Klimczak<\/p>\n<p>&nbsp;<\/p>\n<p>Godz. 10 \u00a0\u00a0\u00a0\u00a0&#8211; ++ Anna Krzesak w 24r. \u015bmierci m\u0105\u017c W\u0142adys\u0142aw<\/p>\n<p>&nbsp;<\/p>\n<p>Godz. 18\u00a0\u00a0\u00a0\u00a0 &#8211; ++ Micha\u0142 Dere\u0144 \u017cona Felicja<\/p>\n<p>&nbsp;<\/p>\n<p>&nbsp;<\/p>\n<p>&nbsp;<\/p>\n<p>&nbsp;<\/p>\n","protected":false},"excerpt":{"rendered":"<p>INTENCJE\u00a0 MSZY \u015aWI\u0118TYCH \u00a0 NIEDZIELA 22. IX. 2024r. &nbsp; Godz. 8:00 &#8211; ++ Karolina Pastor m\u0105\u017c Wojciech &nbsp; Godz. 10 \u00a0\u00a0\u00a0&#8211; ++ Maria S\u0142owiaczek w 1r. \u015bmierci m\u0105\u017c Franciszek &nbsp; Godz. 18 \u00a0\u00a0\u00a0&#8211; \u00a0\u00a0\u00a0+ W\u0142adys\u0142aw Cudzich w 8r. \u015bmierci &nbsp; PONIEDZIA\u0141EK 23. IX . 2024r &nbsp; Godz. 18\u00a0 \u00a0\u00a0&#8211;\u00a0\u00a0 + Magdalena Dendys \u00a0 WTOREK 24. [&hellip;]<\/p>\n","protected":false},"author":0,"featured_media":0,"comment_status":"closed","ping_status":"closed","sticky":false,"template":"","format":"standard","meta":{"ngg_post_thumbnail":0,"footnotes":""},"categories":[7],"tags":[],"class_list":["post-3894","post","type-post","status-publish","format-standard","hentry","category-intencje"],"aioseo_notices":[],"_links":{"self":[{"href":"https:\/\/parafiakrzyzowa.pl\/index.php?rest_route=\/wp\/v2\/posts\/3894","targetHints":{"allow":["GET"]}}],"collection":[{"href":"https:\/\/parafiakrzyzowa.pl\/index.php?rest_route=\/wp\/v2\/posts"}],"about":[{"href":"https:\/\/parafiakrzyzowa.pl\/index.php?rest_route=\/wp\/v2\/types\/post"}],"replies":[{"embeddable":true,"href":"https:\/\/parafiakrzyzowa.pl\/index.php?rest_route=%2Fwp%2Fv2%2Fcomments&post=3894"}],"version-history":[{"count":1,"href":"https:\/\/parafiakrzyzowa.pl\/index.php?rest_route=\/wp\/v2\/posts\/3894\/revisions"}],"predecessor-version":[{"id":3895,"href":"https:\/\/parafiakrzyzowa.pl\/index.php?rest_route=\/wp\/v2\/posts\/3894\/revisions\/3895"}],"wp:attachment":[{"href":"https:\/\/parafiakrzyzowa.pl\/index.php?rest_route=%2Fwp%2Fv2%2Fmedia&parent=3894"}],"wp:term":[{"taxonomy":"category","embeddable":true,"href":"https:\/\/parafiakrzyzowa.pl\/index.php?rest_route=%2Fwp%2Fv2%2Fcategories&post=3894"},{"taxonomy":"post_tag","embeddable":true,"href":"https:\/\/parafiakrzyzowa.pl\/index.php?rest_route=%2Fwp%2Fv2%2Ftags&post=3894"}],"curies":[{"name":"wp","href":"https:\/\/api.w.org\/{rel}","templated":true}]}}