{"id":3898,"date":"2024-09-21T10:19:40","date_gmt":"2024-09-21T10:19:40","guid":{"rendered":"https:\/\/parafiakrzyzowa.pl\/?p=3898"},"modified":"2024-09-21T10:19:44","modified_gmt":"2024-09-21T10:19:44","slug":"3898","status":"publish","type":"post","link":"https:\/\/parafiakrzyzowa.pl\/?p=3898","title":{"rendered":""},"content":{"rendered":"<p>Krzy\u017cowa 22.IX. 2024 r.<\/p>\n<p>&nbsp;<\/p>\n<p>&nbsp;<\/p>\n<p>&nbsp;<\/p>\n<p><strong><u>XXV NIEDZIELA ZWYK\u0141A<\/u><\/strong><\/p>\n<p>&nbsp;<\/p>\n<p>&nbsp;<\/p>\n<p>&nbsp;<\/p>\n<p>&nbsp;<\/p>\n<p>Ca\u0142y Ko\u015bci\u00f3\u0142 w Polsce solidaryzuje si\u0119 z naszymi rodakami kt\u00f3rzy tak strasznie ucierpieli\u00a0\u00a0\u00a0\u00a0\u00a0\u00a0\u00a0\u00a0\u00a0\u00a0\u00a0\u00a0\u00a0\u00a0\u00a0\u00a0\u00a0\u00a0\u00a0\u00a0\u00a0 z powodu powodzi kt\u00f3ra nawiedzi\u0142a woj. Opolskie i dolno\u015bl\u0105skie. P\u0142yn\u0105 z ca\u0142ej Polski tak bardzo potrzebne dary kt\u00f3re pomog\u0105 jako\u015b przetrwa\u0107 te najbli\u017csze tygodnie i miesi\u0105ce. W najbli\u017csz\u0105 niedziel\u0119 29 wrze\u015bnia w naszej parafii lektorzy b\u0119d\u0105 zbiera\u0107 ofiary pieni\u0119\u017cne dla poszkodowanych w czasie tej powodzi. Bardzo serdecznie prosz\u0119 o ofiarno\u015b\u0107.<\/p>\n<p>&nbsp;<\/p>\n<p>Zapraszam na codzienn\u0105 msz\u0119 \u015bw. do naszego Ko\u015bcio\u0142a . W \u015brod\u0119 przed msz\u0105 \u015bw. b\u0119dziemy si\u0119 modli\u0107 na r\u00f3\u017ca\u0144cu za poszkodowanych w czasie powodzi w naszej Ojczy\u017anie.<\/p>\n<p>&nbsp;<\/p>\n<p>Jest og\u0142oszenie z naszej Gminy o zbieraniu dar\u00f3w rzeczowych dla powodzian.<\/p>\n<p>&nbsp;<\/p>\n<p>Zach\u0119cam do nabywania prsy katolickiej. Dzi\u015b jest Go\u015b\u0107 Niedzielny i Misyjne Drogi.<\/p>\n<p>&nbsp;<\/p>\n<p>Dotar\u0142a do nas wiadomo\u015b\u0107 o niebezpiecze\u0144stwie zamkni\u0119cia najwa\u017cniejszych oddzia\u0142\u00f3w\u00a0\u00a0\u00a0\u00a0\u00a0\u00a0\u00a0\u00a0\u00a0\u00a0\u00a0\u00a0\u00a0\u00a0\u00a0\u00a0\u00a0\u00a0\u00a0\u00a0\u00a0\u00a0\u00a0\u00a0\u00a0 i przychodni w szpitalu w \u017bywcu . Z tego powodu na pro\u015bb\u0119 ks. Biskupa Romana po ka\u017cdej mszy \u015bw. dzisiaj u naszych lektor\u00f3w mo\u017cna z\u0142o\u017cy\u0107 podpis protestu przed zamkni\u0119ciem szpitala.<\/p>\n<p>&nbsp;<\/p>\n<p>B\u00f3g zap\u0142a\u0107 za sprz\u0105tanie ko\u015bcio\u0142a w tym tygodniu. Nast\u0119pne sprz\u0105tanie b\u0119dzie w pi\u0105tek po wieczornej mszy \u015bw. Sprz\u0105taj\u0105 Panie: Danuta Kami\u0144ska\u00a0 Ma\u0142gorzata Merwa Krystyna Hulb\u00f3j Michalec Barbara.<\/p>\n<p>&nbsp;<\/p>\n<p>Spotkania w tym tygodniu:<\/p>\n<p>Poniedzia\u0142ek godz. 17 na plebanii z dzie\u0107mi z klasy III.<\/p>\n<p>Pi\u0105tek godz. 16 na plebanii kandydaci i kandydatki na ministrant\u00f3w\/ 8 dzieci\/<\/p>\n<p>&nbsp;<\/p>\n<p>Kalendarz liturgiczny<\/p>\n<p>&nbsp;<\/p>\n<p>Poniedzia\u0142ek \u2013 wsp. \u015bw. O. Pio kap\u0142ana<\/p>\n<p>Wtorek \u2013 \u015bwi\u0119to po\u015bwi\u0119cenia ko\u015bcio\u0142a katedralnego<\/p>\n<p>Pi\u0105tek \u2013 wsp. \u015bw. Wincentego a Paulo kap\u0142ana<\/p>\n<p>Sobota b- wsp. \u015bw. Wac\u0142awa m\u0119czennika<\/p>\n<p>&nbsp;<\/p>\n<p>&nbsp;<\/p>\n","protected":false},"excerpt":{"rendered":"<p>Krzy\u017cowa 22.IX. 2024 r. &nbsp; &nbsp; &nbsp; XXV NIEDZIELA ZWYK\u0141A &nbsp; &nbsp; &nbsp; &nbsp; Ca\u0142y Ko\u015bci\u00f3\u0142 w Polsce solidaryzuje si\u0119 z naszymi rodakami kt\u00f3rzy tak strasznie ucierpieli\u00a0\u00a0\u00a0\u00a0\u00a0\u00a0\u00a0\u00a0\u00a0\u00a0\u00a0\u00a0\u00a0\u00a0\u00a0\u00a0\u00a0\u00a0\u00a0\u00a0\u00a0 z powodu powodzi kt\u00f3ra nawiedzi\u0142a woj. Opolskie i dolno\u015bl\u0105skie. P\u0142yn\u0105 z ca\u0142ej Polski tak bardzo potrzebne dary kt\u00f3re pomog\u0105 jako\u015b przetrwa\u0107 te najbli\u017csze tygodnie i miesi\u0105ce. W najbli\u017csz\u0105 [&hellip;]<\/p>\n","protected":false},"author":0,"featured_media":0,"comment_status":"closed","ping_status":"closed","sticky":false,"template":"","format":"standard","meta":{"ngg_post_thumbnail":0,"footnotes":""},"categories":[3],"tags":[],"class_list":["post-3898","post","type-post","status-publish","format-standard","hentry","category-ogloszenia"],"aioseo_notices":[],"_links":{"self":[{"href":"https:\/\/parafiakrzyzowa.pl\/index.php?rest_route=\/wp\/v2\/posts\/3898","targetHints":{"allow":["GET"]}}],"collection":[{"href":"https:\/\/parafiakrzyzowa.pl\/index.php?rest_route=\/wp\/v2\/posts"}],"about":[{"href":"https:\/\/parafiakrzyzowa.pl\/index.php?rest_route=\/wp\/v2\/types\/post"}],"replies":[{"embeddable":true,"href":"https:\/\/parafiakrzyzowa.pl\/index.php?rest_route=%2Fwp%2Fv2%2Fcomments&post=3898"}],"version-history":[{"count":1,"href":"https:\/\/parafiakrzyzowa.pl\/index.php?rest_route=\/wp\/v2\/posts\/3898\/revisions"}],"predecessor-version":[{"id":3899,"href":"https:\/\/parafiakrzyzowa.pl\/index.php?rest_route=\/wp\/v2\/posts\/3898\/revisions\/3899"}],"wp:attachment":[{"href":"https:\/\/parafiakrzyzowa.pl\/index.php?rest_route=%2Fwp%2Fv2%2Fmedia&parent=3898"}],"wp:term":[{"taxonomy":"category","embeddable":true,"href":"https:\/\/parafiakrzyzowa.pl\/index.php?rest_route=%2Fwp%2Fv2%2Fcategories&post=3898"},{"taxonomy":"post_tag","embeddable":true,"href":"https:\/\/parafiakrzyzowa.pl\/index.php?rest_route=%2Fwp%2Fv2%2Ftags&post=3898"}],"curies":[{"name":"wp","href":"https:\/\/api.w.org\/{rel}","templated":true}]}}