{"id":3900,"date":"2024-09-28T09:27:10","date_gmt":"2024-09-28T09:27:10","guid":{"rendered":"https:\/\/parafiakrzyzowa.pl\/?p=3900"},"modified":"2024-09-28T09:27:14","modified_gmt":"2024-09-28T09:27:14","slug":"3900","status":"publish","type":"post","link":"https:\/\/parafiakrzyzowa.pl\/?p=3900","title":{"rendered":""},"content":{"rendered":"<p>Krzy\u017cowa 29.IX. 2024 r.<\/p>\n<p>&nbsp;<\/p>\n<p>&nbsp;<\/p>\n<p>&nbsp;<\/p>\n<p><strong><u>XXVI NIEDZIELA ZWYK\u0141A<\/u><\/strong><\/p>\n<p>&nbsp;<\/p>\n<p>Dzisiaj po ka\u017cdej mszy \u015bw. lektorzy przed ko\u015bcio\u0142em zbieraj\u0105 ofiary dla naszych rodak\u00f3w kt\u00f3rzy ucierpieli z powodu ogromnej powodzi . B\u00f3g zap\u0142a\u0107 za ka\u017cd\u0105 ofiar\u0119.<\/p>\n<p>&nbsp;<\/p>\n<p>Od jutra msze \u015bw. b\u0119d\u0105 o godz. 17:00 i przez ca\u0142y pa\u017adziernik msze \u015bw. b\u0119d\u0105 wieczorem. Od wtorku rozpoczynamy po wieczornej mszy \u015bw. nabo\u017ce\u0144stwo r\u00f3\u017ca\u0144cowe na kt\u00f3re zapraszam codziennie ca\u0142\u0105 parafi\u0119. B\u0119dziemy si\u0119 modli\u0107 za nasz\u0105 umi\u0142owan\u0105 Ojczyzn\u0119 o pok\u00f3j na \u015bwiecie za nasz\u0105 parafi\u0119 , za nasz\u0105 m\u0142odzie\u017c i dzieci , za chorych naszych parafian , o nowe powo\u0142anie do kap\u0142a\u0144stwa i \u017cycia zakonnego i w ostatnim tygodniu za naszych bliskich zmar\u0142ych.<\/p>\n<p>W tym tygodniu we wtorek R\u00f3\u017caniec poprowadzi kl. III w \u015brod\u0119 kl. IV. w czwartek klasa V.\u00a0\u00a0\u00a0\u00a0\u00a0\u00a0\u00a0\u00a0\u00a0\u00a0\u00a0\u00a0\u00a0\u00a0\u00a0 \u00a0w pi\u0105tek kl. VI i w sobot\u0119 kl. VIII.<\/p>\n<p>Bardzo prosz\u0119 aby parafianie z Krzy\u017c\u00f3wek odmawiali r\u00f3\u017caniec przy kaplicy o godz. 17. W dni powszednie r\u00f3\u017caniec b\u0119dzie po wieczornej mszy \u015bw. a w niedziele i \u015bwi\u0119ta o godz. 17:30 przed wieczorn\u0105 Eucharysti\u0105.<\/p>\n<p>&nbsp;<\/p>\n<p>W tym tygodniu przypada I czwartek pi\u0105tek i sobota miesi\u0105ca. Spowied\u017a \u015bw. w czwartek i pi\u0105tek od godz. 16 do 17. Bardzo serdecznie prosz\u0119 o podj\u0119cie praktyki I pi\u0105tk\u00f3w miesi\u0105ca w ramach nowenny przed 350 rocznic\u0105 objawienia Naj\u015bwi\u0119tszego Serca Pana Jezusa s. \u015bw. Ma\u0142gorzaty Marii Alacogue.<\/p>\n<p>&nbsp;<\/p>\n<p>Nie b\u0119dzie w pi\u0105tek wizyty u senior\u00f3w.<\/p>\n<p>&nbsp;<\/p>\n<p>Zach\u0119cam do nabywania prasy katolickiej. Dzi\u015b jest Go\u015b\u0107 Niedzielny i Misyjne Drogi.<\/p>\n<p>&nbsp;<\/p>\n<p>&nbsp;<\/p>\n<p>B\u00f3g zap\u0142a\u0107 za sprz\u0105tanie ko\u015bcio\u0142a w tym tygodniu. Nast\u0119pne sprz\u0105tanie b\u0119dzie w pi\u0105tek po wieczornej mszy \u015bw. Sprz\u0105taj\u0105 Panie: Rozalia J\u0119drzejas Barbara Wyr\u00f3d Barbara Klimas\u00a0\u00a0\u00a0\u00a0\u00a0\u00a0\u00a0\u00a0\u00a0\u00a0\u00a0\u00a0\u00a0\u00a0\u00a0 i Krystyna Pastor<\/p>\n<p>&nbsp;<\/p>\n<p>W tym tygodniu nie ma spotka\u0144 na plebanii<\/p>\n<p>&nbsp;<\/p>\n<p>&nbsp;<\/p>\n<p>Kalendarz liturgiczny<\/p>\n<p>&nbsp;<\/p>\n<p>Poniedzia\u0142ek \u2013 wsp. \u015bw. Hieronima kap\u0142ana i doktora Ko\u015bcio\u0142a<\/p>\n<p>Wtorek \u2013 wsp. \u015bw. Teresy od Dzieci\u0105tka Jezus dziewicy i doktora Ko\u015bcio\u0142a<\/p>\n<p>\u015aroda \u2013 wsp. \u015bwi\u0119tych Anio\u0142\u00f3w Str\u00f3\u017c\u00f3w<\/p>\n<p>Pi\u0105tek wsp. \u015bw. Franciszka z Asy\u017cu<\/p>\n<p>Sobota \u2013 wsp. \u015bwi\u0119tej s. Faustyny Kowalskiej dziewicy<\/p>\n<p>&nbsp;<\/p>\n<p>Ojcowie Dominikanie w Korbielowa zapraszaj\u0105 osoby doros\u0142e kt\u00f3re z r\u00f3\u017cnych powod\u00f3w Nie przyj\u0119\u0142y sakramentu bierzmowania a chcia\u0142yby przyj\u0105\u0107 na kurs przygotowawczy do przyj\u0119cia tego sakramentu. Pierwsze spotkanie odb\u0119dzie si\u0119 we wtorek 1 X o godz. 19 w Cafe Siena\u00a0 \u00a0 \u00a0 \u00a0 \u00a0 \u00a0 \u00a0 \u00a0 \u00a0 \u00a0 \u00a0 \u00a0 \u00a0 \u00a0 \u00a0w Korbielowie.<\/p>\n<p>&nbsp;<\/p>\n<p>&nbsp;<\/p>\n<p>&nbsp;<\/p>\n","protected":false},"excerpt":{"rendered":"<p>Krzy\u017cowa 29.IX. 2024 r. &nbsp; &nbsp; &nbsp; XXVI NIEDZIELA ZWYK\u0141A &nbsp; Dzisiaj po ka\u017cdej mszy \u015bw. lektorzy przed ko\u015bcio\u0142em zbieraj\u0105 ofiary dla naszych rodak\u00f3w kt\u00f3rzy ucierpieli z powodu ogromnej powodzi . B\u00f3g zap\u0142a\u0107 za ka\u017cd\u0105 ofiar\u0119. &nbsp; Od jutra msze \u015bw. b\u0119d\u0105 o godz. 17:00 i przez ca\u0142y pa\u017adziernik msze \u015bw. b\u0119d\u0105 wieczorem. Od wtorku [&hellip;]<\/p>\n","protected":false},"author":0,"featured_media":0,"comment_status":"closed","ping_status":"closed","sticky":false,"template":"","format":"standard","meta":{"ngg_post_thumbnail":0,"footnotes":""},"categories":[3],"tags":[],"class_list":["post-3900","post","type-post","status-publish","format-standard","hentry","category-ogloszenia"],"aioseo_notices":[],"_links":{"self":[{"href":"https:\/\/parafiakrzyzowa.pl\/index.php?rest_route=\/wp\/v2\/posts\/3900","targetHints":{"allow":["GET"]}}],"collection":[{"href":"https:\/\/parafiakrzyzowa.pl\/index.php?rest_route=\/wp\/v2\/posts"}],"about":[{"href":"https:\/\/parafiakrzyzowa.pl\/index.php?rest_route=\/wp\/v2\/types\/post"}],"replies":[{"embeddable":true,"href":"https:\/\/parafiakrzyzowa.pl\/index.php?rest_route=%2Fwp%2Fv2%2Fcomments&post=3900"}],"version-history":[{"count":1,"href":"https:\/\/parafiakrzyzowa.pl\/index.php?rest_route=\/wp\/v2\/posts\/3900\/revisions"}],"predecessor-version":[{"id":3901,"href":"https:\/\/parafiakrzyzowa.pl\/index.php?rest_route=\/wp\/v2\/posts\/3900\/revisions\/3901"}],"wp:attachment":[{"href":"https:\/\/parafiakrzyzowa.pl\/index.php?rest_route=%2Fwp%2Fv2%2Fmedia&parent=3900"}],"wp:term":[{"taxonomy":"category","embeddable":true,"href":"https:\/\/parafiakrzyzowa.pl\/index.php?rest_route=%2Fwp%2Fv2%2Fcategories&post=3900"},{"taxonomy":"post_tag","embeddable":true,"href":"https:\/\/parafiakrzyzowa.pl\/index.php?rest_route=%2Fwp%2Fv2%2Ftags&post=3900"}],"curies":[{"name":"wp","href":"https:\/\/api.w.org\/{rel}","templated":true}]}}