{"id":3907,"date":"2024-10-05T10:40:40","date_gmt":"2024-10-05T10:40:40","guid":{"rendered":"https:\/\/parafiakrzyzowa.pl\/?p=3907"},"modified":"2024-10-05T10:40:46","modified_gmt":"2024-10-05T10:40:46","slug":"3907","status":"publish","type":"post","link":"https:\/\/parafiakrzyzowa.pl\/?p=3907","title":{"rendered":""},"content":{"rendered":"<p><strong><u>INTENCJE\u00a0 MSZY \u015aWI\u0118TYCH<\/u><\/strong><\/p>\n<p><strong><u>\u00a0<\/u><\/strong><\/p>\n<p><strong><u>NIEDZIELA 6. X. 2024r.<\/u><\/strong><\/p>\n<p>&nbsp;<\/p>\n<p>Godz. 8:00 &#8211; ++J\u00f3zef Kozik syn Ireneusz<\/p>\n<p>&nbsp;<\/p>\n<p>Godz. 10 \u00a0\u00a0\u00a0&#8211; \u00a0\u00a0\u00a0+ Maria Kami\u0144ska &#8211; J\u0119drzejas<\/p>\n<p>&#8211;\u00a0\u00a0\u00a0 + J\u00f3zef Dendys w 12r. \u015bmierci<\/p>\n<p>&nbsp;<\/p>\n<p>Godz. 18 \u00a0\u00a0\u00a0&#8211; \u00a0\u00a0\u00a0\u00a0+ W intencji Parafian<\/p>\n<p>&nbsp;<\/p>\n<p><strong><u>PONIEDZIA\u0141EK 7. X . 2024r<\/u><\/strong><\/p>\n<p>&nbsp;<\/p>\n<p>Godz. 17\u00a0 \u00a0\u00a0&#8211;\u00a0\u00a0\u00a0 \u00a0\u00a0\u00a0\u00a0\u00a0O zdrowie i b\u0142. Bo\u017ce dla cz\u0142onki\u0144 R\u00f3\u017cy \u015bw. s. Faustyny Kowalskiej<\/p>\n<p><strong><u>\u00a0<\/u><\/strong><\/p>\n<p><strong><u>WTOREK 8. X. 2024r.<\/u><\/strong><\/p>\n<p>&nbsp;<\/p>\n<p>Godz. 17\u00a0 &#8211;\u00a0 + J\u00f3zef Michalec<\/p>\n<p>&nbsp;<\/p>\n<p><strong><u>\u015aRODA 9. X. 2024r. <\/u><\/strong><\/p>\n<p>&nbsp;<\/p>\n<p>Godz. 17 \u00a0&#8211;\u00a0\u00a0\u00a0 O zdrowie i b\u0142. Bo\u017ce dla cz\u0142onki\u0144 R\u00f3\u017cy b\u0142. Ks. Jerzego Popie\u0142uszki<\/p>\n<p>&nbsp;<\/p>\n<p><strong><u>CZWARTEK 10. X .2024r.<\/u><\/strong><\/p>\n<p>&nbsp;<\/p>\n<p>Godz. 17\u00a0 &#8211;\u00a0 + Piotr Cicho\u0144 w 8r. \u015bmierci<\/p>\n<p><strong><u>\u00a0<\/u><\/strong><\/p>\n<p><strong><u>PI\u0104TEK\u00a0 11. X. 2024r.<\/u><\/strong><\/p>\n<p>&nbsp;<\/p>\n<p>Godz. 17\u00a0\u00a0 &#8211; + Stanis\u0142aw Niewdana w 12r. \u015bmierci<\/p>\n<p>&nbsp;<\/p>\n<p><strong><u>SOBOTA 12. X. 2024r<\/u><\/strong><strong><u>.\u00a0 <\/u><\/strong><\/p>\n<p>&nbsp;<\/p>\n<p>Godz. 17\u00a0 \u00a0&#8211; \u00a0+ Stefan Bednarek<\/p>\n<p>&nbsp;<\/p>\n<p><strong><u>NIEDZIELA\u00a0 13. X. 2024r<\/u><\/strong><strong><u>.<\/u><\/strong><\/p>\n<p>&nbsp;<\/p>\n<p>Godz. 8:00\u00a0 &#8211; ++ Maria i Antoni Pastor<\/p>\n<p>&nbsp;<\/p>\n<p>Godz. 10 \u00a0\u00a0\u00a0\u00a0&#8211;\u00a0\u00a0\u00a0 + Weronika Galas w 3r. \u015bmierci<\/p>\n<p>&nbsp;<\/p>\n<p>Godz. 18\u00a0\u00a0\u00a0\u00a0 &#8211; \u00a0++ J\u00f3zef i Bronis\u0142awa Ciupkowie<\/p>\n<p>&nbsp;<\/p>\n<p>&nbsp;<\/p>\n<p>&nbsp;<\/p>\n<p>&nbsp;<\/p>\n<p>&nbsp;<\/p>\n","protected":false},"excerpt":{"rendered":"<p>INTENCJE\u00a0 MSZY \u015aWI\u0118TYCH \u00a0 NIEDZIELA 6. X. 2024r. &nbsp; Godz. 8:00 &#8211; ++J\u00f3zef Kozik syn Ireneusz &nbsp; Godz. 10 \u00a0\u00a0\u00a0&#8211; \u00a0\u00a0\u00a0+ Maria Kami\u0144ska &#8211; J\u0119drzejas &#8211;\u00a0\u00a0\u00a0 + J\u00f3zef Dendys w 12r. \u015bmierci &nbsp; Godz. 18 \u00a0\u00a0\u00a0&#8211; \u00a0\u00a0\u00a0\u00a0+ W intencji Parafian &nbsp; PONIEDZIA\u0141EK 7. X . 2024r &nbsp; Godz. 17\u00a0 \u00a0\u00a0&#8211;\u00a0\u00a0\u00a0 \u00a0\u00a0\u00a0\u00a0\u00a0O zdrowie i b\u0142. Bo\u017ce [&hellip;]<\/p>\n","protected":false},"author":0,"featured_media":0,"comment_status":"closed","ping_status":"closed","sticky":false,"template":"","format":"standard","meta":{"ngg_post_thumbnail":0,"footnotes":""},"categories":[7],"tags":[],"class_list":["post-3907","post","type-post","status-publish","format-standard","hentry","category-intencje"],"aioseo_notices":[],"_links":{"self":[{"href":"https:\/\/parafiakrzyzowa.pl\/index.php?rest_route=\/wp\/v2\/posts\/3907","targetHints":{"allow":["GET"]}}],"collection":[{"href":"https:\/\/parafiakrzyzowa.pl\/index.php?rest_route=\/wp\/v2\/posts"}],"about":[{"href":"https:\/\/parafiakrzyzowa.pl\/index.php?rest_route=\/wp\/v2\/types\/post"}],"replies":[{"embeddable":true,"href":"https:\/\/parafiakrzyzowa.pl\/index.php?rest_route=%2Fwp%2Fv2%2Fcomments&post=3907"}],"version-history":[{"count":1,"href":"https:\/\/parafiakrzyzowa.pl\/index.php?rest_route=\/wp\/v2\/posts\/3907\/revisions"}],"predecessor-version":[{"id":3908,"href":"https:\/\/parafiakrzyzowa.pl\/index.php?rest_route=\/wp\/v2\/posts\/3907\/revisions\/3908"}],"wp:attachment":[{"href":"https:\/\/parafiakrzyzowa.pl\/index.php?rest_route=%2Fwp%2Fv2%2Fmedia&parent=3907"}],"wp:term":[{"taxonomy":"category","embeddable":true,"href":"https:\/\/parafiakrzyzowa.pl\/index.php?rest_route=%2Fwp%2Fv2%2Fcategories&post=3907"},{"taxonomy":"post_tag","embeddable":true,"href":"https:\/\/parafiakrzyzowa.pl\/index.php?rest_route=%2Fwp%2Fv2%2Ftags&post=3907"}],"curies":[{"name":"wp","href":"https:\/\/api.w.org\/{rel}","templated":true}]}}