{"id":3910,"date":"2024-10-05T10:41:43","date_gmt":"2024-10-05T10:41:43","guid":{"rendered":"https:\/\/parafiakrzyzowa.pl\/?p=3910"},"modified":"2024-10-05T17:47:56","modified_gmt":"2024-10-05T17:47:56","slug":"3910","status":"publish","type":"post","link":"https:\/\/parafiakrzyzowa.pl\/?p=3910","title":{"rendered":""},"content":{"rendered":"<p>Krzy\u017cowa 6.X. 2024 r.<\/p>\n<p>&nbsp;<\/p>\n<p>&nbsp;<\/p>\n<p>&nbsp;<\/p>\n<p><strong><u>XXVII NIEDZIELA ZWYK\u0141A<\/u><\/strong><\/p>\n<p>&nbsp;<\/p>\n<p>Jeszcze dzisiaj zapraszam na R\u00f3\u017caniec o godz. 17:30 i na codzienne nabo\u017ce\u0144stwo r\u00f3\u017ca\u0144cowe po wieczornej mszy \u015bw.<\/p>\n<p>W tym tygodniu R\u00f3\u017caniec poprowadz\u0105 : pon. klasa III\u00a0 wt. ministranci \u015br. lektorzy i lektorki. czw. klasa II pt. kandydaci na ministrant\u00f3w sob. R\u00f3\u017ca \u015bw. Jana Paw\u0142a II.<\/p>\n<p>&nbsp;<\/p>\n<p>W ostatni\u0105 niedziel\u0119 w naszej parafii zebrali\u015bmy \u2026\u2026..na powodzian . Wielkie B\u00f3g zap\u0142a\u0107 za ka\u017cd\u0105 ofiar\u0119.<\/p>\n<p>&nbsp;<\/p>\n<p>W niedziel\u0119 13 pa\u017adziernika jest liczenie wiernych na mszach \u015bw. i przyjmuj\u0105cych Komuni\u0119 \u015bw.<\/p>\n<p>&nbsp;<\/p>\n<p>W najbli\u017csz\u0105 niedziele przed ko\u015bcio\u0142ami zbirka\u00a0 na stypendialny Fundusz Nowego Tysi\u0105clecia.<\/p>\n<p>&nbsp;<\/p>\n<p>B\u00f3g zap\u0142a\u0107 za ofiary na syryjsk\u0105 rodziny z Aleppo.<\/p>\n<p>&nbsp;<\/p>\n<p>R\u00f3wnie\u017c w najbli\u017csz\u0105 niedziel\u0119 Rada Duszpasterska b\u0119dzie zbiera\u0142a ofiary na prace przy cmentarzu. Wiele miesi\u0119cy temu podawa\u0142em koszty prac przy cmentarzu kt\u00f3re wynosz\u0105 230. 000 z\u0142 dlatego b\u0105d\u017acie cierpliwi \u017ce to zbieranie ofiar jeszcze b\u0119dzie trwa\u0142o troch\u0119.<\/p>\n<p>&nbsp;<\/p>\n<p>Na stoliku prze obrazem Jezu ufam Tobie sa karteczki na wypominki roczne i jednorazowe kt\u00f3re mo\u017cna zabra\u0107 do dom\u00f3w i bardzo wyra\u017anie napisa\u0107 imiona i nazwiska waszych bliskich zmar\u0142ych. Mo\u017cna ju\u017c dawa\u0107 na wypominki \u2018 Jest wystawiony koszyk na stoliku. Na du\u017cych karteczkach wypisujemy wypominki jednorazowe a na ma\u0142ych roczne.<\/p>\n<p>O najbli\u017cszej niedzieli b\u0119dzie mnie zast\u0119powa\u0142 na parafii ks. Jan kt\u00f3rego znacie i kt\u00f3ry ma wszystkie pozwolenia od ks. Biskupa jako administrator parafii pod moj\u0105 nieobecno\u015b\u0107. Dok\u0142adne informacje podam za tydzie\u0144 w niedziel\u0119.<\/p>\n<p>&nbsp;<\/p>\n<p>Zach\u0119cam do nabywania prasy katolickiej<\/p>\n<p>&nbsp;<\/p>\n<p>B\u00f3g zap\u0142a\u0107 za sprz\u0105tanie ko\u015bcio\u0142a w tym tygodniu. Nast\u0119pne sprz\u0105tanie w pi\u0105tek po wieczornej mszy \u015bw. Sprz\u0105taj\u0105 Panie: Katarzyna Klimczak Renata Lach Magdalena Wronka i Teresa Majdak<\/p>\n<p>Kalendarz liturgiczny<\/p>\n<p>Poniedzia\u0142ek \u2013 wsp. Matki Bo\u017cej R\u00f3\u017ca\u0144cowej<\/p>\n<p>Spotkania :<\/p>\n<p>Poniedzia\u0142ek godz. 16 klasa III<\/p>\n<p>Pi\u0105tek godz. 16 kandydaci na ministrant\u00f3w<\/p>\n","protected":false},"excerpt":{"rendered":"<p>Krzy\u017cowa 6.X. 2024 r. &nbsp; &nbsp; &nbsp; XXVII NIEDZIELA ZWYK\u0141A &nbsp; Jeszcze dzisiaj zapraszam na R\u00f3\u017caniec o godz. 17:30 i na codzienne nabo\u017ce\u0144stwo r\u00f3\u017ca\u0144cowe po wieczornej mszy \u015bw. W tym tygodniu R\u00f3\u017caniec poprowadz\u0105 : pon. klasa III\u00a0 wt. ministranci \u015br. lektorzy i lektorki. czw. klasa II pt. kandydaci na ministrant\u00f3w sob. R\u00f3\u017ca \u015bw. Jana Paw\u0142a [&hellip;]<\/p>\n","protected":false},"author":0,"featured_media":0,"comment_status":"closed","ping_status":"closed","sticky":false,"template":"","format":"standard","meta":{"ngg_post_thumbnail":0,"footnotes":""},"categories":[3],"tags":[],"class_list":["post-3910","post","type-post","status-publish","format-standard","hentry","category-ogloszenia"],"aioseo_notices":[],"_links":{"self":[{"href":"https:\/\/parafiakrzyzowa.pl\/index.php?rest_route=\/wp\/v2\/posts\/3910","targetHints":{"allow":["GET"]}}],"collection":[{"href":"https:\/\/parafiakrzyzowa.pl\/index.php?rest_route=\/wp\/v2\/posts"}],"about":[{"href":"https:\/\/parafiakrzyzowa.pl\/index.php?rest_route=\/wp\/v2\/types\/post"}],"replies":[{"embeddable":true,"href":"https:\/\/parafiakrzyzowa.pl\/index.php?rest_route=%2Fwp%2Fv2%2Fcomments&post=3910"}],"version-history":[{"count":3,"href":"https:\/\/parafiakrzyzowa.pl\/index.php?rest_route=\/wp\/v2\/posts\/3910\/revisions"}],"predecessor-version":[{"id":3913,"href":"https:\/\/parafiakrzyzowa.pl\/index.php?rest_route=\/wp\/v2\/posts\/3910\/revisions\/3913"}],"wp:attachment":[{"href":"https:\/\/parafiakrzyzowa.pl\/index.php?rest_route=%2Fwp%2Fv2%2Fmedia&parent=3910"}],"wp:term":[{"taxonomy":"category","embeddable":true,"href":"https:\/\/parafiakrzyzowa.pl\/index.php?rest_route=%2Fwp%2Fv2%2Fcategories&post=3910"},{"taxonomy":"post_tag","embeddable":true,"href":"https:\/\/parafiakrzyzowa.pl\/index.php?rest_route=%2Fwp%2Fv2%2Ftags&post=3910"}],"curies":[{"name":"wp","href":"https:\/\/api.w.org\/{rel}","templated":true}]}}