{"id":3918,"date":"2024-10-12T13:04:08","date_gmt":"2024-10-12T13:04:08","guid":{"rendered":"https:\/\/parafiakrzyzowa.pl\/?p=3918"},"modified":"2024-10-12T13:04:13","modified_gmt":"2024-10-12T13:04:13","slug":"3918","status":"publish","type":"post","link":"https:\/\/parafiakrzyzowa.pl\/?p=3918","title":{"rendered":""},"content":{"rendered":"<p>Krzy\u017cowa 13.X. 2024 r.<\/p>\n<p>&nbsp;<\/p>\n<p>&nbsp;<\/p>\n<p>&nbsp;<\/p>\n<p><strong><u>XXVIII NIEDZIELA ZWYK\u0141A<\/u><\/strong><\/p>\n<p>&nbsp;<\/p>\n<p>&nbsp;<\/p>\n<p>&nbsp;<\/p>\n<p>Jeszcze dzisiaj zapraszam na R\u00f3\u017caniec o godz. 17:30 i na codzienne nabo\u017ce\u0144stwo r\u00f3\u017ca\u0144cowe po wieczornej mszy \u015bw.<\/p>\n<p>W tym tygodniu R\u00f3\u017caniec poprowadz\u0105 : pon. R\u00f3\u017ca b\u0142. Ks. Jerzego Popie\u0142uszki wt . R\u00f3\u017ca \u015bw. Anny \u015br. R\u00f3\u017ca \u015bw. s. Faustyny Kowalskiej \u00a0czw. m\u0142odzie\u017cowa R\u00f3\u017ca b\u0142. Karoliny K\u00f3\u017ck\u00f3wny\u00a0 pt. R\u00f3\u017ca \u015bw. Franciszka z Asy\u017cu Krzy\u017c\u00f3wek ., sob. Ko\u0142o Gospody\u0144 Wiejskich z Krzy\u017cowej.<\/p>\n<p>&nbsp;<\/p>\n<p>&nbsp;<\/p>\n<p>W dzisiejsz\u0105 niedziel\u0119 \u00a0jest liczenie wiernych na mszach \u015bw. i przyjmuj\u0105cych Komuni\u0119 \u015bw.<\/p>\n<p>&nbsp;<\/p>\n<p>R\u00f3wnie\u017c dzisiaj przed ko\u015bcio\u0142em jest zbi\u00f3rka na stypendia w ramach Dnia Papieskiego\u00a0\u00a0\u00a0 \u00a0\u00a0\u00a0\u00a0\u00a0\u00a0\u00a0\u00a0\u00a0\u00a0\u00a0\u00a0\u00a0\u00a0\u00a0\u00a0\u00a0\u00a0i Fundacji Nowego Tysi\u0105clecia.<\/p>\n<p>&nbsp;<\/p>\n<p>&nbsp;<\/p>\n<p>Rada Duszpasterska dzisiaj b\u0119dzie zbiera\u0142a ofiary na prace przy cmentarzu.Wielkie B\u00f3g zapla\u0107 za ka\u017cd\u0105 ofiar\u0119.<\/p>\n<p>&nbsp;<\/p>\n<p>Na stoliku prze obrazem Jezu ufam Tobie sa karteczki na wypominki roczne i jednorazowe kt\u00f3re mo\u017cna zabra\u0107 do dom\u00f3w i bardzo wyra\u017anie napisa\u0107 imiona i nazwiska waszych bliskich zmar\u0142ych. Mo\u017cna ju\u017c dawa\u0107 na wypominki \u2018 Jest wystawiony koszyk na stoliku. Na du\u017cych karteczkach wypisujemy wypominki jednorazowe a na ma\u0142ych roczne.<\/p>\n<p>Od jutra w parafii b\u0119dzie mnie przez kilka tygodni zast\u0119powa\u0142 ks. Jan Gawlas. Ks. Jan b\u0119dzie mieszka\u0142 na plebani i wszystkie sprawy duszpasterskie prosz\u0119 za\u0142atwia\u0107 po wieczornych mszach \u015bw.<\/p>\n<p>&nbsp;<\/p>\n<p>Zach\u0119cam do nabywania prasy katolickiej<\/p>\n<p>&nbsp;<\/p>\n<p>B\u00f3g zap\u0142a\u0107 za sprz\u0105tanie ko\u015bcio\u0142a w tym tygodniu. Nast\u0119pne sprz\u0105tanie w pi\u0105tek po wieczornej mszy \u015bw. Sprz\u0105taj\u0105 Panie: Natalia\u00a0 Hruby\u00a0 Barbara Mocek Anna Wasilewska i Dagmara Basik<\/p>\n<p>&nbsp;<\/p>\n<p>&nbsp;<\/p>\n<p>Kalendarz liturgiczny<\/p>\n<p>&nbsp;<\/p>\n<p>Wtorek \u2013 wsp. \u015bw. Teresy od Jezusa dziewicy i Doktora Ko\u015bcio\u0142a<\/p>\n<p>\u015aroda \u2013 wsp. \u015bw. Jadwigi \u015al\u0105skiej \/ wyb\u00f3r kard. Karola Wojty\u0142y na papie\u017ca 1978r.\/<\/p>\n<p>Czwartek \u2013 wsp. \u015bw. Ignacego Antioche\u0144skiego biskupa i m\u0119czennika<\/p>\n<p>Pi\u0105tek \u015bw. \u015bw. \u0141ukasza Ewangelisty<\/p>\n<p>&nbsp;<\/p>\n<p>W ostatnim tygodniu odesz\u0142a z naszej rodziny parafialnej po wieczn\u0105 nagrod\u0119 do Pana \u015bp. Irena J\u0119drzejas\u2026 wieczny odpoczynek racz jej da\u0107 Panie\u2026..<\/p>\n","protected":false},"excerpt":{"rendered":"<p>Krzy\u017cowa 13.X. 2024 r. &nbsp; &nbsp; &nbsp; XXVIII NIEDZIELA ZWYK\u0141A &nbsp; &nbsp; &nbsp; Jeszcze dzisiaj zapraszam na R\u00f3\u017caniec o godz. 17:30 i na codzienne nabo\u017ce\u0144stwo r\u00f3\u017ca\u0144cowe po wieczornej mszy \u015bw. W tym tygodniu R\u00f3\u017caniec poprowadz\u0105 : pon. R\u00f3\u017ca b\u0142. Ks. Jerzego Popie\u0142uszki wt . R\u00f3\u017ca \u015bw. Anny \u015br. R\u00f3\u017ca \u015bw. s. Faustyny Kowalskiej \u00a0czw. m\u0142odzie\u017cowa [&hellip;]<\/p>\n","protected":false},"author":0,"featured_media":0,"comment_status":"closed","ping_status":"closed","sticky":false,"template":"","format":"standard","meta":{"ngg_post_thumbnail":0,"footnotes":""},"categories":[3],"tags":[],"class_list":["post-3918","post","type-post","status-publish","format-standard","hentry","category-ogloszenia"],"aioseo_notices":[],"_links":{"self":[{"href":"https:\/\/parafiakrzyzowa.pl\/index.php?rest_route=\/wp\/v2\/posts\/3918","targetHints":{"allow":["GET"]}}],"collection":[{"href":"https:\/\/parafiakrzyzowa.pl\/index.php?rest_route=\/wp\/v2\/posts"}],"about":[{"href":"https:\/\/parafiakrzyzowa.pl\/index.php?rest_route=\/wp\/v2\/types\/post"}],"replies":[{"embeddable":true,"href":"https:\/\/parafiakrzyzowa.pl\/index.php?rest_route=%2Fwp%2Fv2%2Fcomments&post=3918"}],"version-history":[{"count":1,"href":"https:\/\/parafiakrzyzowa.pl\/index.php?rest_route=\/wp\/v2\/posts\/3918\/revisions"}],"predecessor-version":[{"id":3919,"href":"https:\/\/parafiakrzyzowa.pl\/index.php?rest_route=\/wp\/v2\/posts\/3918\/revisions\/3919"}],"wp:attachment":[{"href":"https:\/\/parafiakrzyzowa.pl\/index.php?rest_route=%2Fwp%2Fv2%2Fmedia&parent=3918"}],"wp:term":[{"taxonomy":"category","embeddable":true,"href":"https:\/\/parafiakrzyzowa.pl\/index.php?rest_route=%2Fwp%2Fv2%2Fcategories&post=3918"},{"taxonomy":"post_tag","embeddable":true,"href":"https:\/\/parafiakrzyzowa.pl\/index.php?rest_route=%2Fwp%2Fv2%2Ftags&post=3918"}],"curies":[{"name":"wp","href":"https:\/\/api.w.org\/{rel}","templated":true}]}}