{"id":3921,"date":"2024-10-12T13:05:14","date_gmt":"2024-10-12T13:05:14","guid":{"rendered":"https:\/\/parafiakrzyzowa.pl\/?p=3921"},"modified":"2024-10-12T13:05:20","modified_gmt":"2024-10-12T13:05:20","slug":"3921","status":"publish","type":"post","link":"https:\/\/parafiakrzyzowa.pl\/?p=3921","title":{"rendered":""},"content":{"rendered":"<p><strong><u>INTENCJE\u00a0 MSZY \u015aWI\u0118TYCH<\/u><\/strong><\/p>\n<p><strong><u>\u00a0<\/u><\/strong><\/p>\n<p><strong><u>NIEDZIELA 13. X. 2024r.<\/u><\/strong><\/p>\n<p>&nbsp;<\/p>\n<p>Godz. 8:00 &#8211; ++ Marii i Antoni Pastorowie<\/p>\n<p>&nbsp;<\/p>\n<p>Godz. 10 \u00a0\u00a0\u00a0&#8211; \u00a0\u00a0\u00a0+ Weronika Gawlas w 3r. \u015bmierci<\/p>\n<p>&nbsp;<\/p>\n<p>Godz. 18 \u00a0\u00a0\u00a0&#8211; \u00a0++ J\u00f3zef i Bronis\u0142awa Ciupkowie<\/p>\n<p>&nbsp;<\/p>\n<p><strong><u>PONIEDZIA\u0141EK 14. X . 2024r<\/u><\/strong><\/p>\n<p>&nbsp;<\/p>\n<p>Godz. 17\u00a0 \u00a0\u00a0&#8211;\u00a0\u00a0\u00a0 \u00a0\u00a0\u00a0\u00a0\u00a0O zdrowie i b\u0142. Bo\u017ce dla cz\u0142onki\u0144 R\u00f3\u017cy \u015bw. Jana Paw\u0142a II<\/p>\n<p><strong><u>\u00a0<\/u><\/strong><\/p>\n<p><strong><u>WTOREK 15. X. 2024r.<\/u><\/strong><\/p>\n<p>&nbsp;<\/p>\n<p>Godz. 17\u00a0 &#8211;\u00a0\u00a0\u00a0\u00a0\u00a0\u00a0\u00a0\u00a0\u00a0\u00a0 W intencji Parafian<\/p>\n<p>&nbsp;<\/p>\n<p><strong><u>\u015aRODA 16. X. 2024r. <\/u><\/strong><\/p>\n<p>&nbsp;<\/p>\n<p>Godz. 17 \u00a0&#8211;\u00a0 + Edward Mrowiec w 7r. \u015bmierci<\/p>\n<p>&nbsp;<\/p>\n<p><strong><u>CZWARTEK 17. X .2024r.<\/u><\/strong><\/p>\n<p>&nbsp;<\/p>\n<p>Godz. 17\u00a0 &#8211;\u00a0 + Adam Hernas r. \u015bmierci<\/p>\n<p><strong><u>\u00a0<\/u><\/strong><\/p>\n<p><strong><u>PI\u0104TEK\u00a0 18. X. 2024r.<\/u><\/strong><\/p>\n<p>&nbsp;<\/p>\n<p>Godz. 17\u00a0\u00a0 &#8211; ++ Helena i J\u00f3zef\u00a0 Wylecia\u0142owie<\/p>\n<p>&nbsp;<\/p>\n<p><strong><u>SOBOTA 19. X. 2024r<\/u><\/strong><strong><u>.\u00a0 <\/u><\/strong><\/p>\n<p>&nbsp;<\/p>\n<p>Godz. 17\u00a0 \u00a0&#8211; \u00a0\u00a0\u00a0+ Andrzej S\u0142owik w 5r. \u015bmierci<\/p>\n<p>&#8211;\u00a0\u00a0\u00a0\u00a0\u00a0\u00a0\u00a0 O zdrowie i b\u0142. Bo\u017ce dla Maksymiliana Gawlasa w dniu Chrztu \u015bw.<\/p>\n<p>&nbsp;<\/p>\n<p><strong><u>NIEDZIELA\u00a0 20. X. 2024r<\/u><\/strong><strong><u>.<\/u><\/strong><\/p>\n<p>&nbsp;<\/p>\n<p>Godz. 8:00\u00a0 &#8211; ++ Aniela W\u0142adys\u0142aw Stanis\u0142aw Kazimierz Strza\u0142kowie<\/p>\n<p>&nbsp;<\/p>\n<p>Godz. 10 \u00a0\u00a0\u00a0\u00a0&#8211;\u00a0 \u00a0\u00a0\u00a0\u00a0\u00a0O zdrowie i b\u0142. Bo\u017ce dla Konrada Jaska w 18r. urodzin<\/p>\n<p>&nbsp;<\/p>\n<p>Godz. 18\u00a0\u00a0\u00a0\u00a0 &#8211;\u00a0\u00a0\u00a0\u00a0\u00a0\u00a0\u00a0 O zdrowie i b\u0142. Bo\u017ce dla Barbary i Piotra Wawak\u00f3w w 25r. \u015blubu<\/p>\n<p>&nbsp;<\/p>\n<p>&nbsp;<\/p>\n<p>&nbsp;<\/p>\n<p>&nbsp;<\/p>\n<p>&nbsp;<\/p>\n","protected":false},"excerpt":{"rendered":"<p>INTENCJE\u00a0 MSZY \u015aWI\u0118TYCH \u00a0 NIEDZIELA 13. X. 2024r. &nbsp; Godz. 8:00 &#8211; ++ Marii i Antoni Pastorowie &nbsp; Godz. 10 \u00a0\u00a0\u00a0&#8211; \u00a0\u00a0\u00a0+ Weronika Gawlas w 3r. \u015bmierci &nbsp; Godz. 18 \u00a0\u00a0\u00a0&#8211; \u00a0++ J\u00f3zef i Bronis\u0142awa Ciupkowie &nbsp; PONIEDZIA\u0141EK 14. X . 2024r &nbsp; Godz. 17\u00a0 \u00a0\u00a0&#8211;\u00a0\u00a0\u00a0 \u00a0\u00a0\u00a0\u00a0\u00a0O zdrowie i b\u0142. Bo\u017ce dla cz\u0142onki\u0144 R\u00f3\u017cy \u015bw. [&hellip;]<\/p>\n","protected":false},"author":0,"featured_media":0,"comment_status":"closed","ping_status":"closed","sticky":false,"template":"","format":"standard","meta":{"ngg_post_thumbnail":0,"footnotes":""},"categories":[7],"tags":[],"class_list":["post-3921","post","type-post","status-publish","format-standard","hentry","category-intencje"],"aioseo_notices":[],"_links":{"self":[{"href":"https:\/\/parafiakrzyzowa.pl\/index.php?rest_route=\/wp\/v2\/posts\/3921","targetHints":{"allow":["GET"]}}],"collection":[{"href":"https:\/\/parafiakrzyzowa.pl\/index.php?rest_route=\/wp\/v2\/posts"}],"about":[{"href":"https:\/\/parafiakrzyzowa.pl\/index.php?rest_route=\/wp\/v2\/types\/post"}],"replies":[{"embeddable":true,"href":"https:\/\/parafiakrzyzowa.pl\/index.php?rest_route=%2Fwp%2Fv2%2Fcomments&post=3921"}],"version-history":[{"count":1,"href":"https:\/\/parafiakrzyzowa.pl\/index.php?rest_route=\/wp\/v2\/posts\/3921\/revisions"}],"predecessor-version":[{"id":3922,"href":"https:\/\/parafiakrzyzowa.pl\/index.php?rest_route=\/wp\/v2\/posts\/3921\/revisions\/3922"}],"wp:attachment":[{"href":"https:\/\/parafiakrzyzowa.pl\/index.php?rest_route=%2Fwp%2Fv2%2Fmedia&parent=3921"}],"wp:term":[{"taxonomy":"category","embeddable":true,"href":"https:\/\/parafiakrzyzowa.pl\/index.php?rest_route=%2Fwp%2Fv2%2Fcategories&post=3921"},{"taxonomy":"post_tag","embeddable":true,"href":"https:\/\/parafiakrzyzowa.pl\/index.php?rest_route=%2Fwp%2Fv2%2Ftags&post=3921"}],"curies":[{"name":"wp","href":"https:\/\/api.w.org\/{rel}","templated":true}]}}