{"id":3923,"date":"2024-10-19T09:04:50","date_gmt":"2024-10-19T09:04:50","guid":{"rendered":"https:\/\/parafiakrzyzowa.pl\/?p=3923"},"modified":"2024-10-19T09:04:56","modified_gmt":"2024-10-19T09:04:56","slug":"3923","status":"publish","type":"post","link":"https:\/\/parafiakrzyzowa.pl\/?p=3923","title":{"rendered":""},"content":{"rendered":"<p>Krzy\u017cowa 20.X. 2024 r.<\/p>\n<p>&nbsp;<\/p>\n<p>&nbsp;<\/p>\n<p>&nbsp;<\/p>\n<p><strong><u>XXIX NIEDZIELA ZWYK\u0141A<\/u><\/strong><\/p>\n<p>&nbsp;<\/p>\n<p>Jeszcze dzisiaj zapraszam na R\u00f3\u017caniec o godz. 17:30 i na codzienne nabo\u017ce\u0144stwo r\u00f3\u017ca\u0144cowe po wieczornej mszy \u015bw.<\/p>\n<p>W tym tygodniu R\u00f3\u017caniec poprowadz\u0105 : pon. kl. I i II wt . Kl. III \u00a0\u015br. kl. IV\u00a0 czw. kl. V\u00a0\u00a0 pt. kl. VI\u00a0 sob. kl. VIII<\/p>\n<p>&nbsp;<\/p>\n<p>Rada Duszpasterska w ostatni\u0105 niedziel\u0119 zebra\u0142a na prace przy cmentarzu \u2026\u2026\u2026\u2026\u00a0\u00a0\u00a0 z\u0142 B\u00f3g zap\u0142a\u0107 za ka\u017cd\u0105 ofiar\u0119. Teraz b\u0119dzie przerwa w zbieraniu ofiar na cmentarz a\u017c po nowym roku.<\/p>\n<p>&nbsp;<\/p>\n<p>Na fundusz stypendialny w ostatni\u0105 niedziel\u0119 zebrali\u015bmy \u2026.. z\u0142.<\/p>\n<p>&nbsp;<\/p>\n<p>Na stoliku prze obrazem Jezu ufam Tobie sa karteczki na wypominki roczne i jednorazowe kt\u00f3re mo\u017cna zabra\u0107 do dom\u00f3w i bardzo wyra\u017anie napisa\u0107 imiona i nazwiska waszych bliskich zmar\u0142ych. Mo\u017cna ju\u017c dawa\u0107 na wypominki \u2018 Jest wystawiony koszyk na stoliku. Na du\u017cych karteczkach wypisujemy wypominki jednorazowe a na ma\u0142ych roczne.<\/p>\n<p>&nbsp;<\/p>\n<p>Bardzo serdecznie dzi\u0119kuj\u0119 za wszystkie modlitwy i \u017cyczenia powrotu do zdrowia dla mnie. Jestem ju\u017c na parafii ale niestety jeszcze troch\u0119 potrwa moja rehabilitacja. Dzi\u0119kuj\u0119 ks. Janowi \u017ce mnie zast\u0119puje w pracy duszpasterskiej Panu Organi\u015bcie P. Bogusiowi oraz wszystkim lektorom\u00a0\u00a0\u00a0 i ministrantom \u017ce pomagaj\u0105 ks. Janowi.<\/p>\n<p>&nbsp;<\/p>\n<p>Zach\u0119cam do nabywania prasy katolickiej<\/p>\n<p>&nbsp;<\/p>\n<p>B\u00f3g zap\u0142a\u0107 za sprz\u0105tanie ko\u015bcio\u0142a w tym tygodniu. Nast\u0119pne sprz\u0105tanie w pi\u0105tek po wieczornej mszy \u015bw. Sprz\u0105taj\u0105 Panie: Renata G\u00f3ra Jurasz Krystyna Maria Kocio\u0142ek i Anna Kami\u0144ska.<\/p>\n<p>&nbsp;<\/p>\n<p>Spotkanie z kandydatami na ministrant\u00f3w b\u0119dzie w pi\u0105tek o godz. 16:00. Spotkanie prowadzi Dominik Hubka<\/p>\n<p>&nbsp;<\/p>\n<p>&nbsp;<\/p>\n<p>Kalendarz liturgiczny<\/p>\n<p>&nbsp;<\/p>\n<p>Wtorek \u2013 wsp. \u015bw. Jana Paw\u0142a II papie\u017ca<\/p>\n<p>&nbsp;<\/p>\n<p>&nbsp;<\/p>\n<p>W ostatnim tygodniu odesz\u0142a z naszej rodziny parafialnej po wieczn\u0105 nagrod\u0119 do Pana \u015bp. Bronis\u0142awa Janiczek \u2026 wieczny odpoczynek racz jej da\u0107 Panie\u2026..<\/p>\n","protected":false},"excerpt":{"rendered":"<p>Krzy\u017cowa 20.X. 2024 r. &nbsp; &nbsp; &nbsp; XXIX NIEDZIELA ZWYK\u0141A &nbsp; Jeszcze dzisiaj zapraszam na R\u00f3\u017caniec o godz. 17:30 i na codzienne nabo\u017ce\u0144stwo r\u00f3\u017ca\u0144cowe po wieczornej mszy \u015bw. W tym tygodniu R\u00f3\u017caniec poprowadz\u0105 : pon. kl. I i II wt . Kl. III \u00a0\u015br. kl. IV\u00a0 czw. kl. V\u00a0\u00a0 pt. kl. VI\u00a0 sob. kl. VIII [&hellip;]<\/p>\n","protected":false},"author":0,"featured_media":0,"comment_status":"closed","ping_status":"closed","sticky":false,"template":"","format":"standard","meta":{"ngg_post_thumbnail":0,"footnotes":""},"categories":[3],"tags":[],"class_list":["post-3923","post","type-post","status-publish","format-standard","hentry","category-ogloszenia"],"aioseo_notices":[],"_links":{"self":[{"href":"https:\/\/parafiakrzyzowa.pl\/index.php?rest_route=\/wp\/v2\/posts\/3923","targetHints":{"allow":["GET"]}}],"collection":[{"href":"https:\/\/parafiakrzyzowa.pl\/index.php?rest_route=\/wp\/v2\/posts"}],"about":[{"href":"https:\/\/parafiakrzyzowa.pl\/index.php?rest_route=\/wp\/v2\/types\/post"}],"replies":[{"embeddable":true,"href":"https:\/\/parafiakrzyzowa.pl\/index.php?rest_route=%2Fwp%2Fv2%2Fcomments&post=3923"}],"version-history":[{"count":1,"href":"https:\/\/parafiakrzyzowa.pl\/index.php?rest_route=\/wp\/v2\/posts\/3923\/revisions"}],"predecessor-version":[{"id":3924,"href":"https:\/\/parafiakrzyzowa.pl\/index.php?rest_route=\/wp\/v2\/posts\/3923\/revisions\/3924"}],"wp:attachment":[{"href":"https:\/\/parafiakrzyzowa.pl\/index.php?rest_route=%2Fwp%2Fv2%2Fmedia&parent=3923"}],"wp:term":[{"taxonomy":"category","embeddable":true,"href":"https:\/\/parafiakrzyzowa.pl\/index.php?rest_route=%2Fwp%2Fv2%2Fcategories&post=3923"},{"taxonomy":"post_tag","embeddable":true,"href":"https:\/\/parafiakrzyzowa.pl\/index.php?rest_route=%2Fwp%2Fv2%2Ftags&post=3923"}],"curies":[{"name":"wp","href":"https:\/\/api.w.org\/{rel}","templated":true}]}}