{"id":3929,"date":"2024-10-26T09:39:24","date_gmt":"2024-10-26T09:39:24","guid":{"rendered":"https:\/\/parafiakrzyzowa.pl\/?p=3929"},"modified":"2024-10-26T09:39:33","modified_gmt":"2024-10-26T09:39:33","slug":"3929","status":"publish","type":"post","link":"https:\/\/parafiakrzyzowa.pl\/?p=3929","title":{"rendered":""},"content":{"rendered":"<p>Krzy\u017cowa 27.X. 2024 r.<\/p>\n<p>&nbsp;<\/p>\n<p>&nbsp;<\/p>\n<p>&nbsp;<\/p>\n<p><strong><u>XXX NIEDZIELA ZWYK\u0141A<\/u><\/strong><\/p>\n<p>Jeszcze dzisiaj zapraszam na R\u00f3\u017caniec o godz. 17:30 i na codzienne nabo\u017ce\u0144stwo r\u00f3\u017ca\u0144cowe po wieczornej mszy \u015bw.<\/p>\n<p>W ostatnim tygodniu pa\u017adziernika modlimy si\u0119 za zmar\u0142ych wypominanych w naszym ko\u015bciele.<\/p>\n<p>&nbsp;<\/p>\n<p>W tym tygodniu r\u00f3\u017caniec prowadz\u0105: pon. Kandydaci na ministrant\u00f3w, wt. Ministranci. \u015br. Lektorzy. czw. Ko\u0142o Gospody\u0144 Wiejskich z Krzy\u017cowej i Krzy\u017c\u00f3wek<\/p>\n<p>&nbsp;<\/p>\n<p>Mo\u017cna dawa\u0107 na wypominki roczne i jednorazowe.<\/p>\n<p>&nbsp;<\/p>\n<p>W pi\u0105tek przypada uroczysto\u015b\u0107 Wszystkich \u015awi\u0119tych . W tym dniu Ko\u015bci\u00f3\u0142 pielgrzymuj\u0105cy czyli my czci naszych braci zbawionych kt\u00f3rzy osi\u0105gn\u0119li ju\u017c niebo. Msze \u015bw. w naszym ko\u015bciele b\u0119d\u0105 o godz. 8:00 10 i 14. Po mszy \u015bw. o godz. 14 procesja na cmentarz do 5 stacji gdzie b\u0119dziemy czyta\u0107 wypominki i modli\u0107 si\u0119 za naszych bliskich zmar\u0142ych.<\/p>\n<p>&nbsp;<\/p>\n<p>W sobot\u0119 przypada Dzie\u0144 Zaduszny czyli dzie\u0144 naszych modlitw za dusze w czy\u015b\u0107cu cierpi\u0105ce. Msze \u015bw. w naszym ko\u015bciele b\u0119d\u0105 o godz. 7 , 8:30 i 17 wieczorem. Kilka minut przed ka\u017cd\u0105 msz\u0105 \u015bw. b\u0119dziemy czyta\u0107 wypominki jednorazowe i modli\u0107 si\u0119 za zmar\u0142ych.<\/p>\n<p>&nbsp;<\/p>\n<p>W czwartek od godz. 16 do 17 b\u0119dzie spowied\u017a \u015bw. na kt\u00f3r\u0105 zapraszam bardzo serdecznie \u017ceby\u015bmy mogli zyskiwa\u0107 odpust zupe\u0142ny i ofiarowa\u0107 za zmar\u0142ych.\u00a0 Odpust zupe\u0142ny mo\u017cemy zyskiwa\u0107 od popo\u0142udnia Wszystkich \u015bwi\u0119tych przez kolejne 8 dni pod zwyk\u0142ymi warunkami.<\/p>\n<p>&nbsp;<\/p>\n<p>Bardzo serdecznie prosz\u0119 zabierajcie plastikowe wk\u0142ady do zniczy do dom\u00f3w, bo znowu koszt wywozu \u015bmieci z cmentarza b\u0119dzie astronomiczny.<\/p>\n<p>&nbsp;<\/p>\n<p>Bardzo serdecznie dzi\u0119kuj\u0119 za modlitwy w mojej intencji o powr\u00f3t do zdrowia. Jestem ju\u017c na plebanii\u00a0 i powoli ucz\u0119 si\u0119 chodzi\u0107. Bardzo dzi\u0119kuj\u0119 ks. Janowi \u017ce mnie dzielnie zast\u0119puje na parafii a dzisiaj r\u00f3wnie\u017c ks. Piotrowi Miszczykowi koledze rocznikowemu, \u017ce dzisiaj koncelebruje msze \u015bw. o godz. 10.<\/p>\n<p>&nbsp;<\/p>\n<p>Zach\u0119cam do nabywania prasy katolickiej.<\/p>\n<p>&nbsp;<\/p>\n<p>B\u00f3g zap\u0142a\u0107 za sprz\u0105tanie ko\u015bcio\u0142a w tym tygodniu . Nast\u0119pne sprz\u0105tanie b\u0119dzie w czwartek po wieczornej mszy \u015bw. Sprz\u0105taj\u0105 Panie: Beata Polak Czul Sylwia Barbara Pietraszko Stanis\u0142awa Cicho\u0144\/<\/p>\n<p>&nbsp;<\/p>\n<p>Kalendarz liturgiczny<\/p>\n<p>&nbsp;<\/p>\n<p>Poniedzia\u0142ek \u2013 wsp. \u015bw. Aposto\u0142\u00f3w Szymona i Judy Tadeusza<\/p>\n<p>Pi\u0105tek \u2013 Uroczysto\u015b\u0107 Wszystkich \u015awi\u0119tych<\/p>\n<p>Sobota \u2013 Dzie\u0144 Zaduszny<\/p>\n<p>&nbsp;<\/p>\n<p>&nbsp;<\/p>\n","protected":false},"excerpt":{"rendered":"<p>Krzy\u017cowa 27.X. 2024 r. &nbsp; &nbsp; &nbsp; XXX NIEDZIELA ZWYK\u0141A Jeszcze dzisiaj zapraszam na R\u00f3\u017caniec o godz. 17:30 i na codzienne nabo\u017ce\u0144stwo r\u00f3\u017ca\u0144cowe po wieczornej mszy \u015bw. W ostatnim tygodniu pa\u017adziernika modlimy si\u0119 za zmar\u0142ych wypominanych w naszym ko\u015bciele. &nbsp; W tym tygodniu r\u00f3\u017caniec prowadz\u0105: pon. Kandydaci na ministrant\u00f3w, wt. Ministranci. \u015br. Lektorzy. czw. Ko\u0142o [&hellip;]<\/p>\n","protected":false},"author":0,"featured_media":0,"comment_status":"closed","ping_status":"closed","sticky":false,"template":"","format":"standard","meta":{"ngg_post_thumbnail":0,"footnotes":""},"categories":[3],"tags":[],"class_list":["post-3929","post","type-post","status-publish","format-standard","hentry","category-ogloszenia"],"aioseo_notices":[],"_links":{"self":[{"href":"https:\/\/parafiakrzyzowa.pl\/index.php?rest_route=\/wp\/v2\/posts\/3929","targetHints":{"allow":["GET"]}}],"collection":[{"href":"https:\/\/parafiakrzyzowa.pl\/index.php?rest_route=\/wp\/v2\/posts"}],"about":[{"href":"https:\/\/parafiakrzyzowa.pl\/index.php?rest_route=\/wp\/v2\/types\/post"}],"replies":[{"embeddable":true,"href":"https:\/\/parafiakrzyzowa.pl\/index.php?rest_route=%2Fwp%2Fv2%2Fcomments&post=3929"}],"version-history":[{"count":1,"href":"https:\/\/parafiakrzyzowa.pl\/index.php?rest_route=\/wp\/v2\/posts\/3929\/revisions"}],"predecessor-version":[{"id":3930,"href":"https:\/\/parafiakrzyzowa.pl\/index.php?rest_route=\/wp\/v2\/posts\/3929\/revisions\/3930"}],"wp:attachment":[{"href":"https:\/\/parafiakrzyzowa.pl\/index.php?rest_route=%2Fwp%2Fv2%2Fmedia&parent=3929"}],"wp:term":[{"taxonomy":"category","embeddable":true,"href":"https:\/\/parafiakrzyzowa.pl\/index.php?rest_route=%2Fwp%2Fv2%2Fcategories&post=3929"},{"taxonomy":"post_tag","embeddable":true,"href":"https:\/\/parafiakrzyzowa.pl\/index.php?rest_route=%2Fwp%2Fv2%2Ftags&post=3929"}],"curies":[{"name":"wp","href":"https:\/\/api.w.org\/{rel}","templated":true}]}}