{"id":3961,"date":"2024-11-30T10:23:34","date_gmt":"2024-11-30T10:23:34","guid":{"rendered":"https:\/\/parafiakrzyzowa.pl\/?p=3961"},"modified":"2024-11-30T10:23:41","modified_gmt":"2024-11-30T10:23:41","slug":"3961","status":"publish","type":"post","link":"https:\/\/parafiakrzyzowa.pl\/?p=3961","title":{"rendered":""},"content":{"rendered":"<p>Krzy\u017cowa 1.XII. 2024 r.<\/p>\n<p>&nbsp;<\/p>\n<p>&nbsp;<\/p>\n<p>&nbsp;<\/p>\n<p><strong><u>I NIEDZIELA ADWENTU<\/u><\/strong><\/p>\n<p><u>\u00a0<\/u><\/p>\n<p>Dzi\u015b przypada\u00a0 I niedziela\u00a0 nowego roku liturgicznego i I niedziela grudnia.\u00a0 Rozpoczynamy\u00a0 \u00a0 \u00a0 \u00a0Adwent czas radosnego i modlitewnego czasu oczekiwania na \u015bwi\u0119ta Narodzenia Pa\u0144skiego.\u00a0 \u00a0 Rozpoczynamy ten czas adoracj\u0105 Pana Jezusa w Naj\u015bwi\u0119tszym Sakramencie\u2019<\/p>\n<p>&nbsp;<\/p>\n<p>Od jutra \u00a0zapraszam na codzienne roraty kt\u00f3re b\u0119d\u0105 przez ca\u0142y Adwent\u00a0 odprawiane o godz. 17.<\/p>\n<p>&nbsp;<\/p>\n<p>Bardzo prosz\u0119 aby \u00a0wszystkie dzieci przygotowa\u0142y sobie pi\u0119kne lampiony na jutrzejsze roraty i serduszka papierowe z imieniem i nazwiskiem . Na roratach jak zwykle b\u0119dziemy losowa\u0107 figurki Matki Naj\u015bwi\u0119tszej Niepokalanej i codziennie dzieci b\u0119d\u0105 otrzymywa\u0107 obrazki roratnie.<\/p>\n<p>&nbsp;<\/p>\n<p>Serdecznie zapraszam wszystkich nie tylko dzieci na codzienne roraty . Mo\u017ce to jest \u00a0\u00a0okazja do\u00a0 postanowienia \u017ce przez ca\u0142y Adwent b\u0119d\u0119 uczestniczy\u0142 w roratach.<\/p>\n<p>W \u015brod\u0119 przed msz\u0105 \u015bw. r\u00f3\u017caniec za nasz\u0105 ojczyzn\u0119. Bardzo serdecznie zapraszam.<\/p>\n<p>&nbsp;<\/p>\n<p>Spowied\u017a \u015bw. ca\u0142odzienna przed Bo\u017cym Narodzeniem b\u0119dzie w naszej parafii 20 grudnia.<\/p>\n<p>&nbsp;<\/p>\n<p>Dzisiaj \u00a0na mszy \u015bw. o godz. 10 przyj\u0119cie do grona ministrant\u00f3w kandydat\u00f3w z naszej parafii. W tym roku jest 3 ch\u0142opc\u00f3w i 6 dziewczynek\u00a0 rozpoczn\u0105 s\u0142u\u017cb\u0119 Panu Jezusowi przy O\u0142tarzu.<\/p>\n<p>Bardzo serdecznie dzi\u0119kuj\u0119 przede wszystkim rodzicom , \u017ce pozwolili swoim dzieciom by\u0107 przez najbli\u017csze lata blisko Pana Jezusa.<\/p>\n<p>&nbsp;<\/p>\n<p>Sk\u0142adka z dzisiejszej niedzieli jest\u00a0 przeznaczona na wyw\u00f3z \u015bmieci z naszego cmentarza\u00a0 \u00a0 \u00a0 \u00a0 \u00a0 \u00a0 \u00a0 \u00a0 \u00a0 \u00a0 \u00a0W ostatni\u0105\u00a0 \u00a0niedziel\u0119 zebrali\u015bmy 2200z\u0142. . Dzi\u0119kuj\u0119 bardzo za ka\u017cd\u0105 ofiar\u0119.<\/p>\n<p>&nbsp;<\/p>\n<p>W dzisiejsza \u00a0I niedziel\u0119\u00a0 adwentow\u0105\u00a0 s\u0105 \u00a0ju\u017c wystawione \u015bwiece Caritas na st\u00f3\u0142 wigilijny\u00a0 \u00a0 \u00a0 \u00a0 \u00a0 \u00a0 \u00a0 \u00a0 \u00a0 \u00a0 \u00a0 \u00a0 w ramach Wigilijnego Dzie\u0142a Pomocy Dzieciom. W tym roku ofiara b\u0119dzie przeznaczona dla dzieci\u00a0 jak do\u015bwiadczone przez pow\u00f3d\u017a w naszej Ojczy\u017anie.<\/p>\n<p>Ofiary \u00a0\u00a0za \u015bwiece dowolne ale po raz pierwszy musz\u0119 poda\u0107 doln\u0105 granic\u0119 za \u015bwiec\u0119 to jest 15 z\u0142. z\u0142.\u00a0 \u00a0G\u00f3rnej\u00a0 granicy nie ma<\/p>\n<p>&nbsp;<\/p>\n<p>Zach\u0119cam do nabywania prasy katolickiej.<\/p>\n<p>W tym tygodniu przypada I czwartek pi\u0105tek i sobota miesi\u0105ca. Spowied\u017a \u015bw. w czwartek i pi\u0105tek.\u00a0 \u00a0 \u00a0Spowied\u017a \u015bw. w czwartek i pi\u0105tek od 16 do 17. Nie b\u0119dzie wizyty u senior\u00f3w poniewa\u017c przed\u00a0 \u015bwi\u0119tami b\u0119d\u0119 je\u017adzi\u0142 do naszych senior\u00f3w.<\/p>\n<p>&nbsp;<\/p>\n<p>B\u00f3g \u00a0zap\u0142a\u0107 za sprz\u0105tanie ko\u015bcio\u0142a w tym tygodniu. Nast\u0119pne sprz\u0105tanie w pi\u0105tek po roratach. Sprz\u0105taj\u0105 Panie: Skrzyp Anna Justyna Kami\u0144ska Anna Pacuszka Beata Michalec<\/p>\n<p>&nbsp;<\/p>\n<p>W ostatnim tygodniu odesz\u0142a z naszej rodziny parafialnej po wieczn\u0105 nagrod\u0119 do Pana \u015bp. Jadwiga Wrzeszcz\u00a0 wieczny odpoczynek racz jej da\u0107 Panie\u2026.<\/p>\n","protected":false},"excerpt":{"rendered":"<p>Krzy\u017cowa 1.XII. 2024 r. &nbsp; &nbsp; &nbsp; I NIEDZIELA ADWENTU \u00a0 Dzi\u015b przypada\u00a0 I niedziela\u00a0 nowego roku liturgicznego i I niedziela grudnia.\u00a0 Rozpoczynamy\u00a0 \u00a0 \u00a0 \u00a0Adwent czas radosnego i modlitewnego czasu oczekiwania na \u015bwi\u0119ta Narodzenia Pa\u0144skiego.\u00a0 \u00a0 Rozpoczynamy ten czas adoracj\u0105 Pana Jezusa w Naj\u015bwi\u0119tszym Sakramencie\u2019 &nbsp; Od jutra \u00a0zapraszam na codzienne roraty kt\u00f3re b\u0119d\u0105 [&hellip;]<\/p>\n","protected":false},"author":0,"featured_media":0,"comment_status":"closed","ping_status":"closed","sticky":false,"template":"","format":"standard","meta":{"ngg_post_thumbnail":0,"footnotes":""},"categories":[3],"tags":[],"class_list":["post-3961","post","type-post","status-publish","format-standard","hentry","category-ogloszenia"],"aioseo_notices":[],"_links":{"self":[{"href":"https:\/\/parafiakrzyzowa.pl\/index.php?rest_route=\/wp\/v2\/posts\/3961","targetHints":{"allow":["GET"]}}],"collection":[{"href":"https:\/\/parafiakrzyzowa.pl\/index.php?rest_route=\/wp\/v2\/posts"}],"about":[{"href":"https:\/\/parafiakrzyzowa.pl\/index.php?rest_route=\/wp\/v2\/types\/post"}],"replies":[{"embeddable":true,"href":"https:\/\/parafiakrzyzowa.pl\/index.php?rest_route=%2Fwp%2Fv2%2Fcomments&post=3961"}],"version-history":[{"count":1,"href":"https:\/\/parafiakrzyzowa.pl\/index.php?rest_route=\/wp\/v2\/posts\/3961\/revisions"}],"predecessor-version":[{"id":3962,"href":"https:\/\/parafiakrzyzowa.pl\/index.php?rest_route=\/wp\/v2\/posts\/3961\/revisions\/3962"}],"wp:attachment":[{"href":"https:\/\/parafiakrzyzowa.pl\/index.php?rest_route=%2Fwp%2Fv2%2Fmedia&parent=3961"}],"wp:term":[{"taxonomy":"category","embeddable":true,"href":"https:\/\/parafiakrzyzowa.pl\/index.php?rest_route=%2Fwp%2Fv2%2Fcategories&post=3961"},{"taxonomy":"post_tag","embeddable":true,"href":"https:\/\/parafiakrzyzowa.pl\/index.php?rest_route=%2Fwp%2Fv2%2Ftags&post=3961"}],"curies":[{"name":"wp","href":"https:\/\/api.w.org\/{rel}","templated":true}]}}