{"id":3979,"date":"2024-12-14T08:11:30","date_gmt":"2024-12-14T08:11:30","guid":{"rendered":"https:\/\/parafiakrzyzowa.pl\/?p=3979"},"modified":"2024-12-14T08:11:36","modified_gmt":"2024-12-14T08:11:36","slug":"3979","status":"publish","type":"post","link":"https:\/\/parafiakrzyzowa.pl\/?p=3979","title":{"rendered":""},"content":{"rendered":"<p>Krzy\u017cowa 15.XII. 2024 r.<\/p>\n<p>&nbsp;<\/p>\n<p>&nbsp;<\/p>\n<p>&nbsp;<\/p>\n<p><strong><u>III NIEDZIELA ADWENTU<\/u><\/strong><\/p>\n<p><strong><u>\u00a0<\/u><\/strong><\/p>\n<p>Dzisiejsza III niedziela Adwentu nazywana jest niedziel\u0105 Rado\u015bci. Radujmy si\u0119 bo Pan jest ju\u017c blisko\/.<\/p>\n<p>Praktycznie rozpoczynamy ostatni tydzie\u0144 Adwentu.<\/p>\n<p>Zapraszam na codzienne roraty kt\u00f3re \u00a0s\u0105 \u00a0odprawiane o godz. 17.<\/p>\n<p>&nbsp;<\/p>\n<p>Serdecznie zapraszam wszystkich nie tylko dzieci na codzienne roraty . Bardzo si\u0119 ciesz\u0119 , \u017ce bardzo licznie uczestniczymy w roratach. Oby tak by\u0142o do ko\u0144ca Adwentu.<\/p>\n<p>&nbsp;<\/p>\n<p>W \u015brod\u0119 od godz. 9:00 b\u0119d\u0119 je\u017adzi\u0142 z Panem Jezusem do naszych senior\u00f3w i chorych. Prosz\u0119 zapisywa\u0107 tylko tych do kt\u00f3rych nie je\u017cd\u017c\u0119 w I pi\u0105tki miesi\u0105ca.<\/p>\n<p>&nbsp;<\/p>\n<p>W \u015brod\u0119 jak zwykle \u00a0przed msz\u0105 \u015bw. r\u00f3\u017caniec za nasz\u0105 ojczyzn\u0119. Bardzo serdecznie zapraszam.<\/p>\n<p>&nbsp;<\/p>\n<p>W pi\u0105tek w naszej parafii spowied\u017a \u015bw. ca\u0142odzienna przed \u015bwi\u0119tami Bo\u017cego Narodzenia.\u00a0 Spowied\u017a rozpocznie si\u0119 od godz. 8:00 do 9:00 i od godz. 10:00 do 11:00. To przed po\u0142udniem.<\/p>\n<p>Popo\u0142udniu dalszy ci\u0105g\u00a0\u00a0 spowiedzi\u00a0 od 14:30 do 15:30 i od 16:00 do 17:00.<\/p>\n<p>Godziny spowiedzi s\u0105 wywieszone na drzwiach ko\u015bcio\u0142a w gablocie przed ko\u015bcio\u0142em i na stronie internetowej. Serdecznie zapraszam do spowiedzi ca\u0142\u0105 parafi\u0119 bo wtedy tylko Chrystus narodzi si\u0119 w naszych sercach i naszych rodzinach.<\/p>\n<p>&nbsp;<\/p>\n<p>Dzisiaj przez ca\u0142\u0105 niedziel\u0119 na parkingu jest piknik organizowany przez Rad\u0119 rodzic\u00f3w\u00a0 \u00a0 \u00a0 \u00a0 \u00a0 \u00a0 \u00a0 \u00a0 \u00a0 \u00a0 \u00a0 \u00a0 \u00a0i uczni\u00f3w naszej szko\u0142y. Mo\u017cna naby\u0107 wspania\u0142e ciasta i ozdoby \u015bwi\u0105teczne.<\/p>\n<p>&nbsp;<\/p>\n<p>S\u0105 \u00a0\u00a0wystawione \u015bwiece Caritas na st\u00f3\u0142 wigilijny \u00a0w ramach Wigilijnego Dzie\u0142a Pomocy Dzieciom. \u00a0Bardzo serdecznie dzi\u0119kuj\u0119 w imieniu dzieci potrzebuj\u0105cych za du\u017ce ofiary za \u015bwiece.<\/p>\n<p>&nbsp;<\/p>\n<p>Zach\u0119cam do nabywania prasy katolickiej. Jest r\u00f3wnie\u017c dodatek historyczny do Go\u015bcia\u00a0\u00a0\u00a0\u00a0 niedzielnego.<\/p>\n<p>&nbsp;<\/p>\n<p>B\u00f3g \u00a0zap\u0142a\u0107 za sprz\u0105tanie ko\u015bcio\u0142a w tym tygodniu. Nast\u0119pne sprz\u0105tanie w pi\u0105tek po roratach. Sprz\u0105taj\u0105 Panie: Kornelia Lach Bernardyna Kam\u0144ska Jadwiga Kami\u0144ska Helena Galas.<\/p>\n<p>&nbsp;<\/p>\n<p>W tym tygodniu nie ma spotkania z dzie\u0107mi klasy III<\/p>\n<p>&nbsp;<\/p>\n<p>W ostatnim tygodniu odszed\u0142 z naszej rodziny parafialnej do Pana \u015bp. Czes\u0142aw Bu\u0142ka\u00a0 wieczny odpoczynek racz mu da\u0107 panie\u2026<\/p>\n","protected":false},"excerpt":{"rendered":"<p>Krzy\u017cowa 15.XII. 2024 r. &nbsp; &nbsp; &nbsp; III NIEDZIELA ADWENTU \u00a0 Dzisiejsza III niedziela Adwentu nazywana jest niedziel\u0105 Rado\u015bci. Radujmy si\u0119 bo Pan jest ju\u017c blisko\/. Praktycznie rozpoczynamy ostatni tydzie\u0144 Adwentu. Zapraszam na codzienne roraty kt\u00f3re \u00a0s\u0105 \u00a0odprawiane o godz. 17. &nbsp; Serdecznie zapraszam wszystkich nie tylko dzieci na codzienne roraty . Bardzo si\u0119 ciesz\u0119 [&hellip;]<\/p>\n","protected":false},"author":0,"featured_media":0,"comment_status":"closed","ping_status":"closed","sticky":false,"template":"","format":"standard","meta":{"ngg_post_thumbnail":0,"footnotes":""},"categories":[3],"tags":[],"class_list":["post-3979","post","type-post","status-publish","format-standard","hentry","category-ogloszenia"],"aioseo_notices":[],"_links":{"self":[{"href":"https:\/\/parafiakrzyzowa.pl\/index.php?rest_route=\/wp\/v2\/posts\/3979","targetHints":{"allow":["GET"]}}],"collection":[{"href":"https:\/\/parafiakrzyzowa.pl\/index.php?rest_route=\/wp\/v2\/posts"}],"about":[{"href":"https:\/\/parafiakrzyzowa.pl\/index.php?rest_route=\/wp\/v2\/types\/post"}],"replies":[{"embeddable":true,"href":"https:\/\/parafiakrzyzowa.pl\/index.php?rest_route=%2Fwp%2Fv2%2Fcomments&post=3979"}],"version-history":[{"count":1,"href":"https:\/\/parafiakrzyzowa.pl\/index.php?rest_route=\/wp\/v2\/posts\/3979\/revisions"}],"predecessor-version":[{"id":3980,"href":"https:\/\/parafiakrzyzowa.pl\/index.php?rest_route=\/wp\/v2\/posts\/3979\/revisions\/3980"}],"wp:attachment":[{"href":"https:\/\/parafiakrzyzowa.pl\/index.php?rest_route=%2Fwp%2Fv2%2Fmedia&parent=3979"}],"wp:term":[{"taxonomy":"category","embeddable":true,"href":"https:\/\/parafiakrzyzowa.pl\/index.php?rest_route=%2Fwp%2Fv2%2Fcategories&post=3979"},{"taxonomy":"post_tag","embeddable":true,"href":"https:\/\/parafiakrzyzowa.pl\/index.php?rest_route=%2Fwp%2Fv2%2Ftags&post=3979"}],"curies":[{"name":"wp","href":"https:\/\/api.w.org\/{rel}","templated":true}]}}