{"id":4046,"date":"2025-02-15T07:59:34","date_gmt":"2025-02-15T07:59:34","guid":{"rendered":"https:\/\/parafiakrzyzowa.pl\/?p=4046"},"modified":"2025-02-15T07:59:40","modified_gmt":"2025-02-15T07:59:40","slug":"4046","status":"publish","type":"post","link":"https:\/\/parafiakrzyzowa.pl\/?p=4046","title":{"rendered":""},"content":{"rendered":"<p>Krzy\u017cowa 16.II. 2025 r.<\/p>\n<p>&nbsp;<\/p>\n<p>&nbsp;<\/p>\n<p>&nbsp;<\/p>\n<p><strong><u>VI\u00a0 NIEDZIELA\u00a0\u00a0 ZWYK\u0141A<\/u><\/strong><\/p>\n<p><strong><u>\u00a0<\/u><\/strong><\/p>\n<p>Zapraszam na codzienn\u0105 Msz\u0119 \u015bw. do naszego ko\u015bcio\u0142a. W \u015brod\u0119 jak zwykle r\u00f3\u017caniec za nasz\u0105 Ojczyzn\u0119 a potem Nowenna do Matki Bo\u017cej Nieustaj\u0105cej Pomocy.<\/p>\n<p>&nbsp;<\/p>\n<p>Nasze dzieci i m\u0142odzie\u017c ze szk\u00f3l \u015brednich rozpocz\u0119li ferie zimowe. \u017bycz\u0119 wszystkim mi\u0142ego wypoczynku i \u017ceby zima powr\u00f3ci\u0142a i \u017ceby wszyscy mogli sobie poje\u017ad\u017ai\u0107 na nartach.<\/p>\n<p>&nbsp;<\/p>\n<p>W pi\u0105tek po mszy \u015bw. odm\u00f3wimy Koronk\u0119 do Bo\u017cego Mi\u0142osierdzia.<\/p>\n<p>&nbsp;<\/p>\n<p>&nbsp;<\/p>\n<p>Jeszcze raz bardzo dzi\u0119kuj\u0119 ca\u0142ej parafii za modlitw\u0119 za mn\u0105\u00a0 w czasie choroby. Jestem ju\u017c na plebanii i od jutra rozpoczn\u0119 normaln\u0105 pos\u0142ug\u0119 duszpastersk\u0105. Jeszcze raz dzi\u0119kuj\u0119 ks. Dziekanowi Jak\u00f3bkowi i ksi\u0119\u017com z Jele\u015bnia za zast\u0119pstwo w czasie mojej choroby, a dzisiaj o. Tytusowi\u00a0 \u00a0 \u00a0 \u00a0 \u00a0 \u00a0 \u00a0 \u00a0 \u00a0 \u00a0z Koszarawy Bystrej<\/p>\n<p>&nbsp;<\/p>\n<p>Zach\u0119cam do nabywana prasy katolickiej.<\/p>\n<p>Dzi\u0119kuj\u0119 za sprz\u0105tanie ko\u015bcio\u0142a w tym tygodniu, Nast\u0119pne sprz\u0105tanie b\u0119dzie w pi\u0105tek po mszy \u015bw. Sprz\u0105taj\u0105 Panie: Maria Piela Barbara P\u0142aza Jadwiga Dunat Ewa Smolicka<\/p>\n<p>Nie kupujemy kwiat\u00f3w<\/p>\n<p>&nbsp;<\/p>\n<p>&nbsp;<\/p>\n<p>Kalendarz liturgiczny<\/p>\n<p>Sobota \u2013 \u015bwi\u0119to Katedry \u015bw. Piotra Aposto\u0142a<\/p>\n","protected":false},"excerpt":{"rendered":"<p>Krzy\u017cowa 16.II. 2025 r. &nbsp; &nbsp; &nbsp; VI\u00a0 NIEDZIELA\u00a0\u00a0 ZWYK\u0141A \u00a0 Zapraszam na codzienn\u0105 Msz\u0119 \u015bw. do naszego ko\u015bcio\u0142a. W \u015brod\u0119 jak zwykle r\u00f3\u017caniec za nasz\u0105 Ojczyzn\u0119 a potem Nowenna do Matki Bo\u017cej Nieustaj\u0105cej Pomocy. &nbsp; Nasze dzieci i m\u0142odzie\u017c ze szk\u00f3l \u015brednich rozpocz\u0119li ferie zimowe. \u017bycz\u0119 wszystkim mi\u0142ego wypoczynku i \u017ceby zima powr\u00f3ci\u0142a i [&hellip;]<\/p>\n","protected":false},"author":0,"featured_media":0,"comment_status":"closed","ping_status":"closed","sticky":false,"template":"","format":"standard","meta":{"ngg_post_thumbnail":0,"footnotes":""},"categories":[3],"tags":[],"class_list":["post-4046","post","type-post","status-publish","format-standard","hentry","category-ogloszenia"],"aioseo_notices":[],"_links":{"self":[{"href":"https:\/\/parafiakrzyzowa.pl\/index.php?rest_route=\/wp\/v2\/posts\/4046","targetHints":{"allow":["GET"]}}],"collection":[{"href":"https:\/\/parafiakrzyzowa.pl\/index.php?rest_route=\/wp\/v2\/posts"}],"about":[{"href":"https:\/\/parafiakrzyzowa.pl\/index.php?rest_route=\/wp\/v2\/types\/post"}],"replies":[{"embeddable":true,"href":"https:\/\/parafiakrzyzowa.pl\/index.php?rest_route=%2Fwp%2Fv2%2Fcomments&post=4046"}],"version-history":[{"count":1,"href":"https:\/\/parafiakrzyzowa.pl\/index.php?rest_route=\/wp\/v2\/posts\/4046\/revisions"}],"predecessor-version":[{"id":4047,"href":"https:\/\/parafiakrzyzowa.pl\/index.php?rest_route=\/wp\/v2\/posts\/4046\/revisions\/4047"}],"wp:attachment":[{"href":"https:\/\/parafiakrzyzowa.pl\/index.php?rest_route=%2Fwp%2Fv2%2Fmedia&parent=4046"}],"wp:term":[{"taxonomy":"category","embeddable":true,"href":"https:\/\/parafiakrzyzowa.pl\/index.php?rest_route=%2Fwp%2Fv2%2Fcategories&post=4046"},{"taxonomy":"post_tag","embeddable":true,"href":"https:\/\/parafiakrzyzowa.pl\/index.php?rest_route=%2Fwp%2Fv2%2Ftags&post=4046"}],"curies":[{"name":"wp","href":"https:\/\/api.w.org\/{rel}","templated":true}]}}