{"id":4049,"date":"2025-02-15T08:01:24","date_gmt":"2025-02-15T08:01:24","guid":{"rendered":"https:\/\/parafiakrzyzowa.pl\/?p=4049"},"modified":"2025-02-15T08:01:29","modified_gmt":"2025-02-15T08:01:29","slug":"4049","status":"publish","type":"post","link":"https:\/\/parafiakrzyzowa.pl\/?p=4049","title":{"rendered":""},"content":{"rendered":"<p><strong><u>INTENCJE MSZY \u015aWI\u0118TYCH<\/u><\/strong><\/p>\n<p>&nbsp;<\/p>\n<p><strong><u>NIEDZIELA 16.II. 2025r.<\/u><\/strong><\/p>\n<p>&nbsp;<\/p>\n<p>Godz. 8.00 &#8211;\u00a0 ++\u00a0 Maria i Karol Kaprakowie<\/p>\n<p>&nbsp;<\/p>\n<p>Godz 10.00 &#8211; \u00a0\u00a0\u00a0\u00a0\u00a0\u00a0\u00a0O zdrowie i b\u0142. Bo\u017ce dla Michasi Majdak w 1r. urodzin i jej rodzic\u00f3w<\/p>\n<p>&nbsp;<\/p>\n<p>Godz. 18\u00a0\u00a0\u00a0\u00a0 &#8211; \u00a0++ Magdalena Walig\u00f3ra m\u0105\u017c Stanis\u0142aw syn Tadeusz<\/p>\n<p>&nbsp;<\/p>\n<p><strong><u>PONIEDZIA\u0141EK 17.II. 2025r<\/u><\/strong><\/p>\n<p><strong><u>\u00a0<\/u><\/strong><\/p>\n<p>Godz.\u00a0 17 &#8211; \u00a0\u00a0\u00a0\u00a0\u00a0\u00a0\u00a0+ Stanis\u0142aw G\u00f3ra w 1r. \u015bmierci<\/p>\n<p>&nbsp;<\/p>\n<p><strong><u>WTOREK\u00a0 18.II. 2025r.<\/u><\/strong><\/p>\n<p>&nbsp;<\/p>\n<p>Godz. 7:00 &#8211;\u00a0\u00a0 \u00a0\u00a0\u00a0\u00a0\u00a0\u00a0W intencji parafii<\/p>\n<p><strong><u>\u00a0<\/u><\/strong><\/p>\n<p><strong><u>\u015aRODA\u00a0 19.II. 2025r.<\/u><\/strong><\/p>\n<p>&nbsp;<\/p>\n<p>Godz. 17\u00a0\u00a0 \u00a0&#8211; \u00a0\u00a0\u00a0\u00a0\u00a0\u00a0\u00a0\u00a0W pewnej intencji<\/p>\n<p><strong><u>\u00a0<\/u><\/strong><\/p>\n<p><strong><u>CZWARTEK\u00a0 20.II. 2025r.<\/u><\/strong><\/p>\n<p><strong><u>\u00a0<\/u><\/strong><\/p>\n<p>Godz.7:00 \u00a0&#8211;\u00a0\u00a0 + \u00a0\u00a0J\u00f3zef S\u0142owik w 8r. \u015bmierci<\/p>\n<p>&nbsp;<\/p>\n<p><strong><u>PI\u0104TEK\u00a0 21.II. 2025r.<\/u><\/strong><\/p>\n<p>&nbsp;<\/p>\n<p>Godz. 17 \u00a0\u00a0&#8211;\u00a0\u00a0 \u00a0\u00a0\u00a0\u00a0\u00a0\u00a0\u00a0Do Bo\u017cego Mi\u0142osierdzia<\/p>\n<p><strong><u>\u00a0<\/u><\/strong><\/p>\n<p><strong><u>SOBOTA 22.II. 2025r.<\/u><\/strong><\/p>\n<p><strong><u>\u00a0<\/u><\/strong><\/p>\n<p>Godz. 17 &#8211;\u00a0\u00a0\u00a0\u00a0\u00a0\u00a0 + Maria Walig\u00f3ra<\/p>\n<p><strong><u>\u00a0<\/u><\/strong><\/p>\n<p><strong><u>NIEDZIELA 23.II. 2025r.<\/u><\/strong><\/p>\n<p>&nbsp;<\/p>\n<p>Godz.8:00 &#8211; \u00a0\u00a0\u00a0++ Jan i Wiktoria G\u00f3ra<\/p>\n<p>&nbsp;<\/p>\n<p>Godz. 10 \u00a0\u00a0&#8211;\u00a0\u00a0\u00a0 ++ Mateusz i Rozalia\u00a0 Cudzichowie<\/p>\n<p>&nbsp;<\/p>\n<p>Godz. 18 \u00a0\u00a0&#8211;\u00a0\u00a0\u00a0\u00a0\u00a0\u00a0 + Kazimierz Bia\u0142o\u0144 w 5 r. \u015bmierci<\/p>\n<p>&nbsp;<\/p>\n<p>&nbsp;<\/p>\n","protected":false},"excerpt":{"rendered":"<p>INTENCJE MSZY \u015aWI\u0118TYCH &nbsp; NIEDZIELA 16.II. 2025r. &nbsp; Godz. 8.00 &#8211;\u00a0 ++\u00a0 Maria i Karol Kaprakowie &nbsp; Godz 10.00 &#8211; \u00a0\u00a0\u00a0\u00a0\u00a0\u00a0\u00a0O zdrowie i b\u0142. Bo\u017ce dla Michasi Majdak w 1r. urodzin i jej rodzic\u00f3w &nbsp; Godz. 18\u00a0\u00a0\u00a0\u00a0 &#8211; \u00a0++ Magdalena Walig\u00f3ra m\u0105\u017c Stanis\u0142aw syn Tadeusz &nbsp; PONIEDZIA\u0141EK 17.II. 2025r \u00a0 Godz.\u00a0 17 &#8211; \u00a0\u00a0\u00a0\u00a0\u00a0\u00a0\u00a0+ Stanis\u0142aw [&hellip;]<\/p>\n","protected":false},"author":0,"featured_media":0,"comment_status":"closed","ping_status":"closed","sticky":false,"template":"","format":"standard","meta":{"ngg_post_thumbnail":0,"footnotes":""},"categories":[7],"tags":[],"class_list":["post-4049","post","type-post","status-publish","format-standard","hentry","category-intencje"],"aioseo_notices":[],"_links":{"self":[{"href":"https:\/\/parafiakrzyzowa.pl\/index.php?rest_route=\/wp\/v2\/posts\/4049","targetHints":{"allow":["GET"]}}],"collection":[{"href":"https:\/\/parafiakrzyzowa.pl\/index.php?rest_route=\/wp\/v2\/posts"}],"about":[{"href":"https:\/\/parafiakrzyzowa.pl\/index.php?rest_route=\/wp\/v2\/types\/post"}],"replies":[{"embeddable":true,"href":"https:\/\/parafiakrzyzowa.pl\/index.php?rest_route=%2Fwp%2Fv2%2Fcomments&post=4049"}],"version-history":[{"count":1,"href":"https:\/\/parafiakrzyzowa.pl\/index.php?rest_route=\/wp\/v2\/posts\/4049\/revisions"}],"predecessor-version":[{"id":4050,"href":"https:\/\/parafiakrzyzowa.pl\/index.php?rest_route=\/wp\/v2\/posts\/4049\/revisions\/4050"}],"wp:attachment":[{"href":"https:\/\/parafiakrzyzowa.pl\/index.php?rest_route=%2Fwp%2Fv2%2Fmedia&parent=4049"}],"wp:term":[{"taxonomy":"category","embeddable":true,"href":"https:\/\/parafiakrzyzowa.pl\/index.php?rest_route=%2Fwp%2Fv2%2Fcategories&post=4049"},{"taxonomy":"post_tag","embeddable":true,"href":"https:\/\/parafiakrzyzowa.pl\/index.php?rest_route=%2Fwp%2Fv2%2Ftags&post=4049"}],"curies":[{"name":"wp","href":"https:\/\/api.w.org\/{rel}","templated":true}]}}