{"id":4053,"date":"2025-02-22T12:33:05","date_gmt":"2025-02-22T12:33:05","guid":{"rendered":"https:\/\/parafiakrzyzowa.pl\/?p=4053"},"modified":"2025-02-22T12:33:11","modified_gmt":"2025-02-22T12:33:11","slug":"4053","status":"publish","type":"post","link":"https:\/\/parafiakrzyzowa.pl\/?p=4053","title":{"rendered":""},"content":{"rendered":"<p>Krzy\u017cowa 23.II. 2025 r.<\/p>\n<p>&nbsp;<\/p>\n<p>&nbsp;<\/p>\n<p>&nbsp;<\/p>\n<p><strong><u>VII\u00a0 NIEDZIELA\u00a0\u00a0 ZWYK\u0141A<\/u><\/strong><\/p>\n<p>&nbsp;<\/p>\n<p>&nbsp;<\/p>\n<p>&nbsp;<\/p>\n<p>&nbsp;<\/p>\n<p>Zapraszam na codzienn\u0105 Msz\u0119 \u015bw. do naszego ko\u015bcio\u0142a. W \u015brod\u0119 jak zwykle r\u00f3\u017caniec o powr\u00f3t do zdrowia Ojca \u015bw. Franciszka \u00a0a potem Nowenna do Matki Bo\u017cej Nieustaj\u0105cej Pomocy.<\/p>\n<p>&nbsp;<\/p>\n<p>W sobot\u0119 bardzo serdecznie prosz\u0119 o modlitw\u0119 r\u00f3\u017ca\u0144cow\u0105 przed msz\u0105 \u015bw. za nasz\u0105 parafi\u0119 .<\/p>\n<p>&nbsp;<\/p>\n<p>&nbsp;<\/p>\n<p>W najbli\u017csz\u0105 niedziel\u0119 2 marca w naszej parafii b\u0119dziemy prze\u017cywali 40 godzinne nabo\u017ce\u0144stwo przed okresem Wielkiego Postu.\u00a0 Przez ca\u0142\u0105 niedziel\u0119 b\u0119dzie wystawiony Pan Jezus w Naj\u015bwi\u0119tszym Sakramencie . Najpierw po mszy \u015bw. o godz. 8:00 a p\u00f3\u017aniej po mszy \u015bw. o godz. 10 a\u017c do mszy \u015bw. wieczornej o godz. 18. Adoracja ma charakter prywatny nie prowadzimy g\u0142o\u015bnych modlitw ale przez ca\u0142\u0105 niedziel\u0119 indywidualnie b\u0105d\u017a w gronie rodzinnym przychodzimy do Pana Jezusa czyni\u0105c postanowienia wielkopostne i modl\u0105c si\u0119 w swoich prywatnych intencjach.<\/p>\n<p>&nbsp;<\/p>\n<p>&nbsp;<\/p>\n<p>Jeszcze raz bardzo dzi\u0119kuj\u0119 ca\u0142ej parafii za modlitw\u0119 w mojej intencji \u00a0\u00a0w czasie choroby.<\/p>\n<p>&nbsp;<\/p>\n<p>Zach\u0119cam do nabywana prasy katolickiej.<\/p>\n<p>&nbsp;<\/p>\n<p>&nbsp;<\/p>\n<p>Dzi\u0119kuj\u0119 za sprz\u0105tanie ko\u015bcio\u0142a w tym tygodniu, Nast\u0119pne sprz\u0105tanie b\u0119dzie w pi\u0105tek po mszy \u015bw. Sprz\u0105taj\u0105 Panie: Lucyna Krzy\u017cowska\u00a0 Renata G\u00f3ra \u00a0Maria Michalec i Katarzyna Cudzich<\/p>\n<p>Nie kupujemy kwiat\u00f3w<\/p>\n<p>&nbsp;<\/p>\n<p>&nbsp;<\/p>\n<p>W ostatnim tygodniu odesz\u0142a z naszej rodziny parafialnej do Pana po wieczn\u0105 nagrod\u0119 \u015bp. Maria \u00a0\u00a0Sordyl jedna z najstarszych naszych parafianek. Prze\u017cy\u0142a prawie 96 lat.\u00a0\u00a0 Wieczny odpoczynek racz \u00a0\u00a0\u00a0\u00a0jej da\u0107 Panie\u2026.<\/p>\n","protected":false},"excerpt":{"rendered":"<p>Krzy\u017cowa 23.II. 2025 r. &nbsp; &nbsp; &nbsp; VII\u00a0 NIEDZIELA\u00a0\u00a0 ZWYK\u0141A &nbsp; &nbsp; &nbsp; &nbsp; Zapraszam na codzienn\u0105 Msz\u0119 \u015bw. do naszego ko\u015bcio\u0142a. W \u015brod\u0119 jak zwykle r\u00f3\u017caniec o powr\u00f3t do zdrowia Ojca \u015bw. Franciszka \u00a0a potem Nowenna do Matki Bo\u017cej Nieustaj\u0105cej Pomocy. &nbsp; W sobot\u0119 bardzo serdecznie prosz\u0119 o modlitw\u0119 r\u00f3\u017ca\u0144cow\u0105 przed msz\u0105 \u015bw. za [&hellip;]<\/p>\n","protected":false},"author":0,"featured_media":0,"comment_status":"closed","ping_status":"closed","sticky":false,"template":"","format":"standard","meta":{"ngg_post_thumbnail":0,"footnotes":""},"categories":[3],"tags":[],"class_list":["post-4053","post","type-post","status-publish","format-standard","hentry","category-ogloszenia"],"aioseo_notices":[],"_links":{"self":[{"href":"https:\/\/parafiakrzyzowa.pl\/index.php?rest_route=\/wp\/v2\/posts\/4053","targetHints":{"allow":["GET"]}}],"collection":[{"href":"https:\/\/parafiakrzyzowa.pl\/index.php?rest_route=\/wp\/v2\/posts"}],"about":[{"href":"https:\/\/parafiakrzyzowa.pl\/index.php?rest_route=\/wp\/v2\/types\/post"}],"replies":[{"embeddable":true,"href":"https:\/\/parafiakrzyzowa.pl\/index.php?rest_route=%2Fwp%2Fv2%2Fcomments&post=4053"}],"version-history":[{"count":1,"href":"https:\/\/parafiakrzyzowa.pl\/index.php?rest_route=\/wp\/v2\/posts\/4053\/revisions"}],"predecessor-version":[{"id":4054,"href":"https:\/\/parafiakrzyzowa.pl\/index.php?rest_route=\/wp\/v2\/posts\/4053\/revisions\/4054"}],"wp:attachment":[{"href":"https:\/\/parafiakrzyzowa.pl\/index.php?rest_route=%2Fwp%2Fv2%2Fmedia&parent=4053"}],"wp:term":[{"taxonomy":"category","embeddable":true,"href":"https:\/\/parafiakrzyzowa.pl\/index.php?rest_route=%2Fwp%2Fv2%2Fcategories&post=4053"},{"taxonomy":"post_tag","embeddable":true,"href":"https:\/\/parafiakrzyzowa.pl\/index.php?rest_route=%2Fwp%2Fv2%2Ftags&post=4053"}],"curies":[{"name":"wp","href":"https:\/\/api.w.org\/{rel}","templated":true}]}}