{"id":4056,"date":"2025-02-22T12:33:46","date_gmt":"2025-02-22T12:33:46","guid":{"rendered":"https:\/\/parafiakrzyzowa.pl\/?p=4056"},"modified":"2025-02-22T12:33:50","modified_gmt":"2025-02-22T12:33:50","slug":"4056","status":"publish","type":"post","link":"https:\/\/parafiakrzyzowa.pl\/?p=4056","title":{"rendered":""},"content":{"rendered":"<p><strong><u>INTENCJE MSZY \u015aWI\u0118TYCH<\/u><\/strong><\/p>\n<p>&nbsp;<\/p>\n<p><strong><u>NIEDZIELA 23.II. 2025r.<\/u><\/strong><\/p>\n<p>&nbsp;<\/p>\n<p>Godz. 8.00 &#8211;\u00a0\u00a0 ++ Jan i Wiktoria G\u00f3ra<\/p>\n<p>&nbsp;<\/p>\n<p>Godz 10.00 &#8211; \u00a0\u00a0++ Maria Cudzich w 1r. \u015bmierci i rodzice Mateusz i Rozalia<\/p>\n<p>&nbsp;<\/p>\n<p>Godz. 18\u00a0\u00a0\u00a0\u00a0 &#8211; \u00a0\u00a0\u00a0\u00a0+ Kazimierz Bia\u0142o\u0144 w 5r. \u015bmierci<\/p>\n<p>&nbsp;<\/p>\n<p><strong><u>PONIEDZIA\u0141EK 24.II. 2025r<\/u><\/strong><\/p>\n<p><strong><u>\u00a0<\/u><\/strong><\/p>\n<p>Godz.\u00a0 17 &#8211; \u00a0\u00a0\u00a0\u00a0\u00a0\u00a0\u00a0+ J\u00f3zefa Bednarek w 2r. \u015bmierci<\/p>\n<p>&nbsp;<\/p>\n<p><strong><u>WTOREK\u00a0 25.II. 2025r.<\/u><\/strong><\/p>\n<p>&nbsp;<\/p>\n<p>&nbsp;<\/p>\n<p>Godz. 7:00 &#8211;\u00a0\u00a0 \u00a0\u00a0\u00a0\u00a0\u00a0\u00a0W intencji parafii<\/p>\n<p><strong><u>\u00a0<\/u><\/strong><\/p>\n<p><strong><u>\u015aRODA\u00a0 26.II. 2025r.<\/u><\/strong><\/p>\n<p>&nbsp;<\/p>\n<p>&nbsp;<\/p>\n<p>Godz. 17\u00a0\u00a0 \u00a0&#8211; \u00a0\u00a0\u00a0\u00a0\u00a0+ Jan P\u0142aza<\/p>\n<p><strong><u>\u00a0<\/u><\/strong><\/p>\n<p><strong><u>CZWARTEK\u00a0 27.II. 2025r.<\/u><\/strong><\/p>\n<p><strong><u>\u00a0<\/u><\/strong><\/p>\n<p>&nbsp;<\/p>\n<p>Godz.7:00 \u00a0&#8211;\u00a0\u00a0\u00a0\u00a0\u00a0 + Czes\u0142aw Bu\u0142ka<\/p>\n<p>&nbsp;<\/p>\n<p><strong><u>PI\u0104TEK\u00a0 28.II. 2025r.<\/u><\/strong><\/p>\n<p>&nbsp;<\/p>\n<p>&nbsp;<\/p>\n<p>Godz. 17 \u00a0\u00a0&#8211;\u00a0\u00a0 \u00a0\u00a0++ Anna i Jan Kami\u0144scy<\/p>\n<p><strong><u>\u00a0<\/u><\/strong><\/p>\n<p><strong><u>SOBOTA 1.III. 2025r.<\/u><\/strong><\/p>\n<p><strong><u>\u00a0<\/u><\/strong><\/p>\n<p>Godz. 17 &#8211;\u00a0\u00a0\u00a0\u00a0\u00a0\u00a0 ++ Maria Krzy\u017cowska m\u0105\u017c Franciszek<\/p>\n<p><strong><u>\u00a0<\/u><\/strong><\/p>\n<p><strong><u>NIEDZIELA 2.III. 2025r.<\/u><\/strong><\/p>\n<p>&nbsp;<\/p>\n<p>Godz.8:00 &#8211; \u00a0\u00a0\u00a0\u00a0++ W\u0142adys\u0142aw Pastor \u017cona Weronika syn Franciszek<\/p>\n<p>&nbsp;<\/p>\n<p>Godz. 10 \u00a0\u00a0&#8211;\u00a0\u00a0\u00a0 \u00a0++ Franciszek S\u0142owiaczek \u017cona Maria<\/p>\n<p>&nbsp;<\/p>\n<p>Godz. 18 \u00a0\u00a0&#8211;\u00a0\u00a0\u00a0\u00a0\u00a0\u00a0 + \u00a0Waleria Kormaniak w 12r. \u015bmierci<\/p>\n<p>&nbsp;<\/p>\n<p>&nbsp;<\/p>\n","protected":false},"excerpt":{"rendered":"<p>INTENCJE MSZY \u015aWI\u0118TYCH &nbsp; NIEDZIELA 23.II. 2025r. &nbsp; Godz. 8.00 &#8211;\u00a0\u00a0 ++ Jan i Wiktoria G\u00f3ra &nbsp; Godz 10.00 &#8211; \u00a0\u00a0++ Maria Cudzich w 1r. \u015bmierci i rodzice Mateusz i Rozalia &nbsp; Godz. 18\u00a0\u00a0\u00a0\u00a0 &#8211; \u00a0\u00a0\u00a0\u00a0+ Kazimierz Bia\u0142o\u0144 w 5r. \u015bmierci &nbsp; PONIEDZIA\u0141EK 24.II. 2025r \u00a0 Godz.\u00a0 17 &#8211; \u00a0\u00a0\u00a0\u00a0\u00a0\u00a0\u00a0+ J\u00f3zefa Bednarek w 2r. \u015bmierci [&hellip;]<\/p>\n","protected":false},"author":0,"featured_media":0,"comment_status":"closed","ping_status":"closed","sticky":false,"template":"","format":"standard","meta":{"ngg_post_thumbnail":0,"footnotes":""},"categories":[7],"tags":[],"class_list":["post-4056","post","type-post","status-publish","format-standard","hentry","category-intencje"],"aioseo_notices":[],"_links":{"self":[{"href":"https:\/\/parafiakrzyzowa.pl\/index.php?rest_route=\/wp\/v2\/posts\/4056","targetHints":{"allow":["GET"]}}],"collection":[{"href":"https:\/\/parafiakrzyzowa.pl\/index.php?rest_route=\/wp\/v2\/posts"}],"about":[{"href":"https:\/\/parafiakrzyzowa.pl\/index.php?rest_route=\/wp\/v2\/types\/post"}],"replies":[{"embeddable":true,"href":"https:\/\/parafiakrzyzowa.pl\/index.php?rest_route=%2Fwp%2Fv2%2Fcomments&post=4056"}],"version-history":[{"count":1,"href":"https:\/\/parafiakrzyzowa.pl\/index.php?rest_route=\/wp\/v2\/posts\/4056\/revisions"}],"predecessor-version":[{"id":4057,"href":"https:\/\/parafiakrzyzowa.pl\/index.php?rest_route=\/wp\/v2\/posts\/4056\/revisions\/4057"}],"wp:attachment":[{"href":"https:\/\/parafiakrzyzowa.pl\/index.php?rest_route=%2Fwp%2Fv2%2Fmedia&parent=4056"}],"wp:term":[{"taxonomy":"category","embeddable":true,"href":"https:\/\/parafiakrzyzowa.pl\/index.php?rest_route=%2Fwp%2Fv2%2Fcategories&post=4056"},{"taxonomy":"post_tag","embeddable":true,"href":"https:\/\/parafiakrzyzowa.pl\/index.php?rest_route=%2Fwp%2Fv2%2Ftags&post=4056"}],"curies":[{"name":"wp","href":"https:\/\/api.w.org\/{rel}","templated":true}]}}