{"id":406,"date":"2016-03-12T13:27:50","date_gmt":"2016-03-12T13:27:50","guid":{"rendered":"http:\/\/mscieszka.nazwa.pl\/parafiakrzyzowa\/?p=406"},"modified":"2016-03-12T13:36:41","modified_gmt":"2016-03-12T13:36:41","slug":"v-niedziela-wielkiego-postu","status":"publish","type":"post","link":"https:\/\/parafiakrzyzowa.pl\/?p=406","title":{"rendered":"V  NIEDZIELA WIELKIEGO POSTU"},"content":{"rendered":"<p><strong>\u00a0\u00a0\u00a0\u00a0\u00a0\u00a0\u00a0\u00a0\u00a0\u00a0\u00a0\u00a0\u00a0\u00a0\u00a0\u00a0\u00a0\u00a0\u00a0 \u00a0<\/strong><strong>\u00a0<u>V\u00a0 NIEDZIELA WIELKIEGO POSTU<\/u><\/strong><\/p>\n<p>&nbsp;<\/p>\n<p>Jeszcze dzi\u015b po mszy \u015bwi\u0119tej o godz. 8:00 Droga krzy\u017cowa dla tych , kt\u00f3rzy nie mog\u0105 uczestniczy\u0107 w tym nabo\u017ce\u0144stwie w pi\u0105tek.<\/p>\n<p>Zapraszam r\u00f3wnie\u017c dzi\u015b na Gorzkie \u017bale z kazaniem pasyjnym o godz. 17:30 . Po Gorzkich \u017balach msza \u015bwi\u0119ta bez kazania.<\/p>\n<p>W pi\u0105tek Droga krzy\u017cowa\u00a0 \u00a0dla dzieci o godz. 16:30 a dla m\u0142odzie\u017cy i starszych o godz. 17:30.. Zapraszam serdecznie.<\/p>\n<p>&nbsp;<\/p>\n<p>Dzi\u0119kuj\u0119 za sprz\u0105tanie ko\u015bcio\u0142a w tym tygodniu. nast\u0119pne sprz\u0105tanie b\u0119dzie<\/p>\n<p>w sobot\u0119 po wieczornej mszy \u015bwi\u0119tej. Nie kupujemy kwiat\u00f3w.<\/p>\n<p>Zach\u0119cam do nabywania prasy katolickiej .<\/p>\n<p>Mo\u017cna sk\u0142ada\u0107 ofiary na kwiaty do Grobu Pana Jezusa i jako ja\u0142mu\u017cn\u0119 postn\u0105<\/p>\n<p>Dzi\u015b Rada Duszpasterska b\u0119dzie zbiera\u0142a ofiary na nasze prace przy ko\u015bciele.<\/p>\n<p>Za ka\u017cd\u0105 ofiar\u0119 sk\u0142adamy B\u00f3g zap\u0142a\u0107.<\/p>\n<p>W najbli\u017csz\u0105 \u015brod\u0119 b\u0119d\u0119 je\u017adzi\u0142 do chorych i senior\u00f3w ze spowiedzi\u0105 i Panem Jezusem. Prosz\u0119 zapisywa\u0107 w zakrystii tylko tych do kt\u00f3rych nie je\u017cd\u017c\u0119 na I pi\u0105tki miesi\u0105ca. Bardzo prosz\u0119 przygotowa\u0107 swoich starszych rodzic\u00f3w na przyj\u0119cie sakramentu chorych.<\/p>\n<p>Dzi\u0119kuj\u0119 Panu Franciszkowi Mrowcowi za wymalowanie prezbiterium naszego ko\u015bcio\u0142a. W tym tygodniu dalszy ci\u0105g malowania naszej \u015bwi\u0105tyni.<\/p>\n<p>Dzi\u0119kuj\u0119 P. Katarzynie i Piotrowi Witasom za pomoc w go\u015bcinie braci zakonnych z Belgii i t\u0142umaczki .<\/p>\n<p>Najbli\u017csza niedziela to Niedziela Palmowa i rozpocz\u0119cie Wielkiego Tygodnia. Na pami\u0105tk\u0119 wjazdu Pana Jezusa do Jerozolimy na swoj\u0105 m\u0119k\u0119 na mszy \u015bw. o godz. 11 przed ko\u015bcio\u0142em po\u015bwi\u0119cimy palmy i w procesji wejdziemy do ko\u015bcio\u0142a. Po mszy \u015bwi\u0119tej wybierzemy 5 najpi\u0119kniejszych palm i wr\u0119czymy nagrody . Bardzo prosz\u0119 , aby dzieci w tym tygodniu przygotowa\u0142y pi\u0119kne palmy.<\/p>\n<p>Jutro po wieczornej mszy \u015bwi\u0119tej o godz. 18:00 spotkanie wszystkich lektor\u00f3w \u00a0i lektorek naszej parafii. Obecno\u015b\u0107 obowi\u0105zkowa.<\/p>\n<p>Adres strony internetowej naszej parafii\u00a0 www.parafiakrzyzowa.pl<\/p>\n<p>W ostatnim tygodniu odszed\u0142 z naszej rodziny parafialnej do Pana \u015bp. Tadeusz Walig\u00f3ra.\u00a0\u00a0\u00a0 wieczny odpoczynek racz mu da\u0107 Panie\u2026\u2026\u2026<\/p>\n<p>&nbsp;<\/p>\n","protected":false},"excerpt":{"rendered":"<p>\u00a0\u00a0\u00a0\u00a0\u00a0\u00a0\u00a0\u00a0\u00a0\u00a0\u00a0\u00a0\u00a0\u00a0\u00a0\u00a0\u00a0\u00a0\u00a0 \u00a0\u00a0V\u00a0 NIEDZIELA WIELKIEGO POSTU &nbsp; Jeszcze dzi\u015b po mszy \u015bwi\u0119tej o godz. 8:00 Droga krzy\u017cowa dla tych , kt\u00f3rzy nie mog\u0105 uczestniczy\u0107 w tym nabo\u017ce\u0144stwie w pi\u0105tek. Zapraszam r\u00f3wnie\u017c dzi\u015b na Gorzkie \u017bale z kazaniem pasyjnym o godz. 17:30 . Po Gorzkich \u017balach msza \u015bwi\u0119ta bez kazania. W pi\u0105tek Droga krzy\u017cowa\u00a0 \u00a0dla dzieci o [&hellip;]<\/p>\n","protected":false},"author":3,"featured_media":0,"comment_status":"closed","ping_status":"open","sticky":false,"template":"","format":"standard","meta":{"ngg_post_thumbnail":0,"footnotes":""},"categories":[3],"tags":[],"class_list":["post-406","post","type-post","status-publish","format-standard","hentry","category-ogloszenia"],"aioseo_notices":[],"_links":{"self":[{"href":"https:\/\/parafiakrzyzowa.pl\/index.php?rest_route=\/wp\/v2\/posts\/406","targetHints":{"allow":["GET"]}}],"collection":[{"href":"https:\/\/parafiakrzyzowa.pl\/index.php?rest_route=\/wp\/v2\/posts"}],"about":[{"href":"https:\/\/parafiakrzyzowa.pl\/index.php?rest_route=\/wp\/v2\/types\/post"}],"author":[{"embeddable":true,"href":"https:\/\/parafiakrzyzowa.pl\/index.php?rest_route=\/wp\/v2\/users\/3"}],"replies":[{"embeddable":true,"href":"https:\/\/parafiakrzyzowa.pl\/index.php?rest_route=%2Fwp%2Fv2%2Fcomments&post=406"}],"version-history":[{"count":4,"href":"https:\/\/parafiakrzyzowa.pl\/index.php?rest_route=\/wp\/v2\/posts\/406\/revisions"}],"predecessor-version":[{"id":410,"href":"https:\/\/parafiakrzyzowa.pl\/index.php?rest_route=\/wp\/v2\/posts\/406\/revisions\/410"}],"wp:attachment":[{"href":"https:\/\/parafiakrzyzowa.pl\/index.php?rest_route=%2Fwp%2Fv2%2Fmedia&parent=406"}],"wp:term":[{"taxonomy":"category","embeddable":true,"href":"https:\/\/parafiakrzyzowa.pl\/index.php?rest_route=%2Fwp%2Fv2%2Fcategories&post=406"},{"taxonomy":"post_tag","embeddable":true,"href":"https:\/\/parafiakrzyzowa.pl\/index.php?rest_route=%2Fwp%2Fv2%2Ftags&post=406"}],"curies":[{"name":"wp","href":"https:\/\/api.w.org\/{rel}","templated":true}]}}