{"id":4060,"date":"2025-03-01T08:03:15","date_gmt":"2025-03-01T08:03:15","guid":{"rendered":"https:\/\/parafiakrzyzowa.pl\/?p=4060"},"modified":"2025-03-01T08:03:19","modified_gmt":"2025-03-01T08:03:19","slug":"4060","status":"publish","type":"post","link":"https:\/\/parafiakrzyzowa.pl\/?p=4060","title":{"rendered":""},"content":{"rendered":"<p>Krzy\u017cowa 2.III. 2025 r.<\/p>\n<p>&nbsp;<\/p>\n<p>&nbsp;<\/p>\n<p>&nbsp;<\/p>\n<p><strong><u>VIII\u00a0 NIEDZIELA\u00a0\u00a0 ZWYK\u0141A<\/u><\/strong><\/p>\n<p>&nbsp;<\/p>\n<p>&nbsp;<\/p>\n<p>Dzi\u015b przypada I niedziela miesi\u0105ca. Po ka\u017cdej mszy \u015bw. b\u0119dzie adoracja Pana Jezusa w Naj\u015bwi\u0119tszym Sakramencie. W naszej parafii odprawiamy nabo\u017ce\u0144stwo 40 godzinne prze okresem Wielkiego Postu. Przez ca\u0142\u0105 niedziel\u0119 b\u0119dzie wystawiony Pan Jezus w Naj\u015bwi\u0119tszym Sakramencie. Zapraszam bardzo serdecznie ca\u0142\u0105 parafi\u0119 na prywatn\u0105 adoracj\u0119 na czynienie postanowie\u0144 wielkopostnych i na modlitw\u0119 w r\u00f3\u017cnych intencjach r\u00f3wnie\u017c za Ojca \u015bw. Franciszka.<\/p>\n<p>&nbsp;<\/p>\n<p>Od jutra msze \u015bw. w poniedzia\u0142ki \u015brody pi\u0105tki i soboty b\u0119d\u0105 odprawiane o godz. 18.<\/p>\n<p>W \u015brod\u0119 przypada Popielec . Msze \u015bw. b\u0119d\u0105 o godz. 8:00 i 18 wieczorem. Na mszach \u015bw. posypanie g\u0142\u00f3w popio\u0142em na pocz\u0105tek Wielkiego Postu . W \u015brod\u0119 popielcow\u0105 obowi\u0105zuje post \u015bcis\u0142y czyli ilo\u015bciowo \u2013 jako\u015bciowy.<\/p>\n<p>&nbsp;<\/p>\n<p>W tym tygodniu przypada I czwartek i I pi\u0105tek miesi\u0105ca. Spowied\u017a \u015bw. we czwartek od 17 do 18.\u00a0 \u00a0 \u00a0 \u00a0a w pi\u0105tek spowied\u017a \u015bw. od 16:30 do 17:30\u2019 O godz. 17:30 b\u0119dzie pierwsza Droga Krzy\u017cowa.\u00a0 \u00a0 \u00a0 \u00a0 \u00a0 \u00a0 W czasie Wielkiego Postu Droga Krzy\u017cowa b\u0119dzie r\u00f3wnie\u017c w ka\u017cd\u0105 niedziel\u0119 po mszy \u015bw. o godz. 8:0 . Zapraszam bardzo serdecznie ca\u0142\u0105 parafi\u0119 do uczestnictwa w nabo\u017ce\u0144stwach pasyjnych \u00a0czyli Drodze Krzy\u017cowej i w niedziele w Gorzkich \u017balach. Bardzo prosz\u0119 o postanowienia wielkopostne\u00a0 \u00a0 \u00a0a zw\u0142aszcza o trze\u017awo\u015b\u0107 w naszej Parafii.\u00a0 \u00a0W tym roku kazania pasyjne b\u0119d\u0105 g\u0142osi\u0107\u00a0 \u00a0 \u00a0 \u00a0 \u00a0 \u00a0 \u00a0 \u00a0 \u00a0 \u00a0 \u00a0 \u00a0 \u00a0OO. Franciszkanie z Koszarawy Bystrej.\u00a0 \u00a0 \u00a0 \u00a0 \u00a0 \u00a0 \u00a0 \u00a0 \u00a0 \u00a0 \u00a0 \u00a0 \u00a0 \u00a0 \u00a0 \u00a0 \u00a0 \u00a0 \u00a0 \u00a0 \u00a0 \u00a0 \u00a0 \u00a0 \u00a0 \u00a0 \u00a0 \u00a0 \u00a0 \u00a0 \u00a0 \u00a0 \u00a0 \u00a0 \u00a0 \u00a0 \u00a0 \u00a0 \u00a0 \u00a0 \u00a0 \u00a0 \u00a0 \u00a0 \u00a0 \u00a0 \u00a0 \u00a0 \u00a0 \u00a0Wizyta u chorych i senior\u00f3w w pi\u0105tek od godz. 9:00.<\/p>\n<p>&nbsp;<\/p>\n<p>Zapraszam na codzienn\u0105 Msz\u0119 \u015bw. do naszego ko\u015bcio\u0142a. W \u015brod\u0119 jak zwykle r\u00f3\u017caniec o powr\u00f3t do zdrowia Ojca \u015bw. Franciszka \u00a0a potem Nowenna do Matki Bo\u017cej Nieustaj\u0105cej Pomocy.<\/p>\n<p>&nbsp;<\/p>\n<p>Zach\u0119cam do nabywana prasy katolickiej. Jest Go\u015b\u0107 niedzielny Drogi Misyjne\u00a0 a w przedsionku Dobre Nowiny.<\/p>\n<p>&nbsp;<\/p>\n<p>&nbsp;<\/p>\n<p>Dzi\u0119kuj\u0119 za sprz\u0105tanie ko\u015bcio\u0142a w tym tygodniu, Nast\u0119pne sprz\u0105tanie b\u0119dzie w pi\u0105tek po mszy \u015bw. Sprz\u0105taj\u0105 Panie: Anna Wylecia\u0142 Stanis\u0142awa Pastor\u00a0 Agata Spyrka i Teresa Kormaniak<\/p>\n<p>Nie kupujemy kwiat\u00f3w<\/p>\n<p>&nbsp;<\/p>\n<p>W poniedzia\u0142ek o godz. 16 spotkanie z dzie\u0107mi z klasy III na plebanii<\/p>\n<p>&nbsp;<\/p>\n<p>W \u015brod\u0119 po mszy \u015bw. o godz. 18 spotkanie z rodzicami dzieci z klasy III<\/p>\n<p>&nbsp;<\/p>\n<p>Kalendarz liturgiczny<\/p>\n<p>&nbsp;<\/p>\n<p>Wtorek \u2013 \u015bwi\u0119to \u015bw. Kazimierza kr\u00f3lewicza<\/p>\n<p>\u015aroda &#8211; Popielec<\/p>\n","protected":false},"excerpt":{"rendered":"<p>Krzy\u017cowa 2.III. 2025 r. &nbsp; &nbsp; &nbsp; VIII\u00a0 NIEDZIELA\u00a0\u00a0 ZWYK\u0141A &nbsp; &nbsp; Dzi\u015b przypada I niedziela miesi\u0105ca. Po ka\u017cdej mszy \u015bw. b\u0119dzie adoracja Pana Jezusa w Naj\u015bwi\u0119tszym Sakramencie. W naszej parafii odprawiamy nabo\u017ce\u0144stwo 40 godzinne prze okresem Wielkiego Postu. Przez ca\u0142\u0105 niedziel\u0119 b\u0119dzie wystawiony Pan Jezus w Naj\u015bwi\u0119tszym Sakramencie. Zapraszam bardzo serdecznie ca\u0142\u0105 parafi\u0119 na [&hellip;]<\/p>\n","protected":false},"author":0,"featured_media":0,"comment_status":"closed","ping_status":"closed","sticky":false,"template":"","format":"standard","meta":{"ngg_post_thumbnail":0,"footnotes":""},"categories":[3],"tags":[],"class_list":["post-4060","post","type-post","status-publish","format-standard","hentry","category-ogloszenia"],"aioseo_notices":[],"_links":{"self":[{"href":"https:\/\/parafiakrzyzowa.pl\/index.php?rest_route=\/wp\/v2\/posts\/4060","targetHints":{"allow":["GET"]}}],"collection":[{"href":"https:\/\/parafiakrzyzowa.pl\/index.php?rest_route=\/wp\/v2\/posts"}],"about":[{"href":"https:\/\/parafiakrzyzowa.pl\/index.php?rest_route=\/wp\/v2\/types\/post"}],"replies":[{"embeddable":true,"href":"https:\/\/parafiakrzyzowa.pl\/index.php?rest_route=%2Fwp%2Fv2%2Fcomments&post=4060"}],"version-history":[{"count":1,"href":"https:\/\/parafiakrzyzowa.pl\/index.php?rest_route=\/wp\/v2\/posts\/4060\/revisions"}],"predecessor-version":[{"id":4061,"href":"https:\/\/parafiakrzyzowa.pl\/index.php?rest_route=\/wp\/v2\/posts\/4060\/revisions\/4061"}],"wp:attachment":[{"href":"https:\/\/parafiakrzyzowa.pl\/index.php?rest_route=%2Fwp%2Fv2%2Fmedia&parent=4060"}],"wp:term":[{"taxonomy":"category","embeddable":true,"href":"https:\/\/parafiakrzyzowa.pl\/index.php?rest_route=%2Fwp%2Fv2%2Fcategories&post=4060"},{"taxonomy":"post_tag","embeddable":true,"href":"https:\/\/parafiakrzyzowa.pl\/index.php?rest_route=%2Fwp%2Fv2%2Ftags&post=4060"}],"curies":[{"name":"wp","href":"https:\/\/api.w.org\/{rel}","templated":true}]}}