{"id":4124,"date":"2025-03-28T15:45:48","date_gmt":"2025-03-28T15:45:48","guid":{"rendered":"https:\/\/parafiakrzyzowa.pl\/?p=4124"},"modified":"2025-03-28T15:46:03","modified_gmt":"2025-03-28T15:46:03","slug":"4124","status":"publish","type":"post","link":"https:\/\/parafiakrzyzowa.pl\/?p=4124","title":{"rendered":""},"content":{"rendered":"<p>Krzy\u017cowa 30.III. 2025 r.<\/p>\n<p><strong><u>IV NIEDZIELA WIELKIEGO POSTU<\/u><\/strong><\/p>\n<p>Rozpoczynamy dzisiaj rekolekcje wielkopostne. Witam bardzo serdecznie O. Tytusa franciszkanina\u00a0 z Koszarawy kt\u00f3ry b\u0119dzie g\u0142osi\u0142 nauki rekolekcyjne. \u017byczymy Ojcu \u015bwiat\u0142a Ducha \u015awi\u0119tego i du\u017co zdrowia w prowadzeniu nas drogami Ewangelii.<\/p>\n<p>Oto program rekolekcji na dzisiaj i jutro.<\/p>\n<p>Po mszy \u015bwi\u0119tej o godz. 8:00 Droga Krzy\u017cowa dla tych kt\u00f3rzy nie mog\u0105 uczestniczy\u0107 w tym nabo\u017ce\u0144stwie w pi\u0105tek\u2019<\/p>\n<p>R\u00f3wnie\u017c dzisiaj o godz. 17:15 pierwsze Gorzkie \u017bale z kazaniem pasyjnym . Bardzo serdecznie zapraszam ca\u0142\u0105 parafi\u0119. Po Gorzkich \u017balach msza \u015bw. o godz. 18 .<\/p>\n<p>W tym tygodniu przypada I czwartek pi\u0105tek i sobota miesi\u0105ca. Spowied\u017a \u015bw\/ b\u0119dzie w pi\u0105tek od godz. 16:30 do 17:30. Po mszy \u015bw. nabo\u017ce\u0144stwo do Serca Jezusowego.<\/p>\n<p>We czwartek msza \u015bw. o god. 18 a po mszy \u015bw. Godzina \u015awi\u0119ta.<\/p>\n<p>W pi\u0105tek Droga Krzy\u017cowa o godz. 17:30 dla wszystkich czyli starszych parafian dzieci i m\u0142odzie\u017cy.<\/p>\n<p>W pi\u0105tek nie b\u0119dzie wizyty u senior\u00f3w do kt\u00f3rych b\u0119d\u0119 je\u017adzi\u0142 z Panem Jezusem w Wielkim Tygodniu.<\/p>\n<p>Zach\u0119cam do nabywana prasy katolickiej.<\/p>\n<p>Na stoliku z gazetami jest wystawiona skarbona na ofiary na kwiaty do Grobu Pana Jezusa<\/p>\n<p>Dzi\u0119kuj\u0119 za sprz\u0105tanie ko\u015bcio\u0142a w tym tygodniu, Nast\u0119pne sprz\u0105tanie b\u0119dzie w pi\u0105tek po mszy \u015bw. Sprz\u0105taj\u0105 Panie: Halina Pastor El\u017cbieta Cudzich Teresa Kaprak i Danuta Kuglarz<\/p>\n<p>Nie kupujemy kwiat\u00f3w<\/p>\n<p>W poniedzia\u0142ek o godz. 15:30 spotkanie z dzie\u0107mi z klasy III na plebanii<\/p>\n","protected":false},"excerpt":{"rendered":"<p>Krzy\u017cowa 30.III. 2025 r. IV NIEDZIELA WIELKIEGO POSTU Rozpoczynamy dzisiaj rekolekcje wielkopostne. Witam bardzo serdecznie O. Tytusa franciszkanina\u00a0 z Koszarawy kt\u00f3ry b\u0119dzie g\u0142osi\u0142 nauki rekolekcyjne. \u017byczymy Ojcu \u015bwiat\u0142a Ducha \u015awi\u0119tego i du\u017co zdrowia w prowadzeniu nas drogami Ewangelii. Oto program rekolekcji na dzisiaj i jutro. Po mszy \u015bwi\u0119tej o godz. 8:00 Droga Krzy\u017cowa dla tych [&hellip;]<\/p>\n","protected":false},"author":3,"featured_media":0,"comment_status":"closed","ping_status":"closed","sticky":false,"template":"","format":"standard","meta":{"ngg_post_thumbnail":0,"footnotes":""},"categories":[3],"tags":[],"class_list":["post-4124","post","type-post","status-publish","format-standard","hentry","category-ogloszenia"],"aioseo_notices":[],"_links":{"self":[{"href":"https:\/\/parafiakrzyzowa.pl\/index.php?rest_route=\/wp\/v2\/posts\/4124","targetHints":{"allow":["GET"]}}],"collection":[{"href":"https:\/\/parafiakrzyzowa.pl\/index.php?rest_route=\/wp\/v2\/posts"}],"about":[{"href":"https:\/\/parafiakrzyzowa.pl\/index.php?rest_route=\/wp\/v2\/types\/post"}],"author":[{"embeddable":true,"href":"https:\/\/parafiakrzyzowa.pl\/index.php?rest_route=\/wp\/v2\/users\/3"}],"replies":[{"embeddable":true,"href":"https:\/\/parafiakrzyzowa.pl\/index.php?rest_route=%2Fwp%2Fv2%2Fcomments&post=4124"}],"version-history":[{"count":2,"href":"https:\/\/parafiakrzyzowa.pl\/index.php?rest_route=\/wp\/v2\/posts\/4124\/revisions"}],"predecessor-version":[{"id":4126,"href":"https:\/\/parafiakrzyzowa.pl\/index.php?rest_route=\/wp\/v2\/posts\/4124\/revisions\/4126"}],"wp:attachment":[{"href":"https:\/\/parafiakrzyzowa.pl\/index.php?rest_route=%2Fwp%2Fv2%2Fmedia&parent=4124"}],"wp:term":[{"taxonomy":"category","embeddable":true,"href":"https:\/\/parafiakrzyzowa.pl\/index.php?rest_route=%2Fwp%2Fv2%2Fcategories&post=4124"},{"taxonomy":"post_tag","embeddable":true,"href":"https:\/\/parafiakrzyzowa.pl\/index.php?rest_route=%2Fwp%2Fv2%2Ftags&post=4124"}],"curies":[{"name":"wp","href":"https:\/\/api.w.org\/{rel}","templated":true}]}}