{"id":420,"date":"2016-03-19T13:30:04","date_gmt":"2016-03-19T13:30:04","guid":{"rendered":"http:\/\/mscieszka.nazwa.pl\/parafiakrzyzowa\/?p=420"},"modified":"2016-03-19T13:30:04","modified_gmt":"2016-03-19T13:30:04","slug":"420","status":"publish","type":"post","link":"https:\/\/parafiakrzyzowa.pl\/?p=420","title":{"rendered":""},"content":{"rendered":"<p><strong><u>INTENCJE\u00a0 MSZY \u00a0\u015aWI\u0118TYCH<\/u><\/strong><\/p>\n<p><strong><u>NIEDZIELA 20.III. 2016r.<\/u><\/strong><\/p>\n<p>Godz. 8:00 &#8211; ++ Wiktoria Wrzeszcz m\u0105\u017c J\u00f3zef<\/p>\n<p>Godz. 11\u00a0\u00a0 \u00a0&#8211;\u00a0\u00a0 +\u00a0 Jan Michalec w 7r. \u015bmierci<\/p>\n<p>Godz. 18\u00a0 \u00a0\u00a0&#8211;\u00a0\u00a0 + Jozef J\u0119drzejas<\/p>\n<p><strong><u>PONIEDZIA\u0141EK 21. III. 2016r.<\/u><\/strong><\/p>\n<p>Godz. 18\u00a0\u00a0\u00a0 &#8211; \u00a0\u00a0\u00a0+ J\u00f3zefa Malinowska<\/p>\n<p><strong><u>WTOREK<\/u><\/strong><strong><u> 22.III.2016r.<\/u><\/strong><\/p>\n<p>Godz. 7:00 &#8211; \u00a0\u00a0\u00a0+ Tadeusz Walig\u00f3ra<\/p>\n<p><strong><u>\u015aRODA 23. III. 2016r.<\/u><\/strong><\/p>\n<p>Godz. 18\u00a0\u00a0\u00a0 &#8211; \u00a0++ Jan i Rozalia Sporek w r. \u015bmierci<\/p>\n<p><strong><u>WIELKI CZWARTEK 24.III. 2016r.<\/u><\/strong><\/p>\n<p>Godz. 18\u00a0 \u00a0&#8211; \u00a0\u00a0\u00a0\u00a0\u00a0\u00a0\u00a0\u00a0MSZA WIECZERZY PA\u0143SKIEJ<\/p>\n<p><strong><u>WIELKI PI\u0104TEK 25 .III. 2016r.<\/u><\/strong><\/p>\n<p>Godz.18\u00a0\u00a0\u00a0 &#8211;\u00a0 \u00a0\u00a0\u00a0\u00a0\u00a0\u00a0\u00a0\u00a0OBRZ\u0118DY WIELKIEGO PI\u0104TKU<\/p>\n<p><strong><u>WIELKA SOBOTA 26. III. 2016r.<\/u><\/strong><\/p>\n<p>Godz.18\u00a0 \u00a0\u00a0\u00a0&#8211;\u00a0 \u00a0\u00a0\u00a0\u00a0\u00a0\u00a0\u00a0WIGILIA PASCHALNA<\/p>\n<p><strong><u>NIEDZIELA ZMARTWYCHSTANIA PA\u0143SKIEGO 27. III 2016r.\u00a0<\/u><\/strong><\/p>\n<p>Godz.7:00 &#8211; \u00a0REZUREKCJA<\/p>\n<p>+ Franciszek Pastor w 10r. \u015bmierci<\/p>\n<p>Godz.11 \u00a0\u00a0\u00a0&#8211; \u00a0+ Pawe\u0142 Witas w 12r. \u015bmierci<\/p>\n<p>Godz.18\u00a0 \u00a0\u00a0&#8211;\u00a0\u00a0\u00a0\u00a0\u00a0 W intencji Parafian<\/p>\n<p>&nbsp;<\/p>\n<p>&nbsp;<\/p>\n<p>&nbsp;<\/p>\n","protected":false},"excerpt":{"rendered":"<p>INTENCJE\u00a0 MSZY \u00a0\u015aWI\u0118TYCH NIEDZIELA 20.III. 2016r. Godz. 8:00 &#8211; ++ Wiktoria Wrzeszcz m\u0105\u017c J\u00f3zef Godz. 11\u00a0\u00a0 \u00a0&#8211;\u00a0\u00a0 +\u00a0 Jan Michalec w 7r. \u015bmierci Godz. 18\u00a0 \u00a0\u00a0&#8211;\u00a0\u00a0 + Jozef J\u0119drzejas PONIEDZIA\u0141EK 21. III. 2016r. Godz. 18\u00a0\u00a0\u00a0 &#8211; \u00a0\u00a0\u00a0+ J\u00f3zefa Malinowska WTOREK 22.III.2016r. Godz. 7:00 &#8211; \u00a0\u00a0\u00a0+ Tadeusz Walig\u00f3ra \u015aRODA 23. III. 2016r. Godz. 18\u00a0\u00a0\u00a0 &#8211; \u00a0++ [&hellip;]<\/p>\n","protected":false},"author":3,"featured_media":0,"comment_status":"closed","ping_status":"open","sticky":false,"template":"","format":"standard","meta":{"ngg_post_thumbnail":0,"footnotes":""},"categories":[7],"tags":[],"class_list":["post-420","post","type-post","status-publish","format-standard","hentry","category-intencje"],"aioseo_notices":[],"_links":{"self":[{"href":"https:\/\/parafiakrzyzowa.pl\/index.php?rest_route=\/wp\/v2\/posts\/420","targetHints":{"allow":["GET"]}}],"collection":[{"href":"https:\/\/parafiakrzyzowa.pl\/index.php?rest_route=\/wp\/v2\/posts"}],"about":[{"href":"https:\/\/parafiakrzyzowa.pl\/index.php?rest_route=\/wp\/v2\/types\/post"}],"author":[{"embeddable":true,"href":"https:\/\/parafiakrzyzowa.pl\/index.php?rest_route=\/wp\/v2\/users\/3"}],"replies":[{"embeddable":true,"href":"https:\/\/parafiakrzyzowa.pl\/index.php?rest_route=%2Fwp%2Fv2%2Fcomments&post=420"}],"version-history":[{"count":1,"href":"https:\/\/parafiakrzyzowa.pl\/index.php?rest_route=\/wp\/v2\/posts\/420\/revisions"}],"predecessor-version":[{"id":421,"href":"https:\/\/parafiakrzyzowa.pl\/index.php?rest_route=\/wp\/v2\/posts\/420\/revisions\/421"}],"wp:attachment":[{"href":"https:\/\/parafiakrzyzowa.pl\/index.php?rest_route=%2Fwp%2Fv2%2Fmedia&parent=420"}],"wp:term":[{"taxonomy":"category","embeddable":true,"href":"https:\/\/parafiakrzyzowa.pl\/index.php?rest_route=%2Fwp%2Fv2%2Fcategories&post=420"},{"taxonomy":"post_tag","embeddable":true,"href":"https:\/\/parafiakrzyzowa.pl\/index.php?rest_route=%2Fwp%2Fv2%2Ftags&post=420"}],"curies":[{"name":"wp","href":"https:\/\/api.w.org\/{rel}","templated":true}]}}