{"id":4226,"date":"2025-04-27T03:49:20","date_gmt":"2025-04-27T03:49:20","guid":{"rendered":"https:\/\/parafiakrzyzowa.pl\/?p=4226"},"modified":"2025-04-27T03:49:35","modified_gmt":"2025-04-27T03:49:35","slug":"4226","status":"publish","type":"post","link":"https:\/\/parafiakrzyzowa.pl\/?p=4226","title":{"rendered":""},"content":{"rendered":"<p><strong><u>INTENCJE MSZY \u015aWI\u0118TYCH<\/u><\/strong><\/p>\n<p><strong><u>NIEDZIELA\u00a0 27.IV 2025r.<\/u><\/strong><\/p>\n<p>Godz. 8.00 &#8211; ++ J\u00f3zef i W\u0142adys\u0142awa Krzesakowie<\/p>\n<p>Godz.10.00 &#8211; \u00a0\u00a0\u00a0\u00a0\u00a0O zdrowie i b\u0142. Bo\u017ce dla Micha\u0142ka Jasia G\u0105siorka w dniu chrztu \u015bw.<\/p>\n<p>&#8211; ++ Genowefa Dendys w 2r. \u015bmierci m\u0105\u017c J\u00f3zef<\/p>\n<p>Godz. 18\u00a0\u00a0\u00a0 &#8211; ++ J\u00f3zef Pastor syn Stanis\u0142aw<\/p>\n<p><strong><u>PONIEDZIA\u0141EK\u00a0 28.IV. 2025r.<\/u><\/strong><\/p>\n<p>Godz. 18\u00a0\u00a0\u00a0 &#8211;\u00a0 ++ Anna Michalec syn Krzysztof<\/p>\n<p><strong><u>\u00a0<\/u><\/strong><\/p>\n<p><strong><u>\u00a0WTOREK 29. IV. 2025r.<\/u><\/strong><\/p>\n<p>Godz.7:oo\u00a0\u00a0 &#8211;\u00a0\u00a0\u00a0\u00a0\u00a0 W intencji parafii<\/p>\n<p><strong><u>\u00a0<\/u><\/strong><\/p>\n<p><strong><u>\u00a0\u015aRODA\u00a0 30.IV. 2025r.<\/u><\/strong><\/p>\n<p>Godz. 18\u00a0\u00a0 \u00a0&#8211; \u00a0\u00a0\u00a0\u00a0+ W\u0142adys\u0142aw Dendys w 25r. \u015bmierci<\/p>\n<p><strong><u>\u00a0<\/u><\/strong><\/p>\n<p><strong><u>CZWARTEK\u00a0 1.V. 2025r.<\/u><\/strong><\/p>\n<p><strong><u>\u00a0<\/u><\/strong><\/p>\n<p>Godz.18\u00a0 \u00a0\u00a0\u00a0&#8211; ++ Jan Galas w 35r. \u015bmierci \u017cona J\u00f3zefa wnuk Marek<\/p>\n<p><strong><u>\u00a0PI\u0104TEK\u00a0 2.V. 2025r.<\/u><\/strong><\/p>\n<p>Godz. 18 \u00a0\u00a0\u00a0&#8211;\u00a0\u00a0\u00a0\u00a0\u00a0\u00a0\u00a0 Za zmar\u0142ych wypominanych<\/p>\n<p><strong><u>\u00a0<\/u><\/strong><\/p>\n<p><strong><u>\u00a0SOBOTA 3.V. 2025r.-KR\u00d3LOWEJ POLSKI<\/u><\/strong><\/p>\n<p><strong><u>\u00a0<\/u><\/strong><\/p>\n<p>Godz. 8:00 \u00a0\u00a0&#8211; \u00a0\u00a0\u00a0\u00a0\u00a0O zdrowie i b\u0142. dla stra\u017cak\u00f3w z naszej Parafii z okazji \u015bw. Floriana<\/p>\n<p>Godz. 10\u00a0\u00a0\u00a0\u00a0 \u00a0&#8211;\u00a0\u00a0 + Pawe\u0142 Michalec w 25r. \u015bmierci<\/p>\n<p>&#8211; ++ Maria Michalec w 6r.\u015bmierci m\u0105\u017c Franciszek<\/p>\n<p>Godz. 18\u00a0\u00a0\u00a0\u00a0\u00a0 &#8211;\u00a0\u00a0\u00a0\u00a0\u00a0\u00a0 O zdrowie i b\u0142. Bo\u017ce dla Dominika Dendysa w 18r. urodzin<\/p>\n<p><strong><u>NIEDZIELA 4.V. 2025r.<\/u><\/strong><\/p>\n<p>Godz.8:00 &#8211; \u00a0\u00a0\u00a0\u00a0\u00a0+ Stanis\u0142aw Hulb\u00f3j z okazji Imienin<\/p>\n<p>Godz. 10 \u00a0\u00a0&#8211;\u00a0\u00a0\u00a0\u00a0 \u00a0\u00a0\u00a0\u00a0W intencji dzieci z klasy III z okazji I Komunii \u015bw. i ich rodzin<\/p>\n<p>Godz. 18 \u00a0\u00a0&#8211;\u00a0\u00a0\u00a0 ++ Zygmunt Michalec \u017cona Stefania<\/p>\n","protected":false},"excerpt":{"rendered":"<p>INTENCJE MSZY \u015aWI\u0118TYCH NIEDZIELA\u00a0 27.IV 2025r. Godz. 8.00 &#8211; ++ J\u00f3zef i W\u0142adys\u0142awa Krzesakowie Godz.10.00 &#8211; \u00a0\u00a0\u00a0\u00a0\u00a0O zdrowie i b\u0142. Bo\u017ce dla Micha\u0142ka Jasia G\u0105siorka w dniu chrztu \u015bw. &#8211; ++ Genowefa Dendys w 2r. \u015bmierci m\u0105\u017c J\u00f3zef Godz. 18\u00a0\u00a0\u00a0 &#8211; ++ J\u00f3zef Pastor syn Stanis\u0142aw PONIEDZIA\u0141EK\u00a0 28.IV. 2025r. Godz. 18\u00a0\u00a0\u00a0 &#8211;\u00a0 ++ Anna Michalec [&hellip;]<\/p>\n","protected":false},"author":3,"featured_media":0,"comment_status":"closed","ping_status":"closed","sticky":false,"template":"","format":"standard","meta":{"ngg_post_thumbnail":0,"footnotes":""},"categories":[7],"tags":[],"class_list":["post-4226","post","type-post","status-publish","format-standard","hentry","category-intencje"],"aioseo_notices":[],"_links":{"self":[{"href":"https:\/\/parafiakrzyzowa.pl\/index.php?rest_route=\/wp\/v2\/posts\/4226","targetHints":{"allow":["GET"]}}],"collection":[{"href":"https:\/\/parafiakrzyzowa.pl\/index.php?rest_route=\/wp\/v2\/posts"}],"about":[{"href":"https:\/\/parafiakrzyzowa.pl\/index.php?rest_route=\/wp\/v2\/types\/post"}],"author":[{"embeddable":true,"href":"https:\/\/parafiakrzyzowa.pl\/index.php?rest_route=\/wp\/v2\/users\/3"}],"replies":[{"embeddable":true,"href":"https:\/\/parafiakrzyzowa.pl\/index.php?rest_route=%2Fwp%2Fv2%2Fcomments&post=4226"}],"version-history":[{"count":2,"href":"https:\/\/parafiakrzyzowa.pl\/index.php?rest_route=\/wp\/v2\/posts\/4226\/revisions"}],"predecessor-version":[{"id":4228,"href":"https:\/\/parafiakrzyzowa.pl\/index.php?rest_route=\/wp\/v2\/posts\/4226\/revisions\/4228"}],"wp:attachment":[{"href":"https:\/\/parafiakrzyzowa.pl\/index.php?rest_route=%2Fwp%2Fv2%2Fmedia&parent=4226"}],"wp:term":[{"taxonomy":"category","embeddable":true,"href":"https:\/\/parafiakrzyzowa.pl\/index.php?rest_route=%2Fwp%2Fv2%2Fcategories&post=4226"},{"taxonomy":"post_tag","embeddable":true,"href":"https:\/\/parafiakrzyzowa.pl\/index.php?rest_route=%2Fwp%2Fv2%2Ftags&post=4226"}],"curies":[{"name":"wp","href":"https:\/\/api.w.org\/{rel}","templated":true}]}}