{"id":4276,"date":"2025-05-31T14:00:22","date_gmt":"2025-05-31T14:00:22","guid":{"rendered":"https:\/\/parafiakrzyzowa.pl\/?p=4276"},"modified":"2025-05-31T14:00:33","modified_gmt":"2025-05-31T14:00:33","slug":"4276","status":"publish","type":"post","link":"https:\/\/parafiakrzyzowa.pl\/?p=4276","title":{"rendered":""},"content":{"rendered":"<p>Krzy\u017cowa \u00a01.VI. 2025 r.<\/p>\n<p><strong><u>WNIEBOWST\u0104PIENIE \u00a0PA\u0143SKIE<\/u><\/strong><\/p>\n<p>Dzi\u015b przypada I niedziela miesi\u0105ca . Po ka\u017cdej mszy \u015bw. adoracja Pana Jezusa w Naj\u015bwi\u0119tszym Sakramencie.<\/p>\n<p>Jeszcze dzisiaj nabo\u017ce\u0144stwo czerwcowe do Naj\u015bwi\u0119tszego Serca Pana Jezusa o godz. 17:30. Serdecznie zapraszam. Przez ca\u0142y czerwiec nabo\u017ce\u0144stwa czerwcowe b\u0119d\u0105 po Maszach \u015bw.\u00a0\u00a0\u00a0\u00a0\u00a0\u00a0\u00a0\u00a0\u00a0\u00a0\u00a0\u00a0\u00a0\u00a0\u00a0\u00a0\u00a0 a w niedziele przed wieczorn\u0105 msz\u0105 \u015bw. \u00a0Odprawiamy Nowenn\u0119 do Ducha \u015bw. .<\/p>\n<p>Powracamy do ustalonego porz\u0105dku odprawiania mszy \u015bw. tzn. we wtorki i czwartki o godz. 7:00.<\/p>\n<p>Dzisiaj \u00a0II tura wybor\u00f3w prezydenckich . Bardzo prosz\u0119 o mobilizacj\u0119 i p\u00f3j\u015bcie do g\u0142osowania. Nawet ci kt\u00f3rzy\u00a0 nie byli w I turze a nawet w og\u00f3le nie\u00a0 chodz\u0105 na wybory . Naprawd\u0119 wa\u017c\u0105 si\u0119 losy naszej Ojczyzny.<\/p>\n<p>W \u015brod\u0119 zapraszam na r\u00f3\u017caniec za Ojczyzn\u0119 i na Nowenn\u0119 do Matki Bo\u017cej Nieustaj\u0105cej Pomocy.<\/p>\n<p>W tym tygodniu przypada czwartek pi\u0105tek i sobota miesi\u0105ca.<\/p>\n<p>Spowied\u017a \u015bw. w czwartek\u00a0 od 17 do 18 a p\u00f3\u017aniej msza \u015bw. nabo\u017ce\u0144stwo.<\/p>\n<p>W pi\u0105tek spowied\u017a \u015bw. r\u00f3wnie\u017c od 17 do 18a p\u00f3\u017anej msza \u015bw. i nabo\u017ce\u0144stwo do Serca Jezusowego.<\/p>\n<p>Dzieci Komunijne rozpoczynaj\u0105 odprawianie I pi\u0105tk\u00f3w miesi\u0105ca. Przypominam, \u017ce nie chodzi\u00a0\u00a0\u00a0\u00a0\u00a0\u00a0\u00a0\u00a0\u00a0\u00a0\u00a0\u00a0\u00a0\u00a0\u00a0\u00a0\u00a0\u00a0\u00a0\u00a0 o spowied\u017a w I pi\u0105tek ale o uczestnictwo w mszy \u015bw.\u00a0 w I pi\u0105tek i przyj\u0119cie Komunii \u015bw. wynagradzaj\u0105cej.<\/p>\n<p>Wizyta u chorych i senior\u00f3w od godz. 9:00.<\/p>\n<p>Bardzo serdecznie dzi\u0119kuj\u0119 stra\u017cakom z Krzy\u017cowej za opiek\u0119 nad naszymi ogrodami wok\u00f3\u0142 ko\u015bcio\u0142a i plebanii.<\/p>\n<p>Zach\u0119cam do nabywana prasy katolickiej.<\/p>\n<p>Dzi\u0119kuj\u0119 za sprz\u0105tanie ko\u015bcio\u0142a w tym tygodniu, Nast\u0119pne sprz\u0105tanie b\u0119dzie w pi\u0105tek po mszy \u015bw. Sprz\u0105taj\u0105 Panie: \u00a0Klaudia Mazurek Iwona Hurko Gra\u017cyna Duc i Alicja J\u0119drzejas.<\/p>\n<p>Nie kupujemy kwiat\u00f3w.<\/p>\n<p>Kalendarz liturgiczny<\/p>\n<p>Wtorek \u2013 wsp. \u015bw. m\u0119czennik\u00f3w Karola Liangi i Towarzyszy<\/p>\n<p>W ostatnim tygodniu odszed\u0142 \u00a0z naszej rodziny parafialnej do Pana Jezusa po wieczn\u0105 nagrod\u0119 \u015bp.J\u00f3zef Kami\u0144ski\u00a0\u00a0\u00a0 Wieczny odpoczynek racz mu da\u0107 Panie\u2026..<\/p>\n","protected":false},"excerpt":{"rendered":"<p>Krzy\u017cowa \u00a01.VI. 2025 r. WNIEBOWST\u0104PIENIE \u00a0PA\u0143SKIE Dzi\u015b przypada I niedziela miesi\u0105ca . Po ka\u017cdej mszy \u015bw. adoracja Pana Jezusa w Naj\u015bwi\u0119tszym Sakramencie. Jeszcze dzisiaj nabo\u017ce\u0144stwo czerwcowe do Naj\u015bwi\u0119tszego Serca Pana Jezusa o godz. 17:30. Serdecznie zapraszam. Przez ca\u0142y czerwiec nabo\u017ce\u0144stwa czerwcowe b\u0119d\u0105 po Maszach \u015bw.\u00a0\u00a0\u00a0\u00a0\u00a0\u00a0\u00a0\u00a0\u00a0\u00a0\u00a0\u00a0\u00a0\u00a0\u00a0\u00a0\u00a0 a w niedziele przed wieczorn\u0105 msz\u0105 \u015bw. \u00a0Odprawiamy Nowenn\u0119 do [&hellip;]<\/p>\n","protected":false},"author":3,"featured_media":0,"comment_status":"closed","ping_status":"closed","sticky":false,"template":"","format":"standard","meta":{"ngg_post_thumbnail":0,"footnotes":""},"categories":[3],"tags":[],"class_list":["post-4276","post","type-post","status-publish","format-standard","hentry","category-ogloszenia"],"aioseo_notices":[],"_links":{"self":[{"href":"https:\/\/parafiakrzyzowa.pl\/index.php?rest_route=\/wp\/v2\/posts\/4276","targetHints":{"allow":["GET"]}}],"collection":[{"href":"https:\/\/parafiakrzyzowa.pl\/index.php?rest_route=\/wp\/v2\/posts"}],"about":[{"href":"https:\/\/parafiakrzyzowa.pl\/index.php?rest_route=\/wp\/v2\/types\/post"}],"author":[{"embeddable":true,"href":"https:\/\/parafiakrzyzowa.pl\/index.php?rest_route=\/wp\/v2\/users\/3"}],"replies":[{"embeddable":true,"href":"https:\/\/parafiakrzyzowa.pl\/index.php?rest_route=%2Fwp%2Fv2%2Fcomments&post=4276"}],"version-history":[{"count":2,"href":"https:\/\/parafiakrzyzowa.pl\/index.php?rest_route=\/wp\/v2\/posts\/4276\/revisions"}],"predecessor-version":[{"id":4278,"href":"https:\/\/parafiakrzyzowa.pl\/index.php?rest_route=\/wp\/v2\/posts\/4276\/revisions\/4278"}],"wp:attachment":[{"href":"https:\/\/parafiakrzyzowa.pl\/index.php?rest_route=%2Fwp%2Fv2%2Fmedia&parent=4276"}],"wp:term":[{"taxonomy":"category","embeddable":true,"href":"https:\/\/parafiakrzyzowa.pl\/index.php?rest_route=%2Fwp%2Fv2%2Fcategories&post=4276"},{"taxonomy":"post_tag","embeddable":true,"href":"https:\/\/parafiakrzyzowa.pl\/index.php?rest_route=%2Fwp%2Fv2%2Ftags&post=4276"}],"curies":[{"name":"wp","href":"https:\/\/api.w.org\/{rel}","templated":true}]}}