{"id":4285,"date":"2025-06-07T09:03:06","date_gmt":"2025-06-07T09:03:06","guid":{"rendered":"https:\/\/parafiakrzyzowa.pl\/?p=4285"},"modified":"2025-06-07T09:03:28","modified_gmt":"2025-06-07T09:03:28","slug":"4285","status":"publish","type":"post","link":"https:\/\/parafiakrzyzowa.pl\/?p=4285","title":{"rendered":""},"content":{"rendered":"<p><strong><u>INTENCJE MSZY \u015aWI\u0118TYCH<\/u><\/strong><\/p>\n<p>&nbsp;<\/p>\n<p><strong><u>NIEDZIELA\u00a0 8.VI 2025r.<\/u><\/strong><\/p>\n<p>&nbsp;<\/p>\n<p>Godz. 8.00 &#8211;\u00a0 \u00a0++ Stanis\u0142aw Kami\u0144ski i rodzice<\/p>\n<p>&nbsp;<\/p>\n<p>Godz.10.00 &#8211; \u00a0\u00a0\u00a0+\u00a0 Ma\u0142gorzata Kami\u0144ska w 38r. \u015bmierci<\/p>\n<p>&nbsp;<\/p>\n<p>Godz. 18\u00a0\u00a0\u00a0 &#8211; \u00a0++\u00a0 W\u0142adys\u0142aw Cudzich w 26r. \u015bmierci \u017cona Weronika<\/p>\n<p>&nbsp;<\/p>\n<p><strong><u>PONIEDZIA\u0141EK\u00a0 9.VI. 2025r.- MATKI KO\u015aCIO\u0141A<\/u><\/strong><\/p>\n<p>&nbsp;<\/p>\n<p>Godz. 8:00 &#8211;\u00a0\u00a0\u00a0\u00a0\u00a0\u00a0 O b\u0142. Bo\u017ce i opiek\u0119 Matki Bo\u017cej dla \u00a0prezydenta Karola Nawrockiego<\/p>\n<p>Godz. 18\u00a0\u00a0\u00a0 &#8211;\u00a0\u00a0\u00a0 + J\u00f3zef Kami\u0144ski<\/p>\n<p><strong><u>\u00a0<\/u><\/strong><\/p>\n<p><strong><u>\u00a0WTOREK 10. VI. 2025r.<\/u><\/strong><\/p>\n<p>&nbsp;<\/p>\n<p>Godz.7:00\u00a0\u00a0\u00a0\u00a0 &#8211;\u00a0\u00a0\u00a0\u00a0\u00a0\u00a0 W intencji Parafii<\/p>\n<p><strong><u>\u00a0<\/u><\/strong><\/p>\n<p><strong><u>\u00a0\u015aRODA\u00a0 11.VI. 2025r.<\/u><\/strong><\/p>\n<p>&nbsp;<\/p>\n<p>Godz. 18\u00a0\u00a0\u00a0 &#8211; \u00a0\u00a0\u00a0+ Ryszard Mocek<\/p>\n<p><strong><u>\u00a0<\/u><\/strong><\/p>\n<p><strong><u>CZWARTEK\u00a0 12.VI. 2025r.<\/u><\/strong><\/p>\n<p><strong><u>\u00a0<\/u><\/strong><\/p>\n<p>Godz.7:00 &#8211; \u00a0\u00a0\u00a0\u00a0+ Maria Walig\u00f3ra<\/p>\n<p>&nbsp;<\/p>\n<p><strong><u>\u00a0PI\u0104TEK\u00a0 13.VI. 2025r.<\/u><\/strong><\/p>\n<p>&nbsp;<\/p>\n<p>Godz. 18 \u00a0\u00a0\u00a0&#8211; \u00a0\u00a0\u00a0\u00a0+ Maria Walig\u00f3ra z ul. Lipowej<\/p>\n<p><strong><u>\u00a0<\/u><\/strong><\/p>\n<p><strong><u>\u00a0SOBOTA 14.VI. 2025r.<\/u><\/strong><\/p>\n<p>&nbsp;<\/p>\n<p>Godz. 18\u00a0\u00a0\u00a0 &#8211;\u00a0\u00a0\u00a0\u00a0\u00a0 + Jan Juraszek w 4r. \u015bmierci<\/p>\n<p>&nbsp;<\/p>\n<p><strong><u>NIEDZIELA 15.VI. 2025r.<\/u><\/strong><\/p>\n<p>&nbsp;<\/p>\n<p>Godz.8:00 &#8211; \u00a0\u00a0++ Franciszek Kami\u0144ski \u017cona Anna i rodzice<\/p>\n<p>&nbsp;<\/p>\n<p>Godz. 10 \u00a0\u00a0&#8211;\u00a0 \u00a0\u00a0\u00a0+\u00a0 Franciszek Cudzich \u00a0w 13r. \u015bmierci<\/p>\n<p>&nbsp;<\/p>\n<p>Godz. 18\u00a0 \u00a0&#8211;\u00a0\u00a0 ++\u00a0 Zofia S\u0142owik m\u0105\u017c W\u0142adys\u0142aw<\/p>\n<p>&nbsp;<\/p>\n<p>&nbsp;<\/p>\n","protected":false},"excerpt":{"rendered":"<p>INTENCJE MSZY \u015aWI\u0118TYCH &nbsp; NIEDZIELA\u00a0 8.VI 2025r. &nbsp; Godz. 8.00 &#8211;\u00a0 \u00a0++ Stanis\u0142aw Kami\u0144ski i rodzice &nbsp; Godz.10.00 &#8211; \u00a0\u00a0\u00a0+\u00a0 Ma\u0142gorzata Kami\u0144ska w 38r. \u015bmierci &nbsp; Godz. 18\u00a0\u00a0\u00a0 &#8211; \u00a0++\u00a0 W\u0142adys\u0142aw Cudzich w 26r. \u015bmierci \u017cona Weronika &nbsp; PONIEDZIA\u0141EK\u00a0 9.VI. 2025r.- MATKI KO\u015aCIO\u0141A &nbsp; Godz. 8:00 &#8211;\u00a0\u00a0\u00a0\u00a0\u00a0\u00a0 O b\u0142. Bo\u017ce i opiek\u0119 Matki Bo\u017cej dla [&hellip;]<\/p>\n","protected":false},"author":3,"featured_media":0,"comment_status":"closed","ping_status":"closed","sticky":false,"template":"","format":"standard","meta":{"ngg_post_thumbnail":0,"footnotes":""},"categories":[7],"tags":[],"class_list":["post-4285","post","type-post","status-publish","format-standard","hentry","category-intencje"],"aioseo_notices":[],"_links":{"self":[{"href":"https:\/\/parafiakrzyzowa.pl\/index.php?rest_route=\/wp\/v2\/posts\/4285","targetHints":{"allow":["GET"]}}],"collection":[{"href":"https:\/\/parafiakrzyzowa.pl\/index.php?rest_route=\/wp\/v2\/posts"}],"about":[{"href":"https:\/\/parafiakrzyzowa.pl\/index.php?rest_route=\/wp\/v2\/types\/post"}],"author":[{"embeddable":true,"href":"https:\/\/parafiakrzyzowa.pl\/index.php?rest_route=\/wp\/v2\/users\/3"}],"replies":[{"embeddable":true,"href":"https:\/\/parafiakrzyzowa.pl\/index.php?rest_route=%2Fwp%2Fv2%2Fcomments&post=4285"}],"version-history":[{"count":1,"href":"https:\/\/parafiakrzyzowa.pl\/index.php?rest_route=\/wp\/v2\/posts\/4285\/revisions"}],"predecessor-version":[{"id":4286,"href":"https:\/\/parafiakrzyzowa.pl\/index.php?rest_route=\/wp\/v2\/posts\/4285\/revisions\/4286"}],"wp:attachment":[{"href":"https:\/\/parafiakrzyzowa.pl\/index.php?rest_route=%2Fwp%2Fv2%2Fmedia&parent=4285"}],"wp:term":[{"taxonomy":"category","embeddable":true,"href":"https:\/\/parafiakrzyzowa.pl\/index.php?rest_route=%2Fwp%2Fv2%2Fcategories&post=4285"},{"taxonomy":"post_tag","embeddable":true,"href":"https:\/\/parafiakrzyzowa.pl\/index.php?rest_route=%2Fwp%2Fv2%2Ftags&post=4285"}],"curies":[{"name":"wp","href":"https:\/\/api.w.org\/{rel}","templated":true}]}}