{"id":4292,"date":"2025-06-07T09:07:30","date_gmt":"2025-06-07T09:07:30","guid":{"rendered":"https:\/\/parafiakrzyzowa.pl\/?p=4292"},"modified":"2025-06-07T09:07:43","modified_gmt":"2025-06-07T09:07:43","slug":"4292","status":"publish","type":"post","link":"https:\/\/parafiakrzyzowa.pl\/?p=4292","title":{"rendered":""},"content":{"rendered":"<p>Krzy\u017cowa \u00a01.VI. 2025 r.<\/p>\n<p><strong><u>WNIEBOWST\u0104PIENIE \u00a0PA\u0143SKIE<\/u><\/strong><\/p>\n<p>Jeszcze dzisiaj nabo\u017ce\u0144stwo czerwcowe do Naj\u015bwi\u0119tszego Serca Pana Jezusa o godz. 17:30. Serdecznie zapraszam. Przez ca\u0142y czerwiec nabo\u017ce\u0144stwa czerwcowe b\u0119d\u0105 po mszach \u015bw.\u00a0\u00a0\u00a0\u00a0\u00a0\u00a0\u00a0\u00a0\u00a0\u00a0\u00a0\u00a0\u00a0\u00a0\u00a0\u00a0\u00a0 a w niedziele przed wieczorn\u0105 msz\u0105 \u015bw.<\/p>\n<p>Jutro II dzie\u0144 Zielonych \u015bwi\u0105tek \u015bwi\u0119to NM Panny Matki Ko\u015bcio\u0142a. Msze \u015bw. b\u0119d\u0105 o 8 rano i 18 wieczorem. Nabo\u017ce\u0144stwo o godz. 17:30.\u00a0 Jest to dzie\u0144 pracy ale zapraszam na msz\u0119 \u015bw.<\/p>\n<p>Przed obrazem Pana Jezusa Mi\u0142osiernego jest na stoliczku ksi\u0119ga do kt\u00f3rej mo\u017cna si\u0119 wpisywa\u0107 po\u015bwi\u0119caj\u0105c siebie i swoje rodziny Naj\u015bwi\u0119tszemu Sercu Pana Jezusa.\u00a0 S\u0105 d\u0142ugopisy jest krzes\u0142o\u00a0\u00a0\u00a0\u00a0\u00a0\u00a0\u00a0\u00a0\u00a0\u00a0\u00a0\u00a0\u00a0\u00a0\u00a0\u00a0\u00a0\u00a0\u00a0\u00a0\u00a0\u00a0\u00a0\u00a0\u00a0\u00a0\u00a0\u00a0\u00a0 i wystarczy tylko spraw\u0119 przemodli\u0107 i wpisa\u0107 si\u0119. Ksi\u0119ga b\u0119dzie wystawiona do 27 czerwca. Prosz\u0119 r\u00f3wnie\u017c m\u0142odzie\u017c r\u00f3wnie\u017c ze szko\u0142y podstawowej o po\u015bwi\u0119cenie siebie Sercu Bo\u017cemu.<\/p>\n<p>Bardzo serdecznie dzi\u0119kuj\u0119 wam wszystkim za udzia\u0142 w wyborach prezydenckich i wybranie na prezydenta Polski p. Karola Nawrockiego.\u00a0 W Polsce dokona\u0142 si\u0119 prawdziwy cud bo prezydentem zosta\u0142 cz\u0142owiek kt\u00f3ry mia\u0142 przeciwko sobie ca\u0142e pa\u0144stwo , s\u0142u\u017cby \u015brodki masowego przekazu.<\/p>\n<p>Prosz\u0119 was o modlitw\u0119 za nowego prezydenta jeszcze elekta.<\/p>\n<p>W \u015brod\u0119 zapraszam na r\u00f3\u017caniec za prezydenta Karola Nawrockiego. i na Nowenn\u0119 do Matki Bo\u017cej Nieustaj\u0105cej Pomocy.<\/p>\n<p>Zach\u0119cam do nabywana prasy katolickiej.<\/p>\n<p>Dzi\u0119kuj\u0119 za sprz\u0105tanie ko\u015bcio\u0142a w tym tygodniu, Nast\u0119pne sprz\u0105tanie b\u0119dzie w pi\u0105tek po mszy \u015bw. Sprz\u0105taj\u0105 Panie: \u00a0Janina Ciupka Anna Michalec Gabriela Janiczek Renata Walig\u00f3ra<\/p>\n<p>Nie kupujemy kwiat\u00f3w.<\/p>\n<p>Kalendarz liturgiczny<\/p>\n<p>Poniedzia\u0142ek \u2013 \u015bwi\u0119to Naj\u015bwi\u0119tszej Maryi Panny Matki Ko\u015bcio\u0142a<\/p>\n<p>\u015aroda \u2013 wsp. \u015bw. Barnaby aposto\u0142a<\/p>\n<p>Czwartek \u2013 \u015bwi\u0119to Jezusa Chrystusa Najwy\u017cszego Kap\u0142an<\/p>\n<p>Sobota \u2013 wsp. b\u0142. Micha\u0142a\u00a0 Kozala biskupa i m\u0119czennika<\/p>\n","protected":false},"excerpt":{"rendered":"<p>Krzy\u017cowa \u00a01.VI. 2025 r. WNIEBOWST\u0104PIENIE \u00a0PA\u0143SKIE Jeszcze dzisiaj nabo\u017ce\u0144stwo czerwcowe do Naj\u015bwi\u0119tszego Serca Pana Jezusa o godz. 17:30. Serdecznie zapraszam. Przez ca\u0142y czerwiec nabo\u017ce\u0144stwa czerwcowe b\u0119d\u0105 po mszach \u015bw.\u00a0\u00a0\u00a0\u00a0\u00a0\u00a0\u00a0\u00a0\u00a0\u00a0\u00a0\u00a0\u00a0\u00a0\u00a0\u00a0\u00a0 a w niedziele przed wieczorn\u0105 msz\u0105 \u015bw. Jutro II dzie\u0144 Zielonych \u015bwi\u0105tek \u015bwi\u0119to NM Panny Matki Ko\u015bcio\u0142a. Msze \u015bw. b\u0119d\u0105 o 8 rano i 18 wieczorem. [&hellip;]<\/p>\n","protected":false},"author":3,"featured_media":0,"comment_status":"closed","ping_status":"closed","sticky":false,"template":"","format":"standard","meta":{"ngg_post_thumbnail":0,"footnotes":""},"categories":[3],"tags":[],"class_list":["post-4292","post","type-post","status-publish","format-standard","hentry","category-ogloszenia"],"aioseo_notices":[],"_links":{"self":[{"href":"https:\/\/parafiakrzyzowa.pl\/index.php?rest_route=\/wp\/v2\/posts\/4292","targetHints":{"allow":["GET"]}}],"collection":[{"href":"https:\/\/parafiakrzyzowa.pl\/index.php?rest_route=\/wp\/v2\/posts"}],"about":[{"href":"https:\/\/parafiakrzyzowa.pl\/index.php?rest_route=\/wp\/v2\/types\/post"}],"author":[{"embeddable":true,"href":"https:\/\/parafiakrzyzowa.pl\/index.php?rest_route=\/wp\/v2\/users\/3"}],"replies":[{"embeddable":true,"href":"https:\/\/parafiakrzyzowa.pl\/index.php?rest_route=%2Fwp%2Fv2%2Fcomments&post=4292"}],"version-history":[{"count":2,"href":"https:\/\/parafiakrzyzowa.pl\/index.php?rest_route=\/wp\/v2\/posts\/4292\/revisions"}],"predecessor-version":[{"id":4294,"href":"https:\/\/parafiakrzyzowa.pl\/index.php?rest_route=\/wp\/v2\/posts\/4292\/revisions\/4294"}],"wp:attachment":[{"href":"https:\/\/parafiakrzyzowa.pl\/index.php?rest_route=%2Fwp%2Fv2%2Fmedia&parent=4292"}],"wp:term":[{"taxonomy":"category","embeddable":true,"href":"https:\/\/parafiakrzyzowa.pl\/index.php?rest_route=%2Fwp%2Fv2%2Fcategories&post=4292"},{"taxonomy":"post_tag","embeddable":true,"href":"https:\/\/parafiakrzyzowa.pl\/index.php?rest_route=%2Fwp%2Fv2%2Ftags&post=4292"}],"curies":[{"name":"wp","href":"https:\/\/api.w.org\/{rel}","templated":true}]}}