{"id":430,"date":"2016-03-26T10:25:22","date_gmt":"2016-03-26T10:25:22","guid":{"rendered":"http:\/\/mscieszka.nazwa.pl\/parafiakrzyzowa\/?p=430"},"modified":"2016-03-26T10:30:09","modified_gmt":"2016-03-26T10:30:09","slug":"430","status":"publish","type":"post","link":"https:\/\/parafiakrzyzowa.pl\/?p=430","title":{"rendered":""},"content":{"rendered":"<p><strong><u>INTENCJE\u00a0 MSZY \u00a0\u015aWI\u0118TYCH<\/u><\/strong><\/p>\n<p>&nbsp;<\/p>\n<p><strong><u>WIELKANOC 27.III. 2016r.<\/u><\/strong><\/p>\n<p>Godz. 7:00 &#8211;\u00a0\u00a0\u00a0\u00a0\u00a0\u00a0 REZUREKCJA W INTENCJI PARAFIAN<\/p>\n<p>&#8211;\u00a0\u00a0\u00a0 + Franciszek Pastor w 10r. \u015bmierci<\/p>\n<p>Godz. 11\u00a0\u00a0 \u00a0&#8211;\u00a0\u00a0\u00a0 + Pawe\u0142 Witas w 10r. \u015bmierci<\/p>\n<p>Godz. 18\u00a0 \u00a0\u00a0&#8211;\u00a0\u00a0\u00a0\u00a0\u00a0\u00a0\u00a0 W pewnej intencji<\/p>\n<p><strong><u>PONIEDZIA\u0141EK WIELKANOCNY 28. III. 2016r.<\/u><\/strong><\/p>\n<p>Godz. 8:00 &#8211;\u00a0\u00a0\u00a0 + J\u00f3zef Cudzich w 10r. \u015bmierci<\/p>\n<p>Godz. 11\u00a0\u00a0\u00a0 &#8211;\u00a0\u00a0\u00a0\u00a0\u00a0\u00a0\u00a0 O zdrowie i b\u0142. Bo\u017ce dla Kasi Ra\u015b w 1r. urodzin jej \u00a0 \u00a0rodzic\u00f3w i rodziny<\/p>\n<p>&#8211;\u00a0\u00a0\u00a0\u00a0\u00a0\u00a0\u00a0 O zdrowie i b\u0142. Bo\u017ce dla Marii Fijak w 50r. urodzin<\/p>\n<p>Godz. 18\u00a0\u00a0\u00a0 &#8211; \u00a0\u00a0\u00a0\u00a0\u00a0\u00a0\u00a0W intencji Parafian<\/p>\n<p><strong><u>WTOREK<\/u><\/strong><strong><u> 29.III.2016r.<\/u><\/strong><\/p>\n<p>Godz. 7:00 &#8211; \u00a0\u00a0\u00a0+ Tadeusz Walig\u00f3ra<\/p>\n<p><strong><u>\u015aRODA 30. III. 2016r.<\/u><\/strong><\/p>\n<p>Godz. 18\u00a0\u00a0\u00a0\u00a0 &#8211;\u00a0\u00a0\u00a0\u00a0\u00a0\u00a0\u00a0 O zdrowie i b\u0142. Bo\u017ce dla Jakuba w 1r. urodzin<\/p>\n<p><strong><u>CZWARTEK 31.III. 2016r.<\/u><\/strong><\/p>\n<p>Godz. 7:00 \u00a0&#8211; \u00a0\u00a0\u00a0\u00a0+ Kazimierz J\u0119drzejas<\/p>\n<p><strong><u>\u00a0PI\u0104TEK 1 .IV. 2016r.<\/u><\/strong><\/p>\n<p>Godz.18\u00a0\u00a0\u00a0 &#8211;\u00a0 \u00a0\u00a0\u00a0\u00a0\u00a0+\u00a0 J\u00f3zefa Malinowska<strong><u>\u00a0<\/u><\/strong><\/p>\n<p><strong><u>\u00a0SOBOTA 2. IV. 2016r. <\/u><\/strong><\/p>\n<p>Godz.18\u00a0 \u00a0\u00a0\u00a0&#8211;\u00a0 \u00a0\u00a0\u00a0\u00a0+ Henryk Krzy\u017cowski<\/p>\n<p><strong><u>NIEDZIELA 3. IV 2016r.<\/u><\/strong><\/p>\n<p>Godz.8:00 &#8211; \u00a0\u00a0\u00a0++ Anna i Franciszek Krzesak w 34r. \u015bmierci<\/p>\n<p>Godz.11 \u00a0\u00a0\u00a0&#8211; \u00a0\u00a0\u00a0\u00a0\u00a0+ Bronis\u0142aw P\u0142aza w 11r. \u015bmierci<\/p>\n<p>Godz.18\u00a0 \u00a0\u00a0&#8211;\u00a0\u00a0\u00a0\u00a0\u00a0\u00a0\u00a0\u00a0 O b\u0142. Bo\u017ce i pojednanie wszystkich rodzin naszej Parafii z okazji peregrynacji \u00a0 \u00a0 \u00a0 \u00a0 \u00a0 \u00a0 \u00a0 \u00a0 \u00a0 \u00a0 \u00a0 \u00a0 \u00a0 \u00a0 \u00a0 \u00a0 \u00a0 \u00a0 \u00a0 \u00a0 \u00a0 \u00a0 \u00a0 \u00a0 \u00a0 \u00a0 \u00a0 \u00a0 \u00a0 \u00a0 Obrazu Pana Jezusa Mi\u0142osiernego po naszych rodzinach.<\/p>\n<p>&nbsp;<\/p>\n","protected":false},"excerpt":{"rendered":"<p>INTENCJE\u00a0 MSZY \u00a0\u015aWI\u0118TYCH &nbsp; WIELKANOC 27.III. 2016r. Godz. 7:00 &#8211;\u00a0\u00a0\u00a0\u00a0\u00a0\u00a0 REZUREKCJA W INTENCJI PARAFIAN &#8211;\u00a0\u00a0\u00a0 + Franciszek Pastor w 10r. \u015bmierci Godz. 11\u00a0\u00a0 \u00a0&#8211;\u00a0\u00a0\u00a0 + Pawe\u0142 Witas w 10r. \u015bmierci Godz. 18\u00a0 \u00a0\u00a0&#8211;\u00a0\u00a0\u00a0\u00a0\u00a0\u00a0\u00a0 W pewnej intencji PONIEDZIA\u0141EK WIELKANOCNY 28. III. 2016r. Godz. 8:00 &#8211;\u00a0\u00a0\u00a0 + J\u00f3zef Cudzich w 10r. \u015bmierci Godz. 11\u00a0\u00a0\u00a0 &#8211;\u00a0\u00a0\u00a0\u00a0\u00a0\u00a0\u00a0 O zdrowie [&hellip;]<\/p>\n","protected":false},"author":3,"featured_media":0,"comment_status":"closed","ping_status":"open","sticky":false,"template":"","format":"standard","meta":{"ngg_post_thumbnail":0,"footnotes":""},"categories":[7],"tags":[],"class_list":["post-430","post","type-post","status-publish","format-standard","hentry","category-intencje"],"aioseo_notices":[],"_links":{"self":[{"href":"https:\/\/parafiakrzyzowa.pl\/index.php?rest_route=\/wp\/v2\/posts\/430","targetHints":{"allow":["GET"]}}],"collection":[{"href":"https:\/\/parafiakrzyzowa.pl\/index.php?rest_route=\/wp\/v2\/posts"}],"about":[{"href":"https:\/\/parafiakrzyzowa.pl\/index.php?rest_route=\/wp\/v2\/types\/post"}],"author":[{"embeddable":true,"href":"https:\/\/parafiakrzyzowa.pl\/index.php?rest_route=\/wp\/v2\/users\/3"}],"replies":[{"embeddable":true,"href":"https:\/\/parafiakrzyzowa.pl\/index.php?rest_route=%2Fwp%2Fv2%2Fcomments&post=430"}],"version-history":[{"count":3,"href":"https:\/\/parafiakrzyzowa.pl\/index.php?rest_route=\/wp\/v2\/posts\/430\/revisions"}],"predecessor-version":[{"id":433,"href":"https:\/\/parafiakrzyzowa.pl\/index.php?rest_route=\/wp\/v2\/posts\/430\/revisions\/433"}],"wp:attachment":[{"href":"https:\/\/parafiakrzyzowa.pl\/index.php?rest_route=%2Fwp%2Fv2%2Fmedia&parent=430"}],"wp:term":[{"taxonomy":"category","embeddable":true,"href":"https:\/\/parafiakrzyzowa.pl\/index.php?rest_route=%2Fwp%2Fv2%2Fcategories&post=430"},{"taxonomy":"post_tag","embeddable":true,"href":"https:\/\/parafiakrzyzowa.pl\/index.php?rest_route=%2Fwp%2Fv2%2Ftags&post=430"}],"curies":[{"name":"wp","href":"https:\/\/api.w.org\/{rel}","templated":true}]}}