{"id":4363,"date":"2025-07-02T09:56:18","date_gmt":"2025-07-02T09:56:18","guid":{"rendered":"https:\/\/parafiakrzyzowa.pl\/?p=4363"},"modified":"2025-07-02T09:56:57","modified_gmt":"2025-07-02T09:56:57","slug":"4363","status":"publish","type":"post","link":"https:\/\/parafiakrzyzowa.pl\/?p=4363","title":{"rendered":""},"content":{"rendered":"<p>Krzy\u017cowa 20.VII. 2025r<\/p>\n<p><strong><u>\u00a0\u00a0XVI NIEDZIELA ZWYK\u0141A<\/u><\/strong><\/p>\n<p>Witam wszystkich wypoczywaj\u0105cych na terenie naszej Parafii.<\/p>\n<p>Zapraszam wszystkich na codzienn\u0105 msz\u0119 \u015bw. do naszego ko\u015bcio\u0142a.<\/p>\n<p>W \u015brod\u0119 jak zwykle przed msz\u0105 \u015bw. r\u00f3\u017caniec za nasz\u0105 Ojczyzn\u0119 a p\u00f3\u017aniej na Nowenn\u0119 do Matki Bo\u017ce Nieustaj\u0105cej Pomocy.<\/p>\n<p>Zach\u0119cam do nabywana prasy katolickiej.<\/p>\n<p>B\u00f3g zap\u0142a\u0107 za sprz\u0105tanie ko\u015bcio\u0142a w tym\u00a0 tygodniu. Nast\u0119pne sprz\u0105tanie b\u0119dzie\u00a0\u00a0\u00a0\u00a0\u00a0\u00a0\u00a0\u00a0\u00a0\u00a0\u00a0\u00a0\u00a0\u00a0\u00a0 w pi\u0105tek po wieczornej mszy \u015bw. Sprz\u0105taj\u0105 Panie : Ma\u0142gorzata Pindel Alicja J\u0119drzejas Anna Ciupka i \u017baneta Pi\u00f3recka.<\/p>\n<p>Kalendarz liturgiczny<\/p>\n<p>Wtorek \u015bwi\u0119to \u015bw. Marii Magdaleny<\/p>\n<p>\u015aroda \u015bwi\u0119to \u015bw. Brygidy zakonnicy<\/p>\n<p>Czwartek \u2013 wsp. \u015bw. Kingi dziewicy<\/p>\n<p>Pi\u0105tek \u2013 \u015bwi\u0119to \u015bw. Jakuba Aposto\u0142a<\/p>\n<p>Sobota wsp. \u015bwi\u0119tych Joachima i Anny<\/p>\n<p>W najbli\u017csz\u0105 niedziel\u0119 po ka\u017cdej mszy \u015bw. b\u0119dzie po\u015bwi\u0119cenie pojazd\u00f3w\u00a0\u00a0\u00a0\u00a0\u00a0\u00a0\u00a0\u00a0\u00a0\u00a0\u00a0\u00a0\u00a0\u00a0\u00a0\u00a0 \u00a0\u00a0\u00a0\u00a0\u00a0\u00a0\u00a0\u00a0\u00a0\u00a0i kierowc\u00f3w<\/p>\n","protected":false},"excerpt":{"rendered":"<p>Krzy\u017cowa 20.VII. 2025r \u00a0\u00a0XVI NIEDZIELA ZWYK\u0141A Witam wszystkich wypoczywaj\u0105cych na terenie naszej Parafii. Zapraszam wszystkich na codzienn\u0105 msz\u0119 \u015bw. do naszego ko\u015bcio\u0142a. W \u015brod\u0119 jak zwykle przed msz\u0105 \u015bw. r\u00f3\u017caniec za nasz\u0105 Ojczyzn\u0119 a p\u00f3\u017aniej na Nowenn\u0119 do Matki Bo\u017ce Nieustaj\u0105cej Pomocy. Zach\u0119cam do nabywana prasy katolickiej. B\u00f3g zap\u0142a\u0107 za sprz\u0105tanie ko\u015bcio\u0142a w tym\u00a0 tygodniu. [&hellip;]<\/p>\n","protected":false},"author":3,"featured_media":0,"comment_status":"closed","ping_status":"closed","sticky":false,"template":"","format":"standard","meta":{"ngg_post_thumbnail":0,"footnotes":""},"categories":[3],"tags":[],"class_list":["post-4363","post","type-post","status-publish","format-standard","hentry","category-ogloszenia"],"aioseo_notices":[],"_links":{"self":[{"href":"https:\/\/parafiakrzyzowa.pl\/index.php?rest_route=\/wp\/v2\/posts\/4363","targetHints":{"allow":["GET"]}}],"collection":[{"href":"https:\/\/parafiakrzyzowa.pl\/index.php?rest_route=\/wp\/v2\/posts"}],"about":[{"href":"https:\/\/parafiakrzyzowa.pl\/index.php?rest_route=\/wp\/v2\/types\/post"}],"author":[{"embeddable":true,"href":"https:\/\/parafiakrzyzowa.pl\/index.php?rest_route=\/wp\/v2\/users\/3"}],"replies":[{"embeddable":true,"href":"https:\/\/parafiakrzyzowa.pl\/index.php?rest_route=%2Fwp%2Fv2%2Fcomments&post=4363"}],"version-history":[{"count":2,"href":"https:\/\/parafiakrzyzowa.pl\/index.php?rest_route=\/wp\/v2\/posts\/4363\/revisions"}],"predecessor-version":[{"id":4365,"href":"https:\/\/parafiakrzyzowa.pl\/index.php?rest_route=\/wp\/v2\/posts\/4363\/revisions\/4365"}],"wp:attachment":[{"href":"https:\/\/parafiakrzyzowa.pl\/index.php?rest_route=%2Fwp%2Fv2%2Fmedia&parent=4363"}],"wp:term":[{"taxonomy":"category","embeddable":true,"href":"https:\/\/parafiakrzyzowa.pl\/index.php?rest_route=%2Fwp%2Fv2%2Fcategories&post=4363"},{"taxonomy":"post_tag","embeddable":true,"href":"https:\/\/parafiakrzyzowa.pl\/index.php?rest_route=%2Fwp%2Fv2%2Ftags&post=4363"}],"curies":[{"name":"wp","href":"https:\/\/api.w.org\/{rel}","templated":true}]}}