{"id":4382,"date":"2025-07-02T11:46:37","date_gmt":"2025-07-02T11:46:37","guid":{"rendered":"https:\/\/parafiakrzyzowa.pl\/?p=4382"},"modified":"2025-07-02T11:46:46","modified_gmt":"2025-07-02T11:46:46","slug":"4382","status":"publish","type":"post","link":"https:\/\/parafiakrzyzowa.pl\/?p=4382","title":{"rendered":""},"content":{"rendered":"<p>Krzy\u017cowa 3.VIII. 2025r<\/p>\n<p><strong><u>\u00a0\u00a0XVIII NIEDZIELA ZWYK\u0141A<\/u><\/strong><\/p>\n<p>Dzi\u015b przypada I niedziela sierpnia. Po ka\u017cdej mszy \u015bw. adoracja Pana Jezusa\u00a0 w Naj\u015bwi\u0119tszym Sakramencie.<\/p>\n<p>Witam wszystkich wypoczywaj\u0105cych na terenie naszej Parafii.<\/p>\n<p>Zapraszam wszystkich na codzienn\u0105 msz\u0119 \u015bw. do naszego ko\u015bcio\u0142a.<\/p>\n<p>W \u015brod\u0119 jak zwykle przed msz\u0105 \u015bw. r\u00f3\u017caniec za nasz\u0105 Ojczyzn\u0119 a p\u00f3\u017aniej na Nowenn\u0119 do Matki Bo\u017ce Nieustaj\u0105cej Pomocy.<\/p>\n<p>Zach\u0119cam do nabywana prasy katolickiej.<\/p>\n<p>B\u00f3g zap\u0142a\u0107 za sprz\u0105tanie ko\u015bcio\u0142a w tym\u00a0 tygodniu. Nast\u0119pne sprz\u0105tanie b\u0119dzie\u00a0\u00a0\u00a0\u00a0\u00a0\u00a0\u00a0\u00a0\u00a0\u00a0\u00a0\u00a0\u00a0\u00a0\u00a0 w pi\u0105tek po wieczornej mszy \u015bw. Sprz\u0105taj\u0105 Panie : Marcelina G\u00f3ra Danuta Lach Halina Cima\u0142a Bernadetta Cima\u0142a.<\/p>\n<p>Kalendarz liturgiczny<\/p>\n<p>Poniedzia\u0142ek\u00a0 wsp.. \u015bw. Jan Vianneya kap\u0142ana<\/p>\n<p>\u015aroda \u015bwi\u0119to Przemenienia Pa\u0144skiego<\/p>\n<p>Pi\u0105tek \u2013 wsp. \u015bw. Dominika kap\u0142ana<\/p>\n<p>Sobota \u2013 \u015bwi\u0119to \u015bw. Benedykty od Krzy\u017ca dziewicy m\u0119czennicy<\/p>\n","protected":false},"excerpt":{"rendered":"<p>Krzy\u017cowa 3.VIII. 2025r \u00a0\u00a0XVIII NIEDZIELA ZWYK\u0141A Dzi\u015b przypada I niedziela sierpnia. Po ka\u017cdej mszy \u015bw. adoracja Pana Jezusa\u00a0 w Naj\u015bwi\u0119tszym Sakramencie. Witam wszystkich wypoczywaj\u0105cych na terenie naszej Parafii. Zapraszam wszystkich na codzienn\u0105 msz\u0119 \u015bw. do naszego ko\u015bcio\u0142a. W \u015brod\u0119 jak zwykle przed msz\u0105 \u015bw. r\u00f3\u017caniec za nasz\u0105 Ojczyzn\u0119 a p\u00f3\u017aniej na Nowenn\u0119 do Matki Bo\u017ce [&hellip;]<\/p>\n","protected":false},"author":3,"featured_media":0,"comment_status":"closed","ping_status":"closed","sticky":false,"template":"","format":"standard","meta":{"ngg_post_thumbnail":0,"footnotes":""},"categories":[3],"tags":[],"class_list":["post-4382","post","type-post","status-publish","format-standard","hentry","category-ogloszenia"],"aioseo_notices":[],"_links":{"self":[{"href":"https:\/\/parafiakrzyzowa.pl\/index.php?rest_route=\/wp\/v2\/posts\/4382","targetHints":{"allow":["GET"]}}],"collection":[{"href":"https:\/\/parafiakrzyzowa.pl\/index.php?rest_route=\/wp\/v2\/posts"}],"about":[{"href":"https:\/\/parafiakrzyzowa.pl\/index.php?rest_route=\/wp\/v2\/types\/post"}],"author":[{"embeddable":true,"href":"https:\/\/parafiakrzyzowa.pl\/index.php?rest_route=\/wp\/v2\/users\/3"}],"replies":[{"embeddable":true,"href":"https:\/\/parafiakrzyzowa.pl\/index.php?rest_route=%2Fwp%2Fv2%2Fcomments&post=4382"}],"version-history":[{"count":2,"href":"https:\/\/parafiakrzyzowa.pl\/index.php?rest_route=\/wp\/v2\/posts\/4382\/revisions"}],"predecessor-version":[{"id":4384,"href":"https:\/\/parafiakrzyzowa.pl\/index.php?rest_route=\/wp\/v2\/posts\/4382\/revisions\/4384"}],"wp:attachment":[{"href":"https:\/\/parafiakrzyzowa.pl\/index.php?rest_route=%2Fwp%2Fv2%2Fmedia&parent=4382"}],"wp:term":[{"taxonomy":"category","embeddable":true,"href":"https:\/\/parafiakrzyzowa.pl\/index.php?rest_route=%2Fwp%2Fv2%2Fcategories&post=4382"},{"taxonomy":"post_tag","embeddable":true,"href":"https:\/\/parafiakrzyzowa.pl\/index.php?rest_route=%2Fwp%2Fv2%2Ftags&post=4382"}],"curies":[{"name":"wp","href":"https:\/\/api.w.org\/{rel}","templated":true}]}}