{"id":440,"date":"2016-04-02T09:45:54","date_gmt":"2016-04-02T09:45:54","guid":{"rendered":"http:\/\/mscieszka.nazwa.pl\/parafiakrzyzowa\/?p=440"},"modified":"2016-04-02T15:49:34","modified_gmt":"2016-04-02T15:49:34","slug":"440","status":"publish","type":"post","link":"https:\/\/parafiakrzyzowa.pl\/?p=440","title":{"rendered":""},"content":{"rendered":"<p><strong><u>INTENCJE\u00a0 MSZY \u00a0\u015aWI\u0118TYCH<\/u><\/strong><\/p>\n<p><strong><u>NIEDZIELA 3.IV. 2016r.<\/u><\/strong><\/p>\n<p>Godz. 8:00 &#8211; ++ Anna i Franciszek Krzesakowi w 34r. \u015bmierci<\/p>\n<p>Godz. 11\u00a0\u00a0 \u00a0&#8211;\u00a0\u00a0\u00a0 + Bronis\u0142aw P\u0142aza w 11r. \u015bmierci<\/p>\n<p>Godz. 18\u00a0 \u00a0\u00a0&#8211;\u00a0\u00a0\u00a0\u00a0\u00a0\u00a0\u00a0 O b\u0142. Bo\u017ce i pojednanie wszystkich rodzin naszej Parafii z okazji peregrynac\u00a0Obrazu Pana Jezusa Mi\u0142osiernego po naszych rodzinach<\/p>\n<p><strong><u>PONIEDZIA\u0141EK\u00a0 4. IV. 2016r.<\/u><\/strong><\/p>\n<p>Godz. 8:00 &#8211;\u00a0 \u00a0\u00a0\u00a0\u00a0\u00a0\u00a0\u00a0W intencji Parafii<\/p>\n<p>Godz. 18\u00a0\u00a0\u00a0 &#8211; \u00a0\u00a0\u00a0\u00a0+ Genowefa S\u0142apa<\/p>\n<p><strong><u>WTOREK<\/u><\/strong><strong><u> 5.IV.2016r. <\/u><\/strong><\/p>\n<p>Godz. 7:00 &#8211; \u00a0\u00a0\u00a0\u00a0+ Jan \u00a0Walig\u00f3ra<\/p>\n<p><strong><u>\u015aRODA 6. IV. 2016r.<\/u><\/strong><\/p>\n<p>Godz. 18\u00a0\u00a0\u00a0\u00a0 &#8211;\u00a0 ++ Jan Gawlas w r. \u015bmierci i \u017cona Weronika<\/p>\n<p><strong><u>CZWARTEK 7.IV. 2016r.<\/u><\/strong><\/p>\n<p>Godz. 7:00 \u00a0&#8211; \u00a0\u00a0\u00a0\u00a0+\u00a0 J\u00f3zef Michalec<\/p>\n<p><strong><u>\u00a0PI\u0104TEK 8 .IV. 2016r.<\/u><\/strong><\/p>\n<p>Godz.18\u00a0\u00a0\u00a0 &#8211;\u00a0 \u00a0\u00a0\u00a0\u00a0\u00a0+ \u00a0\u00a0Franciszek Michalec<\/p>\n<p><strong><u>\u00a0SOBOTA 9. IV. 2016r.<\/u><\/strong><\/p>\n<p>Godz.18\u00a0 \u00a0\u00a0\u00a0&#8211;\u00a0 \u00a0\u00a0\u00a0\u00a0+\u00a0\u00a0 Maria J\u0119drzejas w 13r. \u015bmierci<\/p>\n<p><strong><u>NIEDZIELA 10. IV 2016r.<\/u><\/strong><\/p>\n<p>Godz.8:00 &#8211; \u00a0\u00a0\u00a0\u00a0+ Maria Michalec w 10r. \u015bmierci<\/p>\n<p>Godz.11 \u00a0\u00a0\u00a0&#8211; \u00a0\u00a0++ Karol Basik w 28r. \u015bmierci \u017cona Maria<\/p>\n<p>Godz.18\u00a0 \u00a0\u00a0&#8211;\u00a0\u00a0\u00a0\u00a0\u00a0 + Maria Kami\u0144ska w 1r. \u015bmierci<\/p>\n","protected":false},"excerpt":{"rendered":"<p>INTENCJE\u00a0 MSZY \u00a0\u015aWI\u0118TYCH NIEDZIELA 3.IV. 2016r. Godz. 8:00 &#8211; ++ Anna i Franciszek Krzesakowi w 34r. \u015bmierci Godz. 11\u00a0\u00a0 \u00a0&#8211;\u00a0\u00a0\u00a0 + Bronis\u0142aw P\u0142aza w 11r. \u015bmierci Godz. 18\u00a0 \u00a0\u00a0&#8211;\u00a0\u00a0\u00a0\u00a0\u00a0\u00a0\u00a0 O b\u0142. Bo\u017ce i pojednanie wszystkich rodzin naszej Parafii z okazji peregrynac\u00a0Obrazu Pana Jezusa Mi\u0142osiernego po naszych rodzinach PONIEDZIA\u0141EK\u00a0 4. IV. 2016r. Godz. 8:00 &#8211;\u00a0 \u00a0\u00a0\u00a0\u00a0\u00a0\u00a0\u00a0W [&hellip;]<\/p>\n","protected":false},"author":3,"featured_media":0,"comment_status":"closed","ping_status":"open","sticky":false,"template":"","format":"standard","meta":{"ngg_post_thumbnail":0,"footnotes":""},"categories":[7],"tags":[],"class_list":["post-440","post","type-post","status-publish","format-standard","hentry","category-intencje"],"aioseo_notices":[],"_links":{"self":[{"href":"https:\/\/parafiakrzyzowa.pl\/index.php?rest_route=\/wp\/v2\/posts\/440","targetHints":{"allow":["GET"]}}],"collection":[{"href":"https:\/\/parafiakrzyzowa.pl\/index.php?rest_route=\/wp\/v2\/posts"}],"about":[{"href":"https:\/\/parafiakrzyzowa.pl\/index.php?rest_route=\/wp\/v2\/types\/post"}],"author":[{"embeddable":true,"href":"https:\/\/parafiakrzyzowa.pl\/index.php?rest_route=\/wp\/v2\/users\/3"}],"replies":[{"embeddable":true,"href":"https:\/\/parafiakrzyzowa.pl\/index.php?rest_route=%2Fwp%2Fv2%2Fcomments&post=440"}],"version-history":[{"count":2,"href":"https:\/\/parafiakrzyzowa.pl\/index.php?rest_route=\/wp\/v2\/posts\/440\/revisions"}],"predecessor-version":[{"id":446,"href":"https:\/\/parafiakrzyzowa.pl\/index.php?rest_route=\/wp\/v2\/posts\/440\/revisions\/446"}],"wp:attachment":[{"href":"https:\/\/parafiakrzyzowa.pl\/index.php?rest_route=%2Fwp%2Fv2%2Fmedia&parent=440"}],"wp:term":[{"taxonomy":"category","embeddable":true,"href":"https:\/\/parafiakrzyzowa.pl\/index.php?rest_route=%2Fwp%2Fv2%2Fcategories&post=440"},{"taxonomy":"post_tag","embeddable":true,"href":"https:\/\/parafiakrzyzowa.pl\/index.php?rest_route=%2Fwp%2Fv2%2Ftags&post=440"}],"curies":[{"name":"wp","href":"https:\/\/api.w.org\/{rel}","templated":true}]}}