{"id":4406,"date":"2025-08-22T12:45:44","date_gmt":"2025-08-22T12:45:44","guid":{"rendered":"https:\/\/parafiakrzyzowa.pl\/?p=4406"},"modified":"2025-08-23T11:50:04","modified_gmt":"2025-08-23T11:50:04","slug":"4406","status":"publish","type":"post","link":"https:\/\/parafiakrzyzowa.pl\/?p=4406","title":{"rendered":""},"content":{"rendered":"<p>Krzy\u017cowa 24.VIII. 2025r<\/p>\n<p><strong><u>\u00a0\u00a0XXI NIEDZIELA ZWYK\u0141A<\/u><\/strong><\/p>\n<p>Ostatni ju\u017c tydzie\u0144 wakacji i urlop\u00f3w. \u017bycz\u0119 naszym dzieciom i m\u0142odzie\u017cy jeszcze troch\u0119 promyk\u00f3w s\u0142o\u0144ca w tym roku.<\/p>\n<p>Zapraszam wszystkich na codzienn\u0105 msz\u0119 \u015bw. do naszego ko\u015bcio\u0142a.<\/p>\n<p>Bardzo serdecznie dzi\u0119kuj\u0119 ca\u0142ej parafii za wielk\u0105 modlitw\u0119 w mojej intencji zw\u0142aszcza R\u00f3\u017com r\u00f3\u017ca\u0144cowym margaretkom\u00a0 dzieciom , s\u0142u\u017cbie liturgicznej o\u0142tarza. Jestem ju\u017c w domu i powoli b\u0119d\u0119 wraca\u0142 do pos\u0142ugi w parafii.<\/p>\n<p>W \u015brod\u0119 jak zwykle przed msz\u0105 \u015bw. r\u00f3\u017caniec za nasz\u0105 Ojczyzn\u0119 a p\u00f3\u017aniej zapraszam \u00a0na Nowenn\u0119 do Matki Bo\u017ce Nieustaj\u0105cej Pomocy.<\/p>\n<p>Zach\u0119cam do nabywana prasy katolickiej.<\/p>\n<p>B\u00f3g zap\u0142a\u0107 za sprz\u0105tanie ko\u015bcio\u0142a w tym\u00a0 tygodniu. Nast\u0119pne sprz\u0105tanie b\u0119dzie\u00a0\u00a0\u00a0\u00a0\u00a0\u00a0\u00a0\u00a0\u00a0\u00a0\u00a0\u00a0\u00a0\u00a0\u00a0 w sobot\u0119 \u00a0po wieczornej mszy \u015bw. Sprz\u0105taj\u0105 Panie Magdalena Krzesak Ewa Mrozek Krystyna Hulb\u00f3j i Renata Lach. Nie kupujemy kwiat\u00f3w.<\/p>\n<p>W najbli\u017csz\u0105 sobot\u0119 30 sierpnia po mszy \u015bw. wieczornej spotkanie Rady Duszpasterskiej na plebanii. Serdecznie zapraszam i licz\u0119 na obecno\u015b\u0107 wszystkich Pan\u00f3w.<\/p>\n<p>Kalendarz liturgiczny<\/p>\n<p>Wtorek \u2013 uroczysto\u015b\u0107 Naj\u015bwi\u0119tszej Maryi Panny Cz\u0119stochowskiej<\/p>\n<p>\u015aroda\u00a0 \u2013wsp. \u015bw. Moniki<\/p>\n<p>Czwartek \u00a0\u2013 wspomnienie \u015bw. Augustyna biskupa i Doktora Ko\u015bcio\u0142a<\/p>\n<p>Pi\u0105tek \u2013 wsp. m\u0119cze\u0144stwa \u015bw. Jana Chrzciciela<\/p>\n","protected":false},"excerpt":{"rendered":"<p>Krzy\u017cowa 24.VIII. 2025r \u00a0\u00a0XXI NIEDZIELA ZWYK\u0141A Ostatni ju\u017c tydzie\u0144 wakacji i urlop\u00f3w. \u017bycz\u0119 naszym dzieciom i m\u0142odzie\u017cy jeszcze troch\u0119 promyk\u00f3w s\u0142o\u0144ca w tym roku. Zapraszam wszystkich na codzienn\u0105 msz\u0119 \u015bw. do naszego ko\u015bcio\u0142a. Bardzo serdecznie dzi\u0119kuj\u0119 ca\u0142ej parafii za wielk\u0105 modlitw\u0119 w mojej intencji zw\u0142aszcza R\u00f3\u017com r\u00f3\u017ca\u0144cowym margaretkom\u00a0 dzieciom , s\u0142u\u017cbie liturgicznej o\u0142tarza. Jestem ju\u017c [&hellip;]<\/p>\n","protected":false},"author":3,"featured_media":0,"comment_status":"closed","ping_status":"closed","sticky":false,"template":"","format":"standard","meta":{"ngg_post_thumbnail":0,"footnotes":""},"categories":[3],"tags":[],"class_list":["post-4406","post","type-post","status-publish","format-standard","hentry","category-ogloszenia"],"aioseo_notices":[],"_links":{"self":[{"href":"https:\/\/parafiakrzyzowa.pl\/index.php?rest_route=\/wp\/v2\/posts\/4406","targetHints":{"allow":["GET"]}}],"collection":[{"href":"https:\/\/parafiakrzyzowa.pl\/index.php?rest_route=\/wp\/v2\/posts"}],"about":[{"href":"https:\/\/parafiakrzyzowa.pl\/index.php?rest_route=\/wp\/v2\/types\/post"}],"author":[{"embeddable":true,"href":"https:\/\/parafiakrzyzowa.pl\/index.php?rest_route=\/wp\/v2\/users\/3"}],"replies":[{"embeddable":true,"href":"https:\/\/parafiakrzyzowa.pl\/index.php?rest_route=%2Fwp%2Fv2%2Fcomments&post=4406"}],"version-history":[{"count":2,"href":"https:\/\/parafiakrzyzowa.pl\/index.php?rest_route=\/wp\/v2\/posts\/4406\/revisions"}],"predecessor-version":[{"id":4409,"href":"https:\/\/parafiakrzyzowa.pl\/index.php?rest_route=\/wp\/v2\/posts\/4406\/revisions\/4409"}],"wp:attachment":[{"href":"https:\/\/parafiakrzyzowa.pl\/index.php?rest_route=%2Fwp%2Fv2%2Fmedia&parent=4406"}],"wp:term":[{"taxonomy":"category","embeddable":true,"href":"https:\/\/parafiakrzyzowa.pl\/index.php?rest_route=%2Fwp%2Fv2%2Fcategories&post=4406"},{"taxonomy":"post_tag","embeddable":true,"href":"https:\/\/parafiakrzyzowa.pl\/index.php?rest_route=%2Fwp%2Fv2%2Ftags&post=4406"}],"curies":[{"name":"wp","href":"https:\/\/api.w.org\/{rel}","templated":true}]}}