{"id":442,"date":"2016-04-02T09:53:29","date_gmt":"2016-04-02T09:53:29","guid":{"rendered":"http:\/\/mscieszka.nazwa.pl\/parafiakrzyzowa\/?p=442"},"modified":"2016-04-02T09:53:55","modified_gmt":"2016-04-02T09:53:55","slug":"442","status":"publish","type":"post","link":"https:\/\/parafiakrzyzowa.pl\/?p=442","title":{"rendered":""},"content":{"rendered":"<p>Krzy\u017cowa dn. 3 .IV. 2016 r.<\/p>\n<p>&nbsp;<\/p>\n<p><strong>\u00a0 \u00a0<u>\u00a0II NIEDZIELA\u00a0 WIELKANOCNA<\/u><\/strong><\/p>\n<p>&nbsp;<\/p>\n<p>Dzi\u015b przypada I niedziela miesi\u0105ca. Po ka\u017cdej mszy \u015bwi\u0119tej adoracja Pana Jezusa w Naj\u015bwi\u0119tszym Sakramencie.<\/p>\n<p>&nbsp;<\/p>\n<p>Dzi\u015b prze\u017cywamy Niedziele Mi\u0142osierdzia , kt\u00f3ra ko\u0144czy oktaw\u0119 wielkanocn\u0105.<\/p>\n<p>Z ca\u0142\u0105 moc\u0105 Jezus przypomina nam prawd\u0119 , \u017ce tylko mi\u0142osierni dost\u0105pi\u0105 Mi\u0142osierdzia Bo\u017cego .<\/p>\n<p>W naszej parafii rozpoczyna si\u0119 peregrynacja Obrazu Pana Jezusa Mi\u0142osiernego po naszych rodzinach.<\/p>\n<p>Na mszy \u015bw. o godz. 18 pierwsze dwie rodziny naszej parafii odbior\u0105 w ko\u015bciele Obrazy , kt\u00f3re b\u0119d\u0105 w\u0119drowa\u0142y po ca\u0142ej naszej Parafii .<\/p>\n<p>W ka\u017cdy III pi\u0105tek miesi\u0105ca b\u0119dzie odprawiana msza \u015bw. w intencji rodzin kt\u00f3re przyj\u0119\u0142y Obraz . Bardzo prosz\u0119 aby te rodziny sk\u0142ada\u0142y do skarbonki r\u00f3\u017cne intencje kt\u00f3re b\u0119d\u0119 czyta\u0142 na pocz\u0105tku Maszy \u015bwi\u0119tej\u00a0 .<\/p>\n<p>Jutro przypada uroczysto\u015b\u0107 Zwiastowania Pa\u0144skiego przeniesiona z Wielkiego Pi\u0105tku. Jest to Dzie\u0144 \u015awi\u0119to\u015bci \u017bycia .<\/p>\n<p>Msze \u015bw. w naszym Ko\u015bciele b\u0119d\u0105 o godz. 8:00 i 18 wieczorem. Sk\u0142adka przeznaczona jest na Dom Matki i Dziecka w Bielsku- Bia\u0142ej.<\/p>\n<p>&nbsp;<\/p>\n<p>Zach\u0119cam do nabywania prasy katolickiej .<\/p>\n<p>B\u00f3g zap\u0142a\u0107 za sprz\u0105tanie ko\u015bcio\u0142a w tym tygodniu. Nast\u0119pne sprz\u0105tanie b\u0119dzie \u00a0w sobot\u0119 o godz. 9:00.<\/p>\n<p>&nbsp;<\/p>\n<p>B\u00f3g zap\u0142a\u0107 wszystkim parafiankom i parafianom za prac\u0119 przy porz\u0105dkowaniu\u00a0placu wok\u00f3\u0142 ko\u015bcio\u0142a i plebanii w ostatni czwartek.<\/p>\n<p>Spotkanie z uczennicami i uczniami klasy III szko\u0142y podstawowej prze I rocznic\u0105 komunii \u015bw. b\u0119dzie w pi\u0105tek o godz. 16:00.<\/p>\n","protected":false},"excerpt":{"rendered":"<p>Krzy\u017cowa dn. 3 .IV. 2016 r. &nbsp; \u00a0 \u00a0\u00a0II NIEDZIELA\u00a0 WIELKANOCNA &nbsp; Dzi\u015b przypada I niedziela miesi\u0105ca. Po ka\u017cdej mszy \u015bwi\u0119tej adoracja Pana Jezusa w Naj\u015bwi\u0119tszym Sakramencie. &nbsp; Dzi\u015b prze\u017cywamy Niedziele Mi\u0142osierdzia , kt\u00f3ra ko\u0144czy oktaw\u0119 wielkanocn\u0105. Z ca\u0142\u0105 moc\u0105 Jezus przypomina nam prawd\u0119 , \u017ce tylko mi\u0142osierni dost\u0105pi\u0105 Mi\u0142osierdzia Bo\u017cego . W naszej parafii [&hellip;]<\/p>\n","protected":false},"author":3,"featured_media":0,"comment_status":"closed","ping_status":"open","sticky":false,"template":"","format":"standard","meta":{"ngg_post_thumbnail":0,"footnotes":""},"categories":[3],"tags":[],"class_list":["post-442","post","type-post","status-publish","format-standard","hentry","category-ogloszenia"],"aioseo_notices":[],"_links":{"self":[{"href":"https:\/\/parafiakrzyzowa.pl\/index.php?rest_route=\/wp\/v2\/posts\/442","targetHints":{"allow":["GET"]}}],"collection":[{"href":"https:\/\/parafiakrzyzowa.pl\/index.php?rest_route=\/wp\/v2\/posts"}],"about":[{"href":"https:\/\/parafiakrzyzowa.pl\/index.php?rest_route=\/wp\/v2\/types\/post"}],"author":[{"embeddable":true,"href":"https:\/\/parafiakrzyzowa.pl\/index.php?rest_route=\/wp\/v2\/users\/3"}],"replies":[{"embeddable":true,"href":"https:\/\/parafiakrzyzowa.pl\/index.php?rest_route=%2Fwp%2Fv2%2Fcomments&post=442"}],"version-history":[{"count":2,"href":"https:\/\/parafiakrzyzowa.pl\/index.php?rest_route=\/wp\/v2\/posts\/442\/revisions"}],"predecessor-version":[{"id":445,"href":"https:\/\/parafiakrzyzowa.pl\/index.php?rest_route=\/wp\/v2\/posts\/442\/revisions\/445"}],"wp:attachment":[{"href":"https:\/\/parafiakrzyzowa.pl\/index.php?rest_route=%2Fwp%2Fv2%2Fmedia&parent=442"}],"wp:term":[{"taxonomy":"category","embeddable":true,"href":"https:\/\/parafiakrzyzowa.pl\/index.php?rest_route=%2Fwp%2Fv2%2Fcategories&post=442"},{"taxonomy":"post_tag","embeddable":true,"href":"https:\/\/parafiakrzyzowa.pl\/index.php?rest_route=%2Fwp%2Fv2%2Ftags&post=442"}],"curies":[{"name":"wp","href":"https:\/\/api.w.org\/{rel}","templated":true}]}}