{"id":4422,"date":"2025-09-06T05:16:31","date_gmt":"2025-09-06T05:16:31","guid":{"rendered":"https:\/\/parafiakrzyzowa.pl\/?p=4422"},"modified":"2025-09-06T05:16:56","modified_gmt":"2025-09-06T05:16:56","slug":"4422","status":"publish","type":"post","link":"https:\/\/parafiakrzyzowa.pl\/?p=4422","title":{"rendered":""},"content":{"rendered":"<p>Krzy\u017cowa 7. IX. 2025r<\/p>\n<p><strong><u>\u00a0\u00a0XXIII NIEDZIELA ZWYK\u0141A<\/u><\/strong><\/p>\n<p>Dzi\u015b Przypada I niedziela wrze\u015bnia .<\/p>\n<p>Pan Andrzej G\u00f3ra przewodnicz\u0105cy Rady Duszpasterskiej z\u0142o\u017cy dzisiaj na ka\u017cdej mszy \u015bw. sprawozdanie finansowe z tegorocznych zbi\u00f3rek na prace przy cmentarzu.<\/p>\n<p>Przypominam rodzicom o wypisaniu swoich dzieci z lekcji tzw, edukacji zdrowotnej. Termin jest do 25 wrze\u015bnia. Przedmiot jest narzucony dzieciom od klasy IV do klasy III szko\u0142y \u015bredniej.<\/p>\n<p>Zapraszam wszystkich na codzienn\u0105 msz\u0119 \u015bw. do naszego ko\u015bci.<\/p>\n<p>W \u015brod\u0119 jak zwykle przed msz\u0105 \u015bw. r\u00f3\u017caniec za nasz\u0105 Ojczyzn\u0119 a p\u00f3\u017aniej zapraszam \u00a0na Nowenn\u0119 do Matki Bo\u017ce Nieustaj\u0105cej Pomocy.<\/p>\n<p>Og\u0142aszam zapisy do grona ministrant\u00f3w dla ch\u0142opc\u00f3w i dziewczynek ze szko\u0142y podstawowej z klasy Iv i klas starszych. Mo\u017cna si\u0119 zapisywa\u0107 u mnie\u00a0 i P. Katechety do 15 wrze\u015bnia. Zapisa\u0142o si\u0119 ju\u017c 3 dzieci.<\/p>\n<p>W tym tygodniu w \u015brod\u0119 po wieczornej mszy \u015bw. spotkanie z m\u0142odzie\u017c\u0105 z klasy VIII\u00a0\u00a0\u00a0\u00a0\u00a0\u00a0\u00a0\u00a0\u00a0\u00a0\u00a0\u00a0\u00a0\u00a0\u00a0\u00a0\u00a0 i I szk\u00f3\u0142 \u015brednich. . Rozpoczynamy bezpo\u015brednie przygotowanie do Bierzmowania.<\/p>\n<p>Rodzice dzieci z klasy III zg\u0142osz\u0105 si\u0119 w tym tygodniu do najbli\u017cszej niedzieli w\u0142\u0105cznie po deklaracje, \u017ce dzieci ich pragn\u0105 przyst\u0119powa\u0107 do I Komunii \u015bw. Mo\u017cna to uczyni\u0107 przez ca\u0142y tydzie\u0144 po mszach \u015bw.<\/p>\n<p>Zach\u0119cam do nabywana prasy katolickiej.<\/p>\n<p>B\u00f3g zap\u0142a\u0107 za sprz\u0105tanie ko\u015bcio\u0142a w tym\u00a0 tygodniu. Nast\u0119pne sprz\u0105tanie b\u0119dzie\u00a0 \u00a0w pi\u0105tek \u00a0\u00a0po wieczornej mszy \u015bw. Sprz\u0105taj\u0105 Panie Barbara Michalec Bo\u017cena Dziechciowska Teresa Majdak\u00a0 Dagmara Basik. .. Nie kupujemy kwiat\u00f3w.<\/p>\n<p>Kalendarz liturgiczny<\/p>\n<p>Poniedzia\u0142ek \u00a0\u00a0\u2013 \u015bwi\u0119to Narodzenia Naj\u015bwi\u0119tszej Maryi\u00a0 Panny<\/p>\n<p>Sobota \u2013 wsp. \u015bw. Jana Chryzostoma biskupa i Doktora Ko\u015bcio\u0142a<\/p>\n","protected":false},"excerpt":{"rendered":"<p>Krzy\u017cowa 7. IX. 2025r \u00a0\u00a0XXIII NIEDZIELA ZWYK\u0141A Dzi\u015b Przypada I niedziela wrze\u015bnia . Pan Andrzej G\u00f3ra przewodnicz\u0105cy Rady Duszpasterskiej z\u0142o\u017cy dzisiaj na ka\u017cdej mszy \u015bw. sprawozdanie finansowe z tegorocznych zbi\u00f3rek na prace przy cmentarzu. Przypominam rodzicom o wypisaniu swoich dzieci z lekcji tzw, edukacji zdrowotnej. Termin jest do 25 wrze\u015bnia. Przedmiot jest narzucony dzieciom od [&hellip;]<\/p>\n","protected":false},"author":3,"featured_media":0,"comment_status":"closed","ping_status":"closed","sticky":false,"template":"","format":"standard","meta":{"ngg_post_thumbnail":0,"footnotes":""},"categories":[3],"tags":[],"class_list":["post-4422","post","type-post","status-publish","format-standard","hentry","category-ogloszenia"],"aioseo_notices":[],"_links":{"self":[{"href":"https:\/\/parafiakrzyzowa.pl\/index.php?rest_route=\/wp\/v2\/posts\/4422","targetHints":{"allow":["GET"]}}],"collection":[{"href":"https:\/\/parafiakrzyzowa.pl\/index.php?rest_route=\/wp\/v2\/posts"}],"about":[{"href":"https:\/\/parafiakrzyzowa.pl\/index.php?rest_route=\/wp\/v2\/types\/post"}],"author":[{"embeddable":true,"href":"https:\/\/parafiakrzyzowa.pl\/index.php?rest_route=\/wp\/v2\/users\/3"}],"replies":[{"embeddable":true,"href":"https:\/\/parafiakrzyzowa.pl\/index.php?rest_route=%2Fwp%2Fv2%2Fcomments&post=4422"}],"version-history":[{"count":2,"href":"https:\/\/parafiakrzyzowa.pl\/index.php?rest_route=\/wp\/v2\/posts\/4422\/revisions"}],"predecessor-version":[{"id":4424,"href":"https:\/\/parafiakrzyzowa.pl\/index.php?rest_route=\/wp\/v2\/posts\/4422\/revisions\/4424"}],"wp:attachment":[{"href":"https:\/\/parafiakrzyzowa.pl\/index.php?rest_route=%2Fwp%2Fv2%2Fmedia&parent=4422"}],"wp:term":[{"taxonomy":"category","embeddable":true,"href":"https:\/\/parafiakrzyzowa.pl\/index.php?rest_route=%2Fwp%2Fv2%2Fcategories&post=4422"},{"taxonomy":"post_tag","embeddable":true,"href":"https:\/\/parafiakrzyzowa.pl\/index.php?rest_route=%2Fwp%2Fv2%2Ftags&post=4422"}],"curies":[{"name":"wp","href":"https:\/\/api.w.org\/{rel}","templated":true}]}}