{"id":4427,"date":"2025-09-06T05:24:02","date_gmt":"2025-09-06T05:24:02","guid":{"rendered":"https:\/\/parafiakrzyzowa.pl\/?p=4427"},"modified":"2025-09-06T05:24:32","modified_gmt":"2025-09-06T05:24:32","slug":"4427","status":"publish","type":"post","link":"https:\/\/parafiakrzyzowa.pl\/?p=4427","title":{"rendered":""},"content":{"rendered":"<p><strong><u>INTENCJE MSZY \u015aWI\u0118TYCH<\/u><\/strong><\/p>\n<p><strong><u>NIEDZIELA 7.IX. 2025r.<\/u><\/strong><\/p>\n<p>Godz. 8.00 &#8211;\u00a0 ++ Maria i Franciszek Michalec i Czes\u0142aw Z\u0105bek<\/p>\n<p>Godz.10\u00a0\u00a0\u00a0 \u00a0&#8211; \u00a0\u00a0\u00a0+ Tadeusz Kami\u0144ski<\/p>\n<p>&#8211;\u00a0\u00a0\u00a0\u00a0\u00a0\u00a0 O zdrowie i b\u0142. Bo\u017ce dla Franciszka Mrowca i jego rodziny<\/p>\n<p>Godz. 18\u00a0\u00a0\u00a0 &#8211; \u00a0\u00a0\u00a0\u00a0+ Cecylia Kami\u0144ska w 13r. \u015bmierci<\/p>\n<p><strong><u>PONIEDZIA\u0141EK\u00a0 8.IX. 2025r.<\/u><\/strong><\/p>\n<p>Godz. 18\u00a0\u00a0\u00a0 &#8211;\u00a0 \u00a0++ Maria Basik w 18r. \u015bmierci m\u0105\u017c Karol<\/p>\n<p><strong><u>\u00a0<\/u><\/strong><\/p>\n<p><strong><u>\u00a0WTOREK 9.IX 2025r.<\/u><\/strong><\/p>\n<p>Godz. 7:00\u00a0 &#8211;\u00a0\u00a0 \u00a0\u00a0\u00a0\u00a0\u00a0W intencji Parafii<\/p>\n<p><strong><u>\u00a0<\/u><\/strong><\/p>\n<p><strong><u>\u00a0\u015aRODA\u00a0 10.IX. 2025r.<\/u><\/strong><\/p>\n<p>Godz. 18\u00a0\u00a0\u00a0 &#8211; \u00a0\u00a0\u00a0\u00a0\u00a0+ Stanis\u0142aw J\u0119drzejas<\/p>\n<p><strong><u>\u00a0<\/u><\/strong><\/p>\n<p><strong><u>CZWARTEK\u00a0 11.IX. 2025r.<\/u><\/strong><\/p>\n<p><strong><u>\u00a0<\/u><\/strong><\/p>\n<p>Godz. 7:00 &#8211; \u00a0\u00a0\u00a0\u00a0\u00a0+ Maria Walig\u00f3ra z Lipowej<\/p>\n<p><strong><u>\u00a0PI\u0104TEK\u00a0 12.IX. 2025r.<\/u><\/strong><\/p>\n<p>Godz. 18\u00a0\u00a0\u00a0 &#8211;\u00a0 \u00a0++ J\u00f3zef Kami\u0144ski w 10r. \u015bmierci \u017cona Maria<\/p>\n<p><strong><u>\u00a0SOBOTA 13.IX. 2025r.<\/u><\/strong><\/p>\n<p><strong><u>\u00a0<\/u><\/strong><\/p>\n<p>Godz. 18\u00a0\u00a0\u00a0 \u00a0&#8211;\u00a0 \u00a0\u00a0\u00a0+ Mieczys\u0142aw Lesiak w 13r. \u015bmierci<\/p>\n<p><strong><u>\u00a0<\/u><\/strong><\/p>\n<p><strong><u>NIEDZIELA 14.IX. 2025r.<\/u><\/strong><\/p>\n<p>Godz.8:00 \u00a0&#8211; \u00a0++\u00a0 Rozalia Pluta w 38r. \u015bmierci m\u0105\u017c Karol<\/p>\n<p>Godz.10:00 &#8211;\u00a0 \u00a0+\u00a0\u00a0 Janina\u00a0 Kami\u0144ska w 32r. \u015bmierci<\/p>\n<p>Godz. 18 \u00a0\u00a0\u00a0&#8211;\u00a0 ++\u00a0 Jan Gawlas i rodzice W\u0142adys\u0142aw i Aniela<\/p>\n","protected":false},"excerpt":{"rendered":"<p>INTENCJE MSZY \u015aWI\u0118TYCH NIEDZIELA 7.IX. 2025r. Godz. 8.00 &#8211;\u00a0 ++ Maria i Franciszek Michalec i Czes\u0142aw Z\u0105bek Godz.10\u00a0\u00a0\u00a0 \u00a0&#8211; \u00a0\u00a0\u00a0+ Tadeusz Kami\u0144ski &#8211;\u00a0\u00a0\u00a0\u00a0\u00a0\u00a0 O zdrowie i b\u0142. Bo\u017ce dla Franciszka Mrowca i jego rodziny Godz. 18\u00a0\u00a0\u00a0 &#8211; \u00a0\u00a0\u00a0\u00a0+ Cecylia Kami\u0144ska w 13r. \u015bmierci PONIEDZIA\u0141EK\u00a0 8.IX. 2025r. Godz. 18\u00a0\u00a0\u00a0 &#8211;\u00a0 \u00a0++ Maria Basik w 18r. \u015bmierci [&hellip;]<\/p>\n","protected":false},"author":3,"featured_media":0,"comment_status":"closed","ping_status":"closed","sticky":false,"template":"","format":"standard","meta":{"ngg_post_thumbnail":0,"footnotes":""},"categories":[7],"tags":[],"class_list":["post-4427","post","type-post","status-publish","format-standard","hentry","category-intencje"],"aioseo_notices":[],"_links":{"self":[{"href":"https:\/\/parafiakrzyzowa.pl\/index.php?rest_route=\/wp\/v2\/posts\/4427","targetHints":{"allow":["GET"]}}],"collection":[{"href":"https:\/\/parafiakrzyzowa.pl\/index.php?rest_route=\/wp\/v2\/posts"}],"about":[{"href":"https:\/\/parafiakrzyzowa.pl\/index.php?rest_route=\/wp\/v2\/types\/post"}],"author":[{"embeddable":true,"href":"https:\/\/parafiakrzyzowa.pl\/index.php?rest_route=\/wp\/v2\/users\/3"}],"replies":[{"embeddable":true,"href":"https:\/\/parafiakrzyzowa.pl\/index.php?rest_route=%2Fwp%2Fv2%2Fcomments&post=4427"}],"version-history":[{"count":2,"href":"https:\/\/parafiakrzyzowa.pl\/index.php?rest_route=\/wp\/v2\/posts\/4427\/revisions"}],"predecessor-version":[{"id":4429,"href":"https:\/\/parafiakrzyzowa.pl\/index.php?rest_route=\/wp\/v2\/posts\/4427\/revisions\/4429"}],"wp:attachment":[{"href":"https:\/\/parafiakrzyzowa.pl\/index.php?rest_route=%2Fwp%2Fv2%2Fmedia&parent=4427"}],"wp:term":[{"taxonomy":"category","embeddable":true,"href":"https:\/\/parafiakrzyzowa.pl\/index.php?rest_route=%2Fwp%2Fv2%2Fcategories&post=4427"},{"taxonomy":"post_tag","embeddable":true,"href":"https:\/\/parafiakrzyzowa.pl\/index.php?rest_route=%2Fwp%2Fv2%2Ftags&post=4427"}],"curies":[{"name":"wp","href":"https:\/\/api.w.org\/{rel}","templated":true}]}}