{"id":4471,"date":"2025-10-18T11:28:50","date_gmt":"2025-10-18T11:28:50","guid":{"rendered":"https:\/\/parafiakrzyzowa.pl\/?p=4471"},"modified":"2025-10-18T11:29:59","modified_gmt":"2025-10-18T11:29:59","slug":"4471","status":"publish","type":"post","link":"https:\/\/parafiakrzyzowa.pl\/?p=4471","title":{"rendered":""},"content":{"rendered":"<p class=\"MsoNormal\" style=\"tab-stops: 150.0pt;\"><span style=\"font-size: 14.0pt;\"><span style=\"mso-spacerun: yes;\">\u00a0\u00a0\u00a0\u00a0\u00a0\u00a0\u00a0\u00a0\u00a0\u00a0\u00a0\u00a0\u00a0\u00a0\u00a0\u00a0\u00a0\u00a0\u00a0\u00a0\u00a0\u00a0\u00a0\u00a0\u00a0\u00a0\u00a0\u00a0\u00a0\u00a0\u00a0\u00a0\u00a0\u00a0\u00a0\u00a0\u00a0\u00a0\u00a0\u00a0\u00a0\u00a0\u00a0\u00a0\u00a0\u00a0\u00a0\u00a0\u00a0\u00a0\u00a0\u00a0\u00a0\u00a0\u00a0\u00a0\u00a0\u00a0\u00a0\u00a0\u00a0\u00a0\u00a0\u00a0\u00a0\u00a0\u00a0\u00a0\u00a0\u00a0\u00a0\u00a0\u00a0\u00a0\u00a0\u00a0\u00a0\u00a0\u00a0\u00a0\u00a0\u00a0\u00a0\u00a0\u00a0\u00a0\u00a0\u00a0\u00a0\u00a0\u00a0\u00a0\u00a0\u00a0\u00a0\u00a0\u00a0\u00a0\u00a0\u00a0\u00a0\u00a0\u00a0\u00a0\u00a0\u00a0\u00a0\u00a0\u00a0\u00a0\u00a0\u00a0\u00a0\u00a0\u00a0\u00a0\u00a0 <\/span>Krzy\u017cowa 12. X. 2025r<\/span><\/p>\n<p class=\"MsoNormal\" style=\"tab-stops: 150.0pt;\"><span style=\"font-size: 14.0pt;\">\u00a0<\/span><\/p>\n<p class=\"MsoNormal\" style=\"text-align: justify; tab-stops: 150.0pt;\"><span style=\"font-size: 14.0pt;\"><span style=\"mso-spacerun: yes;\">\u00a0\u00a0\u00a0\u00a0\u00a0\u00a0\u00a0\u00a0\u00a0\u00a0\u00a0\u00a0\u00a0\u00a0\u00a0\u00a0 <\/span><span style=\"mso-spacerun: yes;\">\u00a0\u00a0\u00a0\u00a0\u00a0\u00a0\u00a0\u00a0\u00a0\u00a0\u00a0\u00a0\u00a0\u00a0\u00a0\u00a0<\/span><span style=\"mso-spacerun: yes;\">\u00a0\u00a0<\/span><span style=\"mso-spacerun: yes;\">\u00a0<\/span><\/span><b style=\"mso-bidi-font-weight: normal;\"><u><span style=\"font-size: 20.0pt; color: red;\">XXVIII NIEDZIELA ZWYKA<\/span><\/u><\/b><\/p>\n<p class=\"MsoNormal\"><span style=\"font-size: 16.0pt;\">\u00a0<\/span><\/p>\n<p class=\"MsoNormal\"><span style=\"font-size: 16.0pt;\">\u00a0<\/span><\/p>\n<p class=\"MsoNormal\"><span style=\"font-size: 16.0pt;\">\u00a0<\/span><\/p>\n<p class=\"MsoNormal\"><span style=\"font-size: 16.0pt;\">\u00a0<\/span><\/p>\n<p class=\"MsoNormal\"><span style=\"font-size: 16.0pt;\">Jeszcze dzisiaj o godz. 17:30 modlitwa r\u00f3\u017ca\u0144cowa. Bardzo serdecznie zapraszam.<\/span><\/p>\n<p class=\"MsoNormal\"><span style=\"font-size: 16.0pt;\">\u00a0<\/span><\/p>\n<p class=\"MsoNormal\"><span style=\"font-size: 16.0pt;\">Na stoliku przed Obrazem Pana Jezusa Mi\u0142osiernego s\u0105 karteczki na wypominki . Du\u017ce karteczki n jednorazowe a ma\u0142e na wypominki roczne. Mo\u017cna zabra\u0107 do dom\u00f3w<span style=\"mso-spacerun: yes;\">\u00a0 <\/span>napisa\u0107 wyra\u017anie<span style=\"mso-spacerun: yes;\">\u00a0 <\/span>imiona i nazwiska zmar\u0142ych z rodziny. <\/span><\/p>\n<p class=\"MsoNormal\"><span style=\"font-size: 16.0pt;\">\u00a0<\/span><\/p>\n<p class=\"MsoNormal\"><span style=\"font-size: 16.0pt;\">W tym tygodniu modlitw\u0119 r\u00f3\u017ca\u0144cow\u0105<span style=\"mso-spacerun: yes;\">\u00a0 <\/span>poprowadz\u0105 . W poniedzia\u0142ek Ko\u0142o Gospody\u0144 Wiejskich z Krzy\u017c\u00f3wek <span style=\"mso-spacerun: yes;\">\u00a0\u00a0<\/span>wtorek Rada Duszpasterska<span style=\"mso-spacerun: yes;\">\u00a0 <\/span>\u015broda Stra\u017cacy z Krzy\u017cowej i Krzy\u017c\u00f3wek czwartek<span style=\"mso-spacerun: yes;\">\u00a0 <\/span>kl. II<span style=\"mso-spacerun: yes;\">\u00a0 <\/span>pi\u0105tek \u2013 kl. III<span style=\"mso-spacerun: yes;\">\u00a0\u00a0 <\/span>sobota kl. IV.<\/span><\/p>\n<p class=\"MsoNormal\"><span style=\"font-size: 16.0pt;\">\u00a0<\/span><\/p>\n<p class=\"MsoNormal\"><span style=\"font-size: 16.0pt;\">Zapraszam cala parafi\u0119 na r\u00f3\u017caniec , parafian z Krzy\u017c\u00f3wek o 17 przy kaplicy.<span style=\"mso-spacerun: yes;\">\u00a0 <\/span><\/span><\/p>\n<p class=\"MsoNormal\"><span style=\"font-size: 16.0pt;\">\u00a0<\/span><\/p>\n<p class=\"MsoNormal\"><span style=\"font-size: 16.0pt;\">Zach\u0119cam r\u00f3wnie\u017c do modlitwy rodzinnej r\u00f3\u017ca\u0144cowej kt\u00f3ra jednoczy i umacnia wi\u0119zy rodzinne.<\/span><\/p>\n<p class=\"MsoNormal\"><span style=\"font-size: 16.0pt;\">\u00a0<\/span><\/p>\n<p class=\"MsoNormal\"><span style=\"font-size: 16.0pt;\">Zach\u0119cam do nabywania prasy katolickiej .<\/span><\/p>\n<p class=\"MsoNormal\"><span style=\"font-size: 16.0pt;\">\u00a0<\/span><\/p>\n<p class=\"MsoNormal\"><span style=\"font-size: 16.0pt;\">Dzisiaj w Ko\u015bciele w Polsce<span style=\"mso-spacerun: yes;\">\u00a0 <\/span>jest liczenie wiernych..<\/span><\/p>\n<p class=\"MsoNormal\"><span style=\"font-size: 16.0pt;\">\u00a0<\/span><\/p>\n<p class=\"MsoNormal\"><span style=\"font-size: 16.0pt;\">Dzi\u0119kuj\u0119 za ofiary na syryjsk\u0105 rodzin\u0119 z Aleppo.<\/span><\/p>\n<p class=\"MsoNormal\"><span style=\"font-size: 16.0pt;\">\u00a0<\/span><\/p>\n<p class=\"MsoNormal\"><span style=\"font-size: 16.0pt;\">Dzi\u0119kuj\u0119 za sprz\u0105tanie ko\u015bcio\u0142a<span style=\"mso-spacerun: yes;\">\u00a0 <\/span>w tym tygodniu. Nast\u0119pne sprz\u0105tanie b\u0119dzie w pi\u0105tek po wieczornej mszy \u015bw. i r\u00f3\u017ca\u0144cu. Sprz\u0105taj\u0105 Panie: El\u017cbieta Lach Daria Gawlas<span style=\"mso-spacerun: yes;\">\u00a0\u00a0\u00a0\u00a0\u00a0\u00a0\u00a0\u00a0\u00a0\u00a0\u00a0\u00a0\u00a0\u00a0\u00a0 <\/span>Justyna Cwajna i Karolina Hernas<\/span><\/p>\n<p class=\"MsoNormal\"><span style=\"font-size: 16.0pt;\">\u00a0<\/span><\/p>\n<p class=\"MsoNormal\"><span style=\"font-size: 16.0pt;\"><span style=\"mso-spacerun: yes;\">\u00a0<\/span>Spotkania:<span style=\"mso-spacerun: yes;\">\u00a0 <\/span>Poniedzia\u0142ek o godz. 16 z kandydatami na ministrant\u00f3w.\u015broda <span style=\"mso-spacerun: yes;\">\u00a0<\/span>o 16 <span style=\"mso-spacerun: yes;\">\u00a0<\/span>z dzie\u0107mi klasy III komunijnymi. <\/span><\/p>\n<p class=\"MsoNormal\"><span style=\"font-size: 16.0pt;\">\u00a0<\/span><\/p>\n<p class=\"MsoNormal\"><span style=\"font-size: 16.0pt;\">W pi\u0105tek I grupa kandydat\u00f3w do Bierzmowania.<\/span><\/p>\n<p class=\"MsoNormal\"><span style=\"font-size: 16.0pt;\">\u00a0<\/span><\/p>\n<p class=\"MsoNormal\"><span style=\"font-size: 16.0pt;\"><span style=\"mso-spacerun: yes;\">\u00a0\u00a0\u00a0\u00a0\u00a0\u00a0\u00a0\u00a0\u00a0\u00a0\u00a0\u00a0\u00a0\u00a0\u00a0\u00a0\u00a0\u00a0\u00a0\u00a0\u00a0\u00a0\u00a0\u00a0\u00a0\u00a0\u00a0\u00a0\u00a0\u00a0\u00a0\u00a0\u00a0\u00a0\u00a0\u00a0\u00a0\u00a0\u00a0\u00a0\u00a0\u00a0\u00a0\u00a0\u00a0\u00a0\u00a0\u00a0\u00a0 <\/span>Kalendarz liturgiczny<\/span><\/p>\n<p class=\"MsoNormal\"><span style=\"font-size: 16.0pt;\">\u00a0<\/span><\/p>\n<p class=\"MsoNormal\"><span style=\"font-size: 16.0pt;\">Poniedzia\u0142ek \u2013 wsp. \u015bw. Jana Kantego kap\u0142ana <\/span><\/p>\n<p class=\"MsoNormal\"><span style=\"font-size: 16.0pt;\">\u015aroda \u2013 wsp. \u015bw. Jana Paw\u0142a II papie\u017ca<\/span><\/p>\n<p class=\"MsoNormal\"><span style=\"font-size: 16.0pt;\">\u00a0<\/span><\/p>\n<p class=\"MsoNormal\"><span style=\"font-size: 16.0pt;\">\u00a0<\/span><\/p>\n","protected":false},"excerpt":{"rendered":"<p>\u00a0\u00a0\u00a0\u00a0\u00a0\u00a0\u00a0\u00a0\u00a0\u00a0\u00a0\u00a0\u00a0\u00a0\u00a0\u00a0\u00a0\u00a0\u00a0\u00a0\u00a0\u00a0\u00a0\u00a0\u00a0\u00a0\u00a0\u00a0\u00a0\u00a0\u00a0\u00a0\u00a0\u00a0\u00a0\u00a0\u00a0\u00a0\u00a0\u00a0\u00a0\u00a0\u00a0\u00a0\u00a0\u00a0\u00a0\u00a0\u00a0\u00a0\u00a0\u00a0\u00a0\u00a0\u00a0\u00a0\u00a0\u00a0\u00a0\u00a0\u00a0\u00a0\u00a0\u00a0\u00a0\u00a0\u00a0\u00a0\u00a0\u00a0\u00a0\u00a0\u00a0\u00a0\u00a0\u00a0\u00a0\u00a0\u00a0\u00a0\u00a0\u00a0\u00a0\u00a0\u00a0\u00a0\u00a0\u00a0\u00a0\u00a0\u00a0\u00a0\u00a0\u00a0\u00a0\u00a0\u00a0\u00a0\u00a0\u00a0\u00a0\u00a0\u00a0\u00a0\u00a0\u00a0\u00a0\u00a0\u00a0\u00a0\u00a0\u00a0\u00a0\u00a0\u00a0\u00a0\u00a0 Krzy\u017cowa 12. X. 2025r \u00a0 \u00a0\u00a0\u00a0\u00a0\u00a0\u00a0\u00a0\u00a0\u00a0\u00a0\u00a0\u00a0\u00a0\u00a0\u00a0\u00a0 \u00a0\u00a0\u00a0\u00a0\u00a0\u00a0\u00a0\u00a0\u00a0\u00a0\u00a0\u00a0\u00a0\u00a0\u00a0\u00a0\u00a0\u00a0\u00a0XXVIII NIEDZIELA ZWYKA \u00a0 \u00a0 \u00a0 \u00a0 Jeszcze dzisiaj o godz. 17:30 modlitwa r\u00f3\u017ca\u0144cowa. Bardzo serdecznie zapraszam. \u00a0 Na stoliku przed Obrazem Pana Jezusa Mi\u0142osiernego s\u0105 karteczki na wypominki . Du\u017ce karteczki n jednorazowe a ma\u0142e na wypominki roczne. Mo\u017cna zabra\u0107 do dom\u00f3w\u00a0 napisa\u0107 wyra\u017anie\u00a0 imiona i nazwiska [&hellip;]<\/p>\n","protected":false},"author":3,"featured_media":0,"comment_status":"closed","ping_status":"closed","sticky":false,"template":"","format":"standard","meta":{"ngg_post_thumbnail":0,"footnotes":""},"categories":[3],"tags":[],"class_list":["post-4471","post","type-post","status-publish","format-standard","hentry","category-ogloszenia"],"aioseo_notices":[],"_links":{"self":[{"href":"https:\/\/parafiakrzyzowa.pl\/index.php?rest_route=\/wp\/v2\/posts\/4471","targetHints":{"allow":["GET"]}}],"collection":[{"href":"https:\/\/parafiakrzyzowa.pl\/index.php?rest_route=\/wp\/v2\/posts"}],"about":[{"href":"https:\/\/parafiakrzyzowa.pl\/index.php?rest_route=\/wp\/v2\/types\/post"}],"author":[{"embeddable":true,"href":"https:\/\/parafiakrzyzowa.pl\/index.php?rest_route=\/wp\/v2\/users\/3"}],"replies":[{"embeddable":true,"href":"https:\/\/parafiakrzyzowa.pl\/index.php?rest_route=%2Fwp%2Fv2%2Fcomments&post=4471"}],"version-history":[{"count":1,"href":"https:\/\/parafiakrzyzowa.pl\/index.php?rest_route=\/wp\/v2\/posts\/4471\/revisions"}],"predecessor-version":[{"id":4472,"href":"https:\/\/parafiakrzyzowa.pl\/index.php?rest_route=\/wp\/v2\/posts\/4471\/revisions\/4472"}],"wp:attachment":[{"href":"https:\/\/parafiakrzyzowa.pl\/index.php?rest_route=%2Fwp%2Fv2%2Fmedia&parent=4471"}],"wp:term":[{"taxonomy":"category","embeddable":true,"href":"https:\/\/parafiakrzyzowa.pl\/index.php?rest_route=%2Fwp%2Fv2%2Fcategories&post=4471"},{"taxonomy":"post_tag","embeddable":true,"href":"https:\/\/parafiakrzyzowa.pl\/index.php?rest_route=%2Fwp%2Fv2%2Ftags&post=4471"}],"curies":[{"name":"wp","href":"https:\/\/api.w.org\/{rel}","templated":true}]}}