{"id":448,"date":"2016-04-07T17:25:09","date_gmt":"2016-04-07T17:25:09","guid":{"rendered":"http:\/\/mscieszka.nazwa.pl\/parafiakrzyzowa\/?p=448"},"modified":"2016-04-07T17:25:26","modified_gmt":"2016-04-07T17:25:26","slug":"448","status":"publish","type":"post","link":"https:\/\/parafiakrzyzowa.pl\/?p=448","title":{"rendered":""},"content":{"rendered":"<p><strong><u>INTENCJE\u00a0 MSZY \u00a0\u015aWI\u0118TYCH<\/u><\/strong><\/p>\n<p><strong><u>NIEDZIELA 10.IV. 2016r.<\/u><\/strong><\/p>\n<p>Godz. 8:00 &#8211;\u00a0\u00a0 + Maria Michalec w 10r. \u015bmierci<\/p>\n<p>Godz. 11\u00a0\u00a0 \u00a0&#8211; ++ Karol Basik w 28r. \u015bmierci \u017cona Maria<\/p>\n<p>Godz. 18\u00a0 \u00a0\u00a0&#8211;\u00a0\u00a0 + Maria Kami\u0144ska w 1r. \u015bmierci<\/p>\n<p><strong><u>PONIEDZIA\u0141EK\u00a0 11. IV. 2016r.<\/u><\/strong><\/p>\n<p>Godz. 18\u00a0\u00a0\u00a0 &#8211; \u00a0\u00a0\u00a0+ J\u00f3zefa Malinowska<\/p>\n<p><strong><u>WTOREK<\/u><\/strong><strong><u> 12.IV.2016r.<\/u><\/strong><\/p>\n<p>Godz. 7:00 &#8211; \u00a0\u00a0\u00a0\u00a0\u00a0\u00a0\u00a0W pewnej intencji<\/p>\n<p><strong><u>\u015aRODA 13. IV. 2016r.<\/u><\/strong><\/p>\n<p>Godz. 18\u00a0\u00a0\u00a0\u00a0 &#8211; ++ Jan G\u00f3ra w 8r. \u015bmierci i rodzice Maria i Franciszek<\/p>\n<p><strong><u>CZWARTEK 14.IV. 2016r.<\/u><\/strong><\/p>\n<p>Godz. 7:00 \u00a0&#8211; \u00a0+ Genowefa S\u0142apa<\/p>\n<p><strong><u>\u00a0PI\u0104TEK 15 .IV. 2016r.<\/u><\/strong><\/p>\n<p>Godz.18\u00a0\u00a0\u00a0 &#8211;\u00a0 \u00a0\u00a0\u00a0\u00a0\u00a0Do Bo\u017cego Mi\u0142osierdzia<\/p>\n<p><strong><u>\u00a0SOBOTA 16. IV. 2016r.<\/u><\/strong><\/p>\n<p>Godz.18\u00a0 \u00a0\u00a0\u00a0&#8211;\u00a0 \u00a0\u00a0\u00a0\u00a0\u00a0O zdrowie i b\u0142. Bo\u017ce dla Dominiki J\u0119drzejas w 18r. urodzin<\/p>\n<p><strong><u>NIEDZIELA 17. IV 2016r.<\/u><\/strong><\/p>\n<p>&nbsp;<\/p>\n<p>Godz.8:00 &#8211; \u00a0\u00a0\u00a0\u00a0+ J\u00f3zef Jurasz w 10r. \u015bmierci<\/p>\n<p>Godz.11 \u00a0\u00a0\u00a0&#8211; \u00a0\u00a0\u00a0\u00a0\u00a0\u00a0\u00a0\u00a0O zdrowie i b\u0142. Bo\u017ce dla Bogumi\u0142y i Stanis\u0142awa Chmura i ich dzieci<\/p>\n<p>Godz.18\u00a0 \u00a0\u00a0&#8211;\u00a0\u00a0\u00a0 ++ Bronis\u0142aw J\u0119drzejas w 17r. \u015bmierci i \u017cona Wiktoria<\/p>\n","protected":false},"excerpt":{"rendered":"<p>INTENCJE\u00a0 MSZY \u00a0\u015aWI\u0118TYCH NIEDZIELA 10.IV. 2016r. Godz. 8:00 &#8211;\u00a0\u00a0 + Maria Michalec w 10r. \u015bmierci Godz. 11\u00a0\u00a0 \u00a0&#8211; ++ Karol Basik w 28r. \u015bmierci \u017cona Maria Godz. 18\u00a0 \u00a0\u00a0&#8211;\u00a0\u00a0 + Maria Kami\u0144ska w 1r. \u015bmierci PONIEDZIA\u0141EK\u00a0 11. IV. 2016r. Godz. 18\u00a0\u00a0\u00a0 &#8211; \u00a0\u00a0\u00a0+ J\u00f3zefa Malinowska WTOREK 12.IV.2016r. Godz. 7:00 &#8211; \u00a0\u00a0\u00a0\u00a0\u00a0\u00a0\u00a0W pewnej intencji \u015aRODA 13. [&hellip;]<\/p>\n","protected":false},"author":3,"featured_media":0,"comment_status":"closed","ping_status":"open","sticky":false,"template":"","format":"standard","meta":{"ngg_post_thumbnail":0,"footnotes":""},"categories":[7],"tags":[],"class_list":["post-448","post","type-post","status-publish","format-standard","hentry","category-intencje"],"aioseo_notices":[],"_links":{"self":[{"href":"https:\/\/parafiakrzyzowa.pl\/index.php?rest_route=\/wp\/v2\/posts\/448","targetHints":{"allow":["GET"]}}],"collection":[{"href":"https:\/\/parafiakrzyzowa.pl\/index.php?rest_route=\/wp\/v2\/posts"}],"about":[{"href":"https:\/\/parafiakrzyzowa.pl\/index.php?rest_route=\/wp\/v2\/types\/post"}],"author":[{"embeddable":true,"href":"https:\/\/parafiakrzyzowa.pl\/index.php?rest_route=\/wp\/v2\/users\/3"}],"replies":[{"embeddable":true,"href":"https:\/\/parafiakrzyzowa.pl\/index.php?rest_route=%2Fwp%2Fv2%2Fcomments&post=448"}],"version-history":[{"count":1,"href":"https:\/\/parafiakrzyzowa.pl\/index.php?rest_route=\/wp\/v2\/posts\/448\/revisions"}],"predecessor-version":[{"id":449,"href":"https:\/\/parafiakrzyzowa.pl\/index.php?rest_route=\/wp\/v2\/posts\/448\/revisions\/449"}],"wp:attachment":[{"href":"https:\/\/parafiakrzyzowa.pl\/index.php?rest_route=%2Fwp%2Fv2%2Fmedia&parent=448"}],"wp:term":[{"taxonomy":"category","embeddable":true,"href":"https:\/\/parafiakrzyzowa.pl\/index.php?rest_route=%2Fwp%2Fv2%2Fcategories&post=448"},{"taxonomy":"post_tag","embeddable":true,"href":"https:\/\/parafiakrzyzowa.pl\/index.php?rest_route=%2Fwp%2Fv2%2Ftags&post=448"}],"curies":[{"name":"wp","href":"https:\/\/api.w.org\/{rel}","templated":true}]}}