{"id":4489,"date":"2025-10-31T14:13:18","date_gmt":"2025-10-31T14:13:18","guid":{"rendered":"https:\/\/parafiakrzyzowa.pl\/?p=4489"},"modified":"2025-10-31T14:13:33","modified_gmt":"2025-10-31T14:13:33","slug":"4489","status":"publish","type":"post","link":"https:\/\/parafiakrzyzowa.pl\/?p=4489","title":{"rendered":""},"content":{"rendered":"<p>Krzy\u017cowa 2. XI. 2025r<\/p>\n<p><strong><u>\u00a0DZIE\u0143\u00a0 ZADUSZNY<\/u><\/strong><\/p>\n<p>W dzisiejsz\u0105 niedziel\u0119 prze\u017cywamy wspomnienie Wszystkich Wiernych zmar\u0142ych czyli Dzie\u0144 Zaduszny. Modlimy si\u0119 za dusze w czy\u015b\u0107cu cierpi\u0105ce o ofiarujemy za nie nasze odpusty kt\u00f3re mo\u017cemy zyskiwa\u0107 pod zwyk\u0142ymi warunkami przez kolejne 8 dni. Msze \u015bw. s\u0105 w porz\u0105dku niedzielny. Przed ka\u017cd\u0105 msz\u0105 \u015bw. czytamy wypominki i modlimy si\u0119 za zmar\u0142ych.<\/p>\n<p>Z racji I\u00a0 niedzieli miesi\u0105ca po ka\u017cdej mszy \u015bw. adoracja Pana Jezusa w Naj\u015bwi\u0119tszym Sakramencie.<\/p>\n<p>Od najbli\u017cszej niedzieli b\u0119d\u0119 czyta\u0142 ju\u017c nowe wypominki. Prosz\u0119 zg\u0142asza\u0107 wszelkie pomy\u0142ki kt\u00f3re zauwa\u017cycie.<\/p>\n<p>Zapraszam codziennie do naszego ko\u015bcio\u0142a na msz\u0119 \u015bw. W \u015brod\u0119 przed\u00a0 msz\u0105 \u015bw. r\u00f3\u017caniec i nowenna do Matki Bo\u017cej Nieustaj\u0105cej Pomocy.<\/p>\n<p>W tym tygodniu przypada I czwartek i pi\u0105tek miesi\u0105ca. Spowied\u017a \u015bw. w obydwa dni od 16 do 17. Msza \u015bw. we czwartek o godz. 17.<\/p>\n<p>Wizyta u chorych i senior\u00f3w w pi\u0105tek od godz. 9:00.<\/p>\n<p>W najbli\u017csz\u0105 niedziel\u0119 9 listopada w ramach niedzieli powo\u0142a\u0144 b\u0119dziemy go\u015bci\u0107 w naszym ko\u015bciele kleryka z Krakowskiego Seminarium Duchownego kt\u00f3ry b\u0119dzie g\u0142osi\u0142 s\u0142owo Bo\u017ce i prosi\u0142 o modlitw\u0119 o nowe powo\u0142ania kap\u0142a\u0144skie i zakonne.\u00a0 Po mszy \u015bw. o godz. 10 b\u0119dzie spotkanie z klerykiem naszych ministrant\u00f3w lektor\u00f3w i kandydat\u00f3w do Bierzmowania. Bardzo serdecznie zaprasza. Po ka\u017cdej mszy \u015bw. nasi lektorzy przed ko\u015bcio\u0142em b\u0119d\u0105 zbiera\u0107 ofiary na Seminarium Duchowne w Krakowie gdzie przygotowuj\u0105 si\u0119 do kap\u0142a\u0144stwa nasi klerycy.<\/p>\n<p>Zach\u0119cam do nabywania prasy katolickiej .<\/p>\n<p>W tym tygodniu spotkania : w poniedzia\u0142ek z kandydatami na ministrant\u00f3w o godz. 16 , \u015brod\u0119 o godz. 16 z klas\u0105 III a w pi\u0105tek z kandydatami do Bierzmowania z grup\u0105 II.<\/p>\n<p>Dzi\u0119kuj\u0119 za sprz\u0105tanie ko\u015bcio\u0142a\u00a0 w tym tygodniu. Nast\u0119pne sprz\u0105tanie b\u0119dzie w pi\u0105tek po wieczornej mszy \u015bw. i r\u00f3\u017ca\u0144cu. Sprz\u0105taj\u0105 Panie: Renata Kormaniak Krystyna Sordyl Dorota Nowak i Anna Skrzyp<\/p>\n<p>Kalendarz liturgiczny<\/p>\n<p>Wtorek \u2013\u00a0 wsp. \u015bw. Karola Boromeusza biskupa<\/p>\n","protected":false},"excerpt":{"rendered":"<p>Krzy\u017cowa 2. XI. 2025r \u00a0DZIE\u0143\u00a0 ZADUSZNY W dzisiejsz\u0105 niedziel\u0119 prze\u017cywamy wspomnienie Wszystkich Wiernych zmar\u0142ych czyli Dzie\u0144 Zaduszny. Modlimy si\u0119 za dusze w czy\u015b\u0107cu cierpi\u0105ce o ofiarujemy za nie nasze odpusty kt\u00f3re mo\u017cemy zyskiwa\u0107 pod zwyk\u0142ymi warunkami przez kolejne 8 dni. Msze \u015bw. s\u0105 w porz\u0105dku niedzielny. Przed ka\u017cd\u0105 msz\u0105 \u015bw. czytamy wypominki i modlimy si\u0119 [&hellip;]<\/p>\n","protected":false},"author":3,"featured_media":0,"comment_status":"closed","ping_status":"closed","sticky":false,"template":"","format":"standard","meta":{"ngg_post_thumbnail":0,"footnotes":""},"categories":[3],"tags":[],"class_list":["post-4489","post","type-post","status-publish","format-standard","hentry","category-ogloszenia"],"aioseo_notices":[],"_links":{"self":[{"href":"https:\/\/parafiakrzyzowa.pl\/index.php?rest_route=\/wp\/v2\/posts\/4489","targetHints":{"allow":["GET"]}}],"collection":[{"href":"https:\/\/parafiakrzyzowa.pl\/index.php?rest_route=\/wp\/v2\/posts"}],"about":[{"href":"https:\/\/parafiakrzyzowa.pl\/index.php?rest_route=\/wp\/v2\/types\/post"}],"author":[{"embeddable":true,"href":"https:\/\/parafiakrzyzowa.pl\/index.php?rest_route=\/wp\/v2\/users\/3"}],"replies":[{"embeddable":true,"href":"https:\/\/parafiakrzyzowa.pl\/index.php?rest_route=%2Fwp%2Fv2%2Fcomments&post=4489"}],"version-history":[{"count":2,"href":"https:\/\/parafiakrzyzowa.pl\/index.php?rest_route=\/wp\/v2\/posts\/4489\/revisions"}],"predecessor-version":[{"id":4491,"href":"https:\/\/parafiakrzyzowa.pl\/index.php?rest_route=\/wp\/v2\/posts\/4489\/revisions\/4491"}],"wp:attachment":[{"href":"https:\/\/parafiakrzyzowa.pl\/index.php?rest_route=%2Fwp%2Fv2%2Fmedia&parent=4489"}],"wp:term":[{"taxonomy":"category","embeddable":true,"href":"https:\/\/parafiakrzyzowa.pl\/index.php?rest_route=%2Fwp%2Fv2%2Fcategories&post=4489"},{"taxonomy":"post_tag","embeddable":true,"href":"https:\/\/parafiakrzyzowa.pl\/index.php?rest_route=%2Fwp%2Fv2%2Ftags&post=4489"}],"curies":[{"name":"wp","href":"https:\/\/api.w.org\/{rel}","templated":true}]}}