{"id":451,"date":"2016-04-07T17:33:20","date_gmt":"2016-04-07T17:33:20","guid":{"rendered":"http:\/\/mscieszka.nazwa.pl\/parafiakrzyzowa\/?p=451"},"modified":"2016-04-07T17:33:33","modified_gmt":"2016-04-07T17:33:33","slug":"451","status":"publish","type":"post","link":"https:\/\/parafiakrzyzowa.pl\/?p=451","title":{"rendered":""},"content":{"rendered":"<p>Krzy\u017cowa dn. 10.IV. 2016 r.<\/p>\n<p>&nbsp;<\/p>\n<p><strong>\u00a0<u>\u00a0III NIEDZIELA\u00a0 WIELKANOCNA<\/u><\/strong><\/p>\n<p>&nbsp;<\/p>\n<p>&nbsp;<\/p>\n<p>Trwa peregrynacja Obrazu Pana Jezusa Mi\u0142osiernego w naszych rodzinach. Bardzo serdecznie prosz\u0119 ca\u0142\u0105 parafi\u0119 o wielk\u0105 modlitw\u0119 za te rodziny , kt\u00f3re przyjmuj\u0105 Obraz.<\/p>\n<p>W najbli\u017cszy III pi\u0105tek miesi\u0105ca zapraszam na msz\u0119 \u015bw. o godz. 18 wszystkie rodziny kt\u00f3re ju\u017c przyj\u0119\u0142y Obraz. Mo\u017cna do skarbonki wrzuca\u0107 pro\u015bby podzi\u0119kowania i intencje w kt\u00f3rych b\u0119dzie sprawowana Masza \u015bw. Po mszy \u015bwi\u0119tej b\u0119dzie Koronka do Bo\u017cego Mi\u0142osierdzia i uca\u0142owanie relikwii \u015bw. Faustyny.<\/p>\n<p>W najbli\u017csz\u0105 niedziel\u0119 17 kwietnia rada Duszpasterska i Ekonomiczna b\u0119dzie zbiera\u0142a ofiary na chodnik wok\u00f3\u0142 ko\u015bcio\u0142a i na cmentarz.<\/p>\n<p>Prace rozpoczn\u0105 si\u0119 4 maja i b\u0119d\u0105 trwa\u0142y do ko\u0144ca maja. mam nadzieje , \u017ce na odpust parafialny 5 czerwca b\u0119dziemy odprawia\u0107 procesje ju\u017c po pi\u0119knym chodniku. Prac\u0119 b\u0119dzie wykonywa\u0142a firma JarcoBruk z Ci\u0119ciny.<\/p>\n<p>Najpierw musimy zrobi\u0107 porz\u0105dne odwodnienie ko\u015bcio\u0142a . Ale t\u0119 prac\u0119 r\u00f3wnie\u017c wykona ta firma.<\/p>\n<p>Bardzo dzi\u0119kuj\u0119 K\u00f3\u0142ku Rolniczemu z Krzy\u017cowej za du\u017c\u0105 ofiar\u0119 na prace przy ko\u015bciele.<\/p>\n<p>Zapraszam na codzienn\u0105 msz\u0119 \u015bw. do naszego Ko\u015bcio\u0142a szczeg\u00f3lnie na Nowenn\u0119 do Matki Bo\u017cej Nieustaj\u0105cej Pomocy w \u015brod\u0119. Zapraszam szczeg\u00f3lnie dzieci\u00a0\u00a0\u00a0\u00a0\u00a0\u00a0\u00a0\u00a0\u00a0\u00a0\u00a0 \u00a0\u00a0\u00a0\u00a0\u00a0\u00a0\u00a0\u00a0i m\u0142odzie\u017c .<\/p>\n<p>Zach\u0119cam do nabywania prasy katolickiej.<\/p>\n<p>B\u00f3g zap\u0142a\u0107 za sprz\u0105tanie ko\u015bcio\u0142a w tym tygodniu., Nast\u0119pne sprz\u0105tanie w sobot\u0119\u00a0 o godz. 9:00.<\/p>\n<p>&nbsp;<\/p>\n<p>Spotkanie z dzie\u0107mi z klasy III b\u0119dzie w pi\u0105tek o godz 16:00.<\/p>\n<p>W ostatnim tygodniu odszed\u0142 do wieczno\u015bci \u015bp. J\u00f3zef Dr\u0105g\u00a0\u00a0\u00a0 wieczny odpoczynek racz mu da\u0107 Panie\u2026\u2026\u2026.<\/p>\n<p>&nbsp;<\/p>\n","protected":false},"excerpt":{"rendered":"<p>Krzy\u017cowa dn. 10.IV. 2016 r. &nbsp; \u00a0\u00a0III NIEDZIELA\u00a0 WIELKANOCNA &nbsp; &nbsp; Trwa peregrynacja Obrazu Pana Jezusa Mi\u0142osiernego w naszych rodzinach. Bardzo serdecznie prosz\u0119 ca\u0142\u0105 parafi\u0119 o wielk\u0105 modlitw\u0119 za te rodziny , kt\u00f3re przyjmuj\u0105 Obraz. W najbli\u017cszy III pi\u0105tek miesi\u0105ca zapraszam na msz\u0119 \u015bw. o godz. 18 wszystkie rodziny kt\u00f3re ju\u017c przyj\u0119\u0142y Obraz. Mo\u017cna do [&hellip;]<\/p>\n","protected":false},"author":3,"featured_media":0,"comment_status":"closed","ping_status":"open","sticky":false,"template":"","format":"standard","meta":{"ngg_post_thumbnail":0,"footnotes":""},"categories":[3],"tags":[],"class_list":["post-451","post","type-post","status-publish","format-standard","hentry","category-ogloszenia"],"aioseo_notices":[],"_links":{"self":[{"href":"https:\/\/parafiakrzyzowa.pl\/index.php?rest_route=\/wp\/v2\/posts\/451","targetHints":{"allow":["GET"]}}],"collection":[{"href":"https:\/\/parafiakrzyzowa.pl\/index.php?rest_route=\/wp\/v2\/posts"}],"about":[{"href":"https:\/\/parafiakrzyzowa.pl\/index.php?rest_route=\/wp\/v2\/types\/post"}],"author":[{"embeddable":true,"href":"https:\/\/parafiakrzyzowa.pl\/index.php?rest_route=\/wp\/v2\/users\/3"}],"replies":[{"embeddable":true,"href":"https:\/\/parafiakrzyzowa.pl\/index.php?rest_route=%2Fwp%2Fv2%2Fcomments&post=451"}],"version-history":[{"count":1,"href":"https:\/\/parafiakrzyzowa.pl\/index.php?rest_route=\/wp\/v2\/posts\/451\/revisions"}],"predecessor-version":[{"id":452,"href":"https:\/\/parafiakrzyzowa.pl\/index.php?rest_route=\/wp\/v2\/posts\/451\/revisions\/452"}],"wp:attachment":[{"href":"https:\/\/parafiakrzyzowa.pl\/index.php?rest_route=%2Fwp%2Fv2%2Fmedia&parent=451"}],"wp:term":[{"taxonomy":"category","embeddable":true,"href":"https:\/\/parafiakrzyzowa.pl\/index.php?rest_route=%2Fwp%2Fv2%2Fcategories&post=451"},{"taxonomy":"post_tag","embeddable":true,"href":"https:\/\/parafiakrzyzowa.pl\/index.php?rest_route=%2Fwp%2Fv2%2Ftags&post=451"}],"curies":[{"name":"wp","href":"https:\/\/api.w.org\/{rel}","templated":true}]}}